{"id":99080,"date":"2020-12-24T11:54:34","date_gmt":"2020-12-24T10:54:34","guid":{"rendered":"https:\/\/www.n-news.de\/\/?p=99080"},"modified":"2023-06-22T13:42:03","modified_gmt":"2023-06-22T11:42:03","slug":"der-christmas-garden-verzaubert-stuttgart-auch-in-diesem-winter","status":"publish","type":"post","link":"https:\/\/www.n-news.de\/?p=99080","title":{"rendered":"Der Christmas Garden verzaubert Stuttgart auch in diesem Winter"},"content":{"rendered":"<p>#christmasgardenstuttgart #c2concerts #wilhelma<\/p>\n<p>Umfangreiches COVID-19-Hygienekonzept garantiert besinnliches Open-Air-Erlebnis<\/p>\n<h3>Der Christmas Garden verzaubert Stuttgart auch in diesem Winter<\/h3>\n<p><strong>Stuttgart &#8211; Auch im kommenden Winter wird der Christmas Garden Stuttgart f\u00fcr Begeisterung sorgen! Dank neu konzipiertem Rundweg, unz\u00e4hligen aufwendig illuminierten Installationen und Millionen von Lichtpunkten werden die Besucher auf dem weitl\u00e4ufigen Freigel\u00e4nde der Wilhelma bereits zum dritten Mal in aller Ruhe die Vorfreude auf Weihnachten genie\u00dfen k\u00f6nnen.<\/strong><\/p>\n<p>Vom 13. November 2020 bis zum 10. Januar 2021 l\u00e4dt der Christmas Garden Stuttgart \u2013 durchgef\u00fchrt von C2 Concerts &#8211; unter freiem Himmel t\u00e4glich von 17:00 Uhr bis 22:00 Uhr zum Entdecken und Staunen ein (an den folgenden Tagen ist der Christmas Garden geschlossen: 24.\/31. Dezember 2020). Der Vorverkauf l\u00e4uft ab sofort, so dass man sich bereits Tickets f\u00fcr die Wunsch-Einlasszeiten sichern kann.    <\/p>\n<p>Karten gibt es auf <a href=\"http:\/\/www.christmas-garden.de\" rel=\"noopener noreferrer\" target=\"_blank\">www.christmas-garden.de<\/a>, und allen bekannten Vorverkaufsstellen sowie auf www.myticket.de und unter 01806 &#8211; 777 111 (0,20 EUR\/Anruf aus dem dt. Festnetz \/ max. 0,60 EUR\/Anruf aus dem dt. Mobilfunknetz).<\/p>\n<p><strong>Link zu unserer Foto-Galerie vom vergangenen Jahr: <a href=\"https:\/\/www.n-news.de\/mk\/2019\/11\/16\/christmas-garden-stuttgart\/\" rel=\"noopener noreferrer\" target=\"_blank\">Hier klicken!<\/a><\/strong>\t\u00ad<\/p>\n<p><div id=\"attachment_93907\" style=\"width: 610px\" class=\"wp-caption alignleft\"><img aria-describedby=\"caption-attachment-93907\" loading=\"lazy\" src=\"https:\/\/www.n-news.de\/wp-content\/uploads\/2019\/09\/DS706045cp.jpg\" alt=\"\" width=\"600\" height=\"400\" class=\"size-full wp-image-93907\" srcset=\"https:\/\/www.n-news.de\/wp-content\/uploads\/2019\/09\/DS706045cp.jpg 600w, https:\/\/www.n-news.de\/wp-content\/uploads\/2019\/09\/DS706045cp-300x200.jpg 300w, https:\/\/www.n-news.de\/wp-content\/uploads\/2019\/09\/DS706045cp-240x160.jpg 240w\" sizes=\"(max-width: 600px) 100vw, 600px\" \/><p id=\"caption-attachment-93907\" class=\"wp-caption-text\">Christmas Garden Stuttgart 2018<\/p><\/div>\u00ad\t\u00ad\t\u00ad<br \/>\n\u00ad<br \/>\n<strong>Hygienekonzept wird kontinuierlich an aktuelle Entwicklungen angepasst<\/strong><br \/>\nDie Gesundheit der Besucher und Mitarbeiter steht f\u00fcr die Veranstalter des Christmas Garden Stuttgart an oberster Stelle. So wird bereits zum jetzigen Zeitpunkt ein umfangreiches COVID-19-Hygienekonzept erarbeitet, das sicherstellt, dass die entsprechenden beh\u00f6rdlich vorgeschriebenen Hygienema\u00dfnahmen eingehalten werden. Dieses Hygienekonzept wird im Zeitraum bis zur Er\u00f6ffnung im November kontinuierlich an die aktuellen Entwicklungen angepasst und \u00fcber s\u00e4mtliche offizielle Kan\u00e4le kommuniziert.<\/p>\n<p>Anders als in den vergangenen Jahren sind die Karten nun f\u00fcr halbst\u00fcndig gestaffelte Einlasszeiten erh\u00e4ltlich. Aufgrund der gro\u00dfen Nachfrage bietet der Christmas Garden Stuttgart schon jetzt die M\u00f6glichkeit, sich Karten f\u00fcr die Wunsch-Einlasszeiten zu sichern.<\/p>\n<p>Die Erfahrungen der letzten Jahre haben gezeigt, dass insbesondere die Zeitslots an den Wochenenden und werktags zwischen 17:00 Uhr und 19:30 Uhr sehr gefragt sind. Kinder bis einschlie\u00dflich f\u00fcnf Jahre erhalten kostenlosen Zutritt in den Christmas Garden Stuttgart. Die Kinder ben\u00f6tigen daf\u00fcr ein Gratis-Ticket, damit auch hier die Kontrolle \u00fcber die exakte Anzahl der Besucher gew\u00e4hrleistet werden kann. Weitere Informationen dazu auf <a href=\"http:\/\/www.christmas-garden.de\" rel=\"noopener noreferrer\" target=\"_blank\">www.christmas-garden.de<\/a>.\u00ad\t\u00ad<br \/>\n\u00ad<br \/>\n<strong>Hintergrundinformationen<\/strong>\u00ad<br \/>\n2016 holte die DEAG Deutsche Entertainment AG dieses Erfolgsmodell erstmals nach Deutschland in den Botanischen Garten Berlin. Der renommierte Lichtdesigner Andreas Boehlke zeichnet seit der erfolgreichen Premiere f\u00fcr die kreative Umsetzung verantwortlich und sorgt auch f\u00fcr die k\u00fcnstlerische Gestaltung der weiteren Standorte in Schloss &#038; Park Pillnitz in Dresden (seit 2018), in der Wilhelma in Stuttgart (seit 2018), im Allwetterzoo M\u00fcnster (seit 2019), im Botanischen Garten Madrid (seit 2019) sowie von Weihnachten im Tierpark in Berlin (seit 2019). Im vergangenen Winter str\u00f6mten insgesamt rund 950.000 Besucher zu diesem winterlich-romantischen Highlight, zu dem sich der Christmas Garden innerhalb weniger Jahre entwickelt hat. In der diesj\u00e4hrigen Saison kommen insgesamt vier weitere Standorte hinzu: So wird der Christmas Garden auch im K\u00f6lner Zoo, in der Festung Ehrenbreitstein in Koblenz, im Erlebnis-Zoo Hannover und im Sant Pau Recinte Modernista in Barcelona zu bewundern sein.\t\u00ad\t\u00ad<br \/>\n\u00ad\t\u00ad\t\u00ad<br \/>\n\u00adChristmas Garden Stuttgart<br \/>\nMit der D\u00e4mmerung beginnt die magische Reise \u2026<\/p>\n<p>13. November 2020 \u2013 10. Januar 2021<br \/>\nZoologisch-Botanischer Garten Wilhelma<br \/>\nWunsch-Einlasszeiten schon jetzt sichern auf <a href=\"http:\/\/www.christmas-garden.de\" rel=\"noopener noreferrer\" target=\"_blank\">www.christmas-garden.de<\/a><\/p>\n<div class=\"twoclick_social_bookmarks_post_99080 social_share_privacy clearfix 1.6.4 locale-de_DE sprite-de_DE\"><\/div><div class=\"twoclick-js\"><script type=\"text\/javascript\">\/* <![CDATA[ *\/\njQuery(document).ready(function($){if($('.twoclick_social_bookmarks_post_99080')){$('.twoclick_social_bookmarks_post_99080').socialSharePrivacy({\"services\":{\"facebook\":{\"status\":\"on\",\"txt_info\":\"\",\"perma_option\":\"off\",\"action\":\"like\",\"language\":\"de_DE\"},\"twitter\":{\"reply_to\":\"nnews_de\",\"tweet_text\":\"%20Der%20Christmas%20Garden%20verzaubert%20Stuttgart%20auch%20in%20diesem%20Winter%20%C2%BB%20...\",\"status\":\"on\",\"txt_info\":\"\",\"perma_option\":\"off\",\"language\":\"de\",\"referrer_track\":\"\"},\"gplus\":{\"status\":\"on\",\"txt_info\":\"\",\"perma_option\":\"off\",\"referrer_track\":\"\"},\"pinterest\":{\"status\":\"on\",\"the_excerpt\":\"Der Christmas Garden verzaubert Stuttgart auch in diesem Winter &raquo; #christmasgardenstuttgart #c2concerts #wilhelma\\r\\n\\r\\nUmfangreiches C ...\",\"txt_info\":\"\",\"perma_option\":\"off\",\"media\":\"https:\\\/\\\/www.n-news.de\\\/wp-content\\\/uploads\\\/2019\\\/09\\\/DS706045cp.jpg\"},\"linkedin\":{\"status\":\"on\",\"txt_info\":\"2 Klicks f\\u00fcr mehr Datenschutz: Erst wenn Sie hier klicken, wird der Button aktiv und Sie k\\u00f6nnen Ihre Empfehlung an LinkedIn senden. Schon beim Aktivieren werden Daten an Dritte \\u00fcbertragen - siehe <em>i<\\\/em>.\",\"perma_option\":\"off\"}},\"txt_help\":\"\",\"settings_perma\":\"\",\"info_link\":\"\",\"uri\":\"https:\\\/\\\/www.n-news.de\\\/?p=99080\",\"post_id\":99080,\"post_title_referrer_track\":\"Der+Christmas+Garden+verzaubert+Stuttgart+auch+in+diesem+Winter\",\"display_infobox\":\"on\"});}});\n\/* ]]> *\/<\/script><\/div>","protected":false},"excerpt":{"rendered":"<p>#christmasgardenstuttgart #c2concerts #wilhelma Umfangreiches COVID-19-Hygienekonzept garantiert besinnliches Open-Air-Erlebnis Der Christmas Garden verzaubert Stuttgart auch in diesem Winter Stuttgart &#8211; Auch im kommenden Winter wird der Christmas Garden Stuttgart f\u00fcr Begeisterung sorgen! Dank neu konzipiertem Rundweg, unz\u00e4hligen aufwendig illuminierten Installationen und Millionen von Lichtpunkten werden die Besucher auf dem weitl\u00e4ufigen Freigel\u00e4nde der Wilhelma bereits zum dritten [&hellip;]<\/p>\n","protected":false},"author":2,"featured_media":93907,"comment_status":"closed","ping_status":"closed","sticky":false,"template":"","format":"standard","meta":[],"categories":[1,65,4],"tags":[46],"_links":{"self":[{"href":"https:\/\/www.n-news.de\/index.php?rest_route=\/wp\/v2\/posts\/99080"}],"collection":[{"href":"https:\/\/www.n-news.de\/index.php?rest_route=\/wp\/v2\/posts"}],"about":[{"href":"https:\/\/www.n-news.de\/index.php?rest_route=\/wp\/v2\/types\/post"}],"author":[{"embeddable":true,"href":"https:\/\/www.n-news.de\/index.php?rest_route=\/wp\/v2\/users\/2"}],"replies":[{"embeddable":true,"href":"https:\/\/www.n-news.de\/index.php?rest_route=%2Fwp%2Fv2%2Fcomments&post=99080"}],"version-history":[{"count":0,"href":"https:\/\/www.n-news.de\/index.php?rest_route=\/wp\/v2\/posts\/99080\/revisions"}],"wp:featuredmedia":[{"embeddable":true,"href":"https:\/\/www.n-news.de\/index.php?rest_route=\/wp\/v2\/media\/93907"}],"wp:attachment":[{"href":"https:\/\/www.n-news.de\/index.php?rest_route=%2Fwp%2Fv2%2Fmedia&parent=99080"}],"wp:term":[{"taxonomy":"category","embeddable":true,"href":"https:\/\/www.n-news.de\/index.php?rest_route=%2Fwp%2Fv2%2Fcategories&post=99080"},{"taxonomy":"post_tag","embeddable":true,"href":"https:\/\/www.n-news.de\/index.php?rest_route=%2Fwp%2Fv2%2Ftags&post=99080"}],"curies":[{"name":"wp","href":"https:\/\/api.w.org\/{rel}","templated":true}]}}