{"id":96598,"date":"2026-05-01T15:02:30","date_gmt":"2026-05-01T13:02:30","guid":{"rendered":"https:\/\/www.n-news.de\/\/?p=96598"},"modified":"2026-04-30T10:15:27","modified_gmt":"2026-04-30T08:15:27","slug":"buchtipp-wie-finde-ich-meinen-fotografischen-stil","status":"publish","type":"post","link":"https:\/\/www.n-news.de\/?p=96598","title":{"rendered":"Buchtipp: Wie finde ich meinen fotografischen Stil?"},"content":{"rendered":"<p>#dpunktverlag <\/p>\n<p><strong>Finden Sie Ihren pers\u00f6nlichen fotografischen Ausdruck und Stil!<\/strong><br \/>\n&#8211; Beschreibt klar und verst\u00e4ndlich, wie Sie Ihren eigenen fotografischen Stil entwickeln.<br \/>\n&#8211; Liefert Methoden und Inspiration.<br \/>\nMit Workshops, in denen Sie von den Meistern der Fotografie lernen. Wie finde ich meinen fotografischen Stil? Wer gerne und oft fotografiert, stellt sich diese Frage fr\u00fcher oder sp\u00e4ter \u2013 ob zum kreativen Ausdruck der eigenen Pers\u00f6nlichkeit oder zur Entwicklung einer eigenen fotografischen Handschrift.<\/p>\n<p><div id=\"attachment_96599\" style=\"width: 354px\" class=\"wp-caption alignleft\"><img aria-describedby=\"caption-attachment-96599\" loading=\"lazy\" src=\"https:\/\/www.n-news.de\/wp-content\/uploads\/2020\/04\/13555.jpg\" alt=\"\" width=\"344\" height=\"500\" class=\"size-full wp-image-96599\" srcset=\"https:\/\/www.n-news.de\/wp-content\/uploads\/2020\/04\/13555.jpg 344w, https:\/\/www.n-news.de\/wp-content\/uploads\/2020\/04\/13555-206x300.jpg 206w\" sizes=\"(max-width: 344px) 100vw, 344px\" \/><p id=\"caption-attachment-96599\" class=\"wp-caption-text\">Denis Dubesset<br \/>Wie finde ich meinen fotografischen Stil?<br \/>Mit Inspiration und Methode zum eigenen Ausdruck<br \/>M\u00e4rz 2020, 168 Seiten, komplett in Farbe, Broschur<br \/>dpunkt.verlag<br \/>ISBN Print: 978-3-86490-736-4<br \/>Buch 24,90 \u20ac<\/p><\/div><br \/>\nDenis Dubessets Buch \u00bbWie finde ich meinen fotografischen Stil\u00ab hilft Ihnen, Ihren pers\u00f6nlichen Stil zu finden. Mit seiner Hilfe kl\u00e4ren Sie Ihre pers\u00f6nliche Motivation. Au\u00dferdem entdecken Sie, aus welchen verschiedenen Bestandteilen und Entscheidungen beim Fotografieren sich der pers\u00f6nliche Ausdruck zusammensetzt. Finden Sie heraus, wo Sie sich in Ihrer pers\u00f6nlichen Entwicklung als Fotograf*in befinden und erkennen so, welche Schritte noch vor Ihnen liegen.<\/p>\n<p>Denis Dubesset analysiert den Stil neun weltbekannter Fotografinnen und Fotografen (darunter Edward Weston, Michael Kenna, Rebecca Norris Web, Martin Parr, William Eggleston sowie Bernd und Hilla Becher) und zeigt, was Sie von ihnen lernen k\u00f6nnen.<\/p>\n<p>Ein Kapitel mit \u00dcbungen zur Stilfindung in verschiedenen Genres wie Landschafts- oder Streetfotografie l\u00e4sst Sie das Gelernte weiter anwenden und vertiefen. Mit jeder \u00dcbung kommen Sie dabei Ihrer pers\u00f6nlichen fotografischen Handschrift in Komposition, Lichtf\u00fchrung und Nachbearbeitung ein St\u00fcck n\u00e4her.<\/p>\n<p>Quelle: dpunktverlag<br \/>\n<a href=\"http:\/\/www.dpunkt.de\" rel=\"noopener noreferrer\" target=\"_blank\">www.dpunkt.de<\/a><\/p>\n<div class=\"twoclick_social_bookmarks_post_96598 social_share_privacy clearfix 1.6.4 locale-de_DE sprite-de_DE\"><\/div><div class=\"twoclick-js\"><script type=\"text\/javascript\">\/* <![CDATA[ *\/\njQuery(document).ready(function($){if($('.twoclick_social_bookmarks_post_96598')){$('.twoclick_social_bookmarks_post_96598').socialSharePrivacy({\"services\":{\"facebook\":{\"status\":\"on\",\"txt_info\":\"\",\"perma_option\":\"off\",\"action\":\"like\",\"language\":\"de_DE\"},\"twitter\":{\"reply_to\":\"nnews_de\",\"tweet_text\":\"Buchtipp%3A%20Wie%20finde%20ich%20meinen%20fotografischen%20Stil%3F%20%C2%BB%20N-News.de\",\"status\":\"on\",\"txt_info\":\"\",\"perma_option\":\"off\",\"language\":\"de\",\"referrer_track\":\"\"},\"gplus\":{\"status\":\"on\",\"txt_info\":\"\",\"perma_option\":\"off\",\"referrer_track\":\"\"},\"pinterest\":{\"status\":\"on\",\"the_excerpt\":\"Buchtipp: Wie finde ich meinen fotografischen Stil? &raquo; #dpunktverlag \\r\\n\\r\\nFinden Sie Ihren pers\\u00f6nlichen fotografischen Aus ...\",\"txt_info\":\"\",\"perma_option\":\"off\",\"media\":\"https:\\\/\\\/www.n-news.de\\\/wp-content\\\/uploads\\\/2020\\\/04\\\/13555.jpg\"},\"linkedin\":{\"status\":\"on\",\"txt_info\":\"2 Klicks f\\u00fcr mehr Datenschutz: Erst wenn Sie hier klicken, wird der Button aktiv und Sie k\\u00f6nnen Ihre Empfehlung an LinkedIn senden. Schon beim Aktivieren werden Daten an Dritte \\u00fcbertragen - siehe <em>i<\\\/em>.\",\"perma_option\":\"off\"}},\"txt_help\":\"\",\"settings_perma\":\"\",\"info_link\":\"\",\"uri\":\"https:\\\/\\\/www.n-news.de\\\/?p=96598\",\"post_id\":96598,\"post_title_referrer_track\":\"Buchtipp%3A+Wie+finde+ich+meinen+fotografischen+Stil%3F\",\"display_infobox\":\"on\"});}});\n\/* ]]> *\/<\/script><\/div>","protected":false},"excerpt":{"rendered":"<p>#dpunktverlag Finden Sie Ihren pers\u00f6nlichen fotografischen Ausdruck und Stil! &#8211; Beschreibt klar und verst\u00e4ndlich, wie Sie Ihren eigenen fotografischen Stil entwickeln. &#8211; Liefert Methoden und Inspiration. Mit Workshops, in denen Sie von den Meistern der Fotografie lernen. Wie finde ich meinen fotografischen Stil? Wer gerne und oft fotografiert, stellt sich diese Frage fr\u00fcher oder sp\u00e4ter [&hellip;]<\/p>\n","protected":false},"author":2,"featured_media":96599,"comment_status":"closed","ping_status":"closed","sticky":false,"template":"","format":"standard","meta":[],"categories":[1,68],"tags":[266,292],"_links":{"self":[{"href":"https:\/\/www.n-news.de\/index.php?rest_route=\/wp\/v2\/posts\/96598"}],"collection":[{"href":"https:\/\/www.n-news.de\/index.php?rest_route=\/wp\/v2\/posts"}],"about":[{"href":"https:\/\/www.n-news.de\/index.php?rest_route=\/wp\/v2\/types\/post"}],"author":[{"embeddable":true,"href":"https:\/\/www.n-news.de\/index.php?rest_route=\/wp\/v2\/users\/2"}],"replies":[{"embeddable":true,"href":"https:\/\/www.n-news.de\/index.php?rest_route=%2Fwp%2Fv2%2Fcomments&post=96598"}],"version-history":[{"count":1,"href":"https:\/\/www.n-news.de\/index.php?rest_route=\/wp\/v2\/posts\/96598\/revisions"}],"predecessor-version":[{"id":125132,"href":"https:\/\/www.n-news.de\/index.php?rest_route=\/wp\/v2\/posts\/96598\/revisions\/125132"}],"wp:featuredmedia":[{"embeddable":true,"href":"https:\/\/www.n-news.de\/index.php?rest_route=\/wp\/v2\/media\/96599"}],"wp:attachment":[{"href":"https:\/\/www.n-news.de\/index.php?rest_route=%2Fwp%2Fv2%2Fmedia&parent=96598"}],"wp:term":[{"taxonomy":"category","embeddable":true,"href":"https:\/\/www.n-news.de\/index.php?rest_route=%2Fwp%2Fv2%2Fcategories&post=96598"},{"taxonomy":"post_tag","embeddable":true,"href":"https:\/\/www.n-news.de\/index.php?rest_route=%2Fwp%2Fv2%2Ftags&post=96598"}],"curies":[{"name":"wp","href":"https:\/\/api.w.org\/{rel}","templated":true}]}}