{"id":91396,"date":"2019-12-08T17:40:41","date_gmt":"2019-12-08T16:40:41","guid":{"rendered":"https:\/\/www.n-news.de\/\/?p=91396"},"modified":"2023-02-15T11:15:09","modified_gmt":"2023-02-15T10:15:09","slug":"die-fantastischen-vier-tragen-sich-ins-goldene-buch-ein-laesst-einen-nicht-kalt","status":"publish","type":"post","link":"https:\/\/www.n-news.de\/?p=91396","title":{"rendered":"Die Fantastischen Vier tragen sich ins Goldene Buch ein \u2013 \u201eL\u00e4sst einen nicht kalt\u201c"},"content":{"rendered":"<p>#Stuttgart #fanta4 <\/p>\n<h3>Die Fantastischen Vier tragen sich ins Goldene Buch ein \u2013 \u201eL\u00e4sst einen nicht kalt\u201c<\/h3>\n<p><strong>Die Fantastischen Vier haben sich am Montag, 8. Januar, ins Goldene Buch der Landeshauptstadt Stuttgart eingetragen. Oberb\u00fcrgermeister Fritz Kuhn und Erster B\u00fcrgermeister Dr. Fabian Mayer hatten die Band zuvor zu einem pers\u00f6nlichen Gespr\u00e4ch empfangen.<\/strong><\/p>\n<p>OB Kuhn: \u201eWir sind happy, die Fanta Vier heute hier zu haben. Ein Anlass ist Euer 30-j\u00e4hriges Bestehen \u2013 der andere ist, dass Ihr so saum\u00e4\u00dfig viel getan habt f\u00fcr Stuttgart. F\u00fcr uns ist es eine Ehre, dass Ihr Euch ins Goldene Buch eintragt.\u201c Michi Beck schrieb f\u00fcr die Band \u201eWir bleiben TROY \u2013 F 4\u201c ins Buch. Er sagte: \u201eWir sind viel rumgekommen, f\u00fchlen uns aber immer noch als Stuttgarter Band. Stuttgart ist unsere Heimat. Bei aller Abgebr\u00fchtheit: Das l\u00e4sst einen nicht kalt, sich in Goldene Buch der Stadt Stuttgart eintragen zu d\u00fcrfen.\u201c<\/p>\n<div id=\"attachment_91397\" style=\"width: 610px\" class=\"wp-caption alignleft\"><img aria-describedby=\"caption-attachment-91397\" loading=\"lazy\" src=\"https:\/\/www.n-news.de\/wp-content\/uploads\/2019\/07\/Michi-Beck-tr\u00e4gt-sich-f\u00fcr-die-Fantastischen-Vier-ein-ins-Goldene-Buch-der-Stadt-Stuttgart.jpg\" alt=\"\" width=\"600\" height=\"400\" class=\"size-full wp-image-91397\" srcset=\"https:\/\/www.n-news.de\/wp-content\/uploads\/2019\/07\/Michi-Beck-tr\u00e4gt-sich-f\u00fcr-die-Fantastischen-Vier-ein-ins-Goldene-Buch-der-Stadt-Stuttgart.jpg 600w, https:\/\/www.n-news.de\/wp-content\/uploads\/2019\/07\/Michi-Beck-tr\u00e4gt-sich-f\u00fcr-die-Fantastischen-Vier-ein-ins-Goldene-Buch-der-Stadt-Stuttgart-300x200.jpg 300w, https:\/\/www.n-news.de\/wp-content\/uploads\/2019\/07\/Michi-Beck-tr\u00e4gt-sich-f\u00fcr-die-Fantastischen-Vier-ein-ins-Goldene-Buch-der-Stadt-Stuttgart-240x160.jpg 240w\" sizes=\"(max-width: 600px) 100vw, 600px\" \/><p id=\"caption-attachment-91397\" class=\"wp-caption-text\">Die Fanta 4 tragen sich bei Oberb\u00fcrgermeister Fritz Kuhn ins Gol\u00f6dene Buch der Stadt Stuttgart ein. Foto: Stadt Stuttgart, Fotograf: Piechowski<\/p><\/div>\n<p>Den Fantastischen Vier \u2013 bestehend aus Michael \u201eMichi\u201c Beck alias Dee Jot Hausmarke, Bernd Michael Schmidt alias Smudo, Thomas D\u00fcrr alias Hausmeister Thomas D, Andreas Rieke alias And.Ypsilon und Andreas \u201eB\u00e4r\u201c L\u00e4sker \u2013 widmet das StadtPalais die Ausstellung \u201eTROY \u2013 30 Jahre Die Fantastischen Vier\u201c. Sie wird am Abend er\u00f6ffnet und ist noch bis 29. M\u00e4rz 2020 zu sehen.<\/p>\n<div class=\"twoclick_social_bookmarks_post_91396 social_share_privacy clearfix 1.6.4 locale-de_DE sprite-de_DE\"><\/div><div class=\"twoclick-js\"><script type=\"text\/javascript\">\/* <![CDATA[ *\/\njQuery(document).ready(function($){if($('.twoclick_social_bookmarks_post_91396')){$('.twoclick_social_bookmarks_post_91396').socialSharePrivacy({\"services\":{\"facebook\":{\"status\":\"on\",\"txt_info\":\"\",\"perma_option\":\"off\",\"action\":\"like\",\"language\":\"de_DE\"},\"twitter\":{\"reply_to\":\"nnews_de\",\"tweet_text\":\"%20Die%20Fantastischen%20Vier%20tragen%20sich%20ins%20Goldene%20Buch%20ein%20%E2%80%93%20...\",\"status\":\"on\",\"txt_info\":\"\",\"perma_option\":\"off\",\"language\":\"de\",\"referrer_track\":\"\"},\"gplus\":{\"status\":\"on\",\"txt_info\":\"\",\"perma_option\":\"off\",\"referrer_track\":\"\"},\"pinterest\":{\"status\":\"on\",\"the_excerpt\":\"Die Fantastischen Vier tragen sich ins Goldene Buch ein \\u2013 \\u201eL\\u00e4sst einen nicht kalt\\u201c &raquo; #Stuttgart #fanta4 \\r\\n\\r\\nDie Fantastischen Vier tragen sich ins Gold ...\",\"txt_info\":\"\",\"perma_option\":\"off\",\"media\":\"https:\\\/\\\/www.n-news.de\\\/wp-content\\\/uploads\\\/2019\\\/07\\\/Michi-Beck-tr\\u00e4gt-sich-f\\u00fcr-die-Fantastischen-Vier-ein-ins-Goldene-Buch-der-Stadt-Stuttgart.jpg\"},\"linkedin\":{\"status\":\"on\",\"txt_info\":\"2 Klicks f\\u00fcr mehr Datenschutz: Erst wenn Sie hier klicken, wird der Button aktiv und Sie k\\u00f6nnen Ihre Empfehlung an LinkedIn senden. Schon beim Aktivieren werden Daten an Dritte \\u00fcbertragen - siehe <em>i<\\\/em>.\",\"perma_option\":\"off\"}},\"txt_help\":\"\",\"settings_perma\":\"\",\"info_link\":\"\",\"uri\":\"https:\\\/\\\/www.n-news.de\\\/?p=91396\",\"post_id\":91396,\"post_title_referrer_track\":\"Die+Fantastischen+Vier+tragen+sich+ins+Goldene+Buch+ein+%E2%80%93+%E2%80%9EL%C3%A4sst+einen+nicht+kalt%E2%80%9C\",\"display_infobox\":\"on\"});}});\n\/* ]]> *\/<\/script><\/div>","protected":false},"excerpt":{"rendered":"<p>#Stuttgart #fanta4 Die Fantastischen Vier tragen sich ins Goldene Buch ein \u2013 \u201eL\u00e4sst einen nicht kalt\u201c Die Fantastischen Vier haben sich am Montag, 8. Januar, ins Goldene Buch der Landeshauptstadt Stuttgart eingetragen. Oberb\u00fcrgermeister Fritz Kuhn und Erster B\u00fcrgermeister Dr. Fabian Mayer hatten die Band zuvor zu einem pers\u00f6nlichen Gespr\u00e4ch empfangen. OB Kuhn: \u201eWir sind happy, [&hellip;]<\/p>\n","protected":false},"author":2,"featured_media":91397,"comment_status":"closed","ping_status":"closed","sticky":false,"template":"","format":"standard","meta":[],"categories":[1,65],"tags":[39],"_links":{"self":[{"href":"https:\/\/www.n-news.de\/index.php?rest_route=\/wp\/v2\/posts\/91396"}],"collection":[{"href":"https:\/\/www.n-news.de\/index.php?rest_route=\/wp\/v2\/posts"}],"about":[{"href":"https:\/\/www.n-news.de\/index.php?rest_route=\/wp\/v2\/types\/post"}],"author":[{"embeddable":true,"href":"https:\/\/www.n-news.de\/index.php?rest_route=\/wp\/v2\/users\/2"}],"replies":[{"embeddable":true,"href":"https:\/\/www.n-news.de\/index.php?rest_route=%2Fwp%2Fv2%2Fcomments&post=91396"}],"version-history":[{"count":0,"href":"https:\/\/www.n-news.de\/index.php?rest_route=\/wp\/v2\/posts\/91396\/revisions"}],"wp:featuredmedia":[{"embeddable":true,"href":"https:\/\/www.n-news.de\/index.php?rest_route=\/wp\/v2\/media\/91397"}],"wp:attachment":[{"href":"https:\/\/www.n-news.de\/index.php?rest_route=%2Fwp%2Fv2%2Fmedia&parent=91396"}],"wp:term":[{"taxonomy":"category","embeddable":true,"href":"https:\/\/www.n-news.de\/index.php?rest_route=%2Fwp%2Fv2%2Fcategories&post=91396"},{"taxonomy":"post_tag","embeddable":true,"href":"https:\/\/www.n-news.de\/index.php?rest_route=%2Fwp%2Fv2%2Ftags&post=91396"}],"curies":[{"name":"wp","href":"https:\/\/api.w.org\/{rel}","templated":true}]}}