{"id":89236,"date":"2026-03-09T07:20:48","date_gmt":"2026-03-09T06:20:48","guid":{"rendered":"https:\/\/www.n-news.de\/\/?p=89236"},"modified":"2026-02-15T18:19:54","modified_gmt":"2026-02-15T17:19:54","slug":"winterliches-farbenspiel-die-schoensten-plaetze-fuer-sonnenanbeter-im-hochschwarzwald","status":"publish","type":"post","link":"https:\/\/www.n-news.de\/?p=89236","title":{"rendered":"Winterliches Farbenspiel: Die sch\u00f6nsten Pl\u00e4tze f\u00fcr Sonnenanbeter im Hochschwarzwald"},"content":{"rendered":"<p>#schwarzwald #natur<\/p>\n<h3>Winterliches Farbenspiel: Die sch\u00f6nsten Pl\u00e4tze f\u00fcr Sonnenanbeter im Hochschwarzwald<\/h3>\n<p><b>Auf dem Gipfel eines Berges, am Rande eines Waldes, am Ufer eines Sees oder mit Blick auf einen historischen Schwarzwaldhof \u2013 es gibt unz\u00e4hlige Orte im Hochschwarzwald, an denen winterliche Sonnenaufg\u00e4nge und Sonnenunterg\u00e4nge zu ganz besonderen Erlebnissen werden. Hier sind 6 Tipps f\u00fcr die kommenden Tage, f\u00fcr die sonniges Winterwetter mit herrlicher Fernsicht vorhergesagt ist.<\/b><\/p>\n<p>F\u00fcr viele Menschen hat es etwas Magisches: Wenn die ersten Sonnenstrahlen eines neuen Tages \u00fcber einer Bergkuppe auftauchen; wenn Nebelschwaden aus den T\u00e4lern und W\u00e4ldern aufsteigen; wenn die Abendsonne sich dem Horizont ann\u00e4hert und ihr buntes Farbenspiel den Schnee zum Glitzern bringt \u2013 dann entfaltet der winterliche Hochschwarzwald eine ganz besondere Faszination. Aber welche sind die besten, einsamsten, spektakul\u00e4rsten Pl\u00e4tze, um im Schnee einen Sonnenaufgang oder Sonnenuntergang zu verfolgen? 6 Empfehlungen:<\/p>\n<p><strong>Herzogenhorn:<\/strong><br \/>\nSchneeschuhe angeschnallt, die Stirnlampe angeknipst, den Rucksack auf dem R\u00fccken und dann kann es losgehen \u2013 drei Kilometer und fast 250 H\u00f6henmeter trennen uns noch vom Sonnenaufgang! Vom Parkplatz am Grafenmatt an der Feldbergpassstra\u00dfe steigen wir die Skipiste hinauf, die von flei\u00dfigen Pistenbullyfahrern schon pr\u00e4pariert ist, und erklimmen im Anschluss das Herzogenhorn. Der Rundumblick vom Gipfel ist etwas Einmaliges und l\u00e4sst die Anstrengungen des Aufstiegs vergessen. Bei sch\u00f6nem Wetter reicht der Panoramablick zum Feldberg, zum Belchen und im S\u00fcden bis hin zur Alpenkette mit der Zugspitze im S\u00fcdosten und dem Mont Blanc im S\u00fcdwesten.<\/p>\n<p><strong>Schluchsee, Seeufer bei Aha:<\/strong><br \/>\nDer Nebel bedeckt den Schluchsee wie ein sch\u00fctzendes Tuch. Manchmal taucht, wie von Geisterhand gelenkt, ein Fischerboot auf. Dick in die Winterjacke eingemummelt, mit sch\u00fctzender Isomatte und Schlafsack und einem w\u00e4rmenden Tee fest in den H\u00e4nden \u2013 so l\u00e4sst es sich ganz zufrieden auf die Morgend\u00e4mmerung am Schluchseeufer bei Aha warten. Besonders faszinierend sind hier die blaue Stunde und das Morgenrot des Himmels, kurz bevor die Sonne aufgeht und sich auf der glatten Wasseroberfl\u00e4che widerspiegelt.<\/p>\n<div id=\"attachment_89248\" style=\"width: 610px\" class=\"wp-caption alignleft\"><img aria-describedby=\"caption-attachment-89248\" loading=\"lazy\" src=\"https:\/\/www.n-news.de\/wp-content\/uploads\/2019\/02\/ebfe1962-b1d8-4439-9e26-500d3010664d.jpg\" alt=\"\" width=\"600\" height=\"400\" class=\"size-full wp-image-89248\" \/><p id=\"caption-attachment-89248\" class=\"wp-caption-text\">Sonnenaufgang am Schluchsee. Foto \u00a9 Hochschwarzwald Tourismus GmbH<\/p><\/div>\n<p><strong>Ro\u00dfberg, Breitnau:<\/strong><br \/>\nKurz vor Sonnenaufgang steigen wir auf dem Winterwanderweg den Ro\u00dfberg bei Breitnau hinauf. Oben angekommen, genie\u00dfen wir das Farbenspiel \u00fcber den H\u00f6hen des Schwarzwaldes und fangen das Bild ein, wie der erste Sonnenstrahl auf den Feldberggipfel trifft, Nebelfelder sich dampfend in den T\u00e4lern aufl\u00f6sen und das Dorf unter uns erwacht. \u00dcber dem Gipfel des Hochfirsts breitet sich langsam der Tag aus, in den wir v\u00f6llig entspannt starten.<\/p>\n<p>Hochfirst:<br \/>\nSich am Sp\u00e4tnachmittag die Schneeschuhe unterschnallen und in der wei\u00dfen Winterlandschaft den Hochfirst von Lenzkirch-Saig aus zu erklimmen, ist schon eine Sache f\u00fcr sich. Jedoch erst der Blick \u00fcber den Titisee bis zum Feldberg mit einer hei\u00dfen Tasse Tee in der Hand ist einfach unschlagbar. Wenn sich dann die Sonne langsam hinter dem H\u00f6chsten im Schwarzwald verabschiedet, w\u00fcnscht man sich nur noch, die Schneeschuhe gegen Skier einzutauschen, um zur\u00fcck bis an den Ausgangspunkt fahren zu k\u00f6nnen.<\/p>\n<p>Rankm\u00fchle, St. M\u00e4rgen:<br \/>\nBei D\u00e4mmerungsbeginn verabschiedet sich der Tag an der Rankm\u00fchle oberhalb von St. M\u00e4rgen mit einem Farbenspiel: Je nach Wolkenbildung taucht die Sonne die wei\u00dfe Winterlandschaft rund um den Winterwanderweg in die Farben hellgelb und orange bis rot. Im Westen reichen die Blicke weit ins Dreisamtal und \u00fcber die Rheinebene. Bei klarer Sicht w\u00e4rmen die Strahlen der Sonne bis zu ihrem Untergang hinter den Vogesen das Gesicht.<\/p>\n<p><strong>Seebuck, Feldberg:<\/strong><br \/>\nWenn im Winter die Schwarzwaldt\u00e4ler morgens noch unter einer dichten Nebeldecke liegen, schweift der Blick vom Gipfel des Seebuck \u00fcber die Wolken hinweg bis zu den Alpen. Auf dem Winterwanderweg, der hinter dem Haus der Natur am Feldberg beginnt, kommt man auch fr\u00fchmorgens z\u00fcgig \u00fcber den knirschenden Schnee auf den Gipfel. Oben angekommen wartet eine fast magische Stimmung im bl\u00e4ulichen D\u00e4mmerlicht, bevor die Sonne in strahlendem Orange hinter den dunklen Schwarzwaldbergen aufgeht. Der perfekte Abschluss f\u00fcr diesen Ausflug: mit den Ski abfahren und als Erster seine Spuren auf den perfekt pr\u00e4parierten Pisten ziehen.<\/p>\n<div class=\"twoclick_social_bookmarks_post_89236 social_share_privacy clearfix 1.6.4 locale-de_DE sprite-de_DE\"><\/div><div class=\"twoclick-js\"><script type=\"text\/javascript\">\/* <![CDATA[ *\/\njQuery(document).ready(function($){if($('.twoclick_social_bookmarks_post_89236')){$('.twoclick_social_bookmarks_post_89236').socialSharePrivacy({\"services\":{\"facebook\":{\"status\":\"on\",\"txt_info\":\"\",\"perma_option\":\"off\",\"action\":\"like\",\"language\":\"de_DE\"},\"twitter\":{\"reply_to\":\"nnews_de\",\"tweet_text\":\"%20Winterliches%20Farbenspiel%3A%20Die%20sch%C3%B6nsten%20Pl%C3%A4tze%20f%C3%BCr%20Sonnenanbeter%20...\",\"status\":\"on\",\"txt_info\":\"\",\"perma_option\":\"off\",\"language\":\"de\",\"referrer_track\":\"\"},\"gplus\":{\"status\":\"on\",\"txt_info\":\"\",\"perma_option\":\"off\",\"referrer_track\":\"\"},\"pinterest\":{\"status\":\"on\",\"the_excerpt\":\"Winterliches Farbenspiel: Die sch\\u00f6nsten Pl\\u00e4tze f\\u00fcr Sonnenanbeter im Hochschwarzwald &raquo; #schwarzwald #natur\\r\\n\\r\\nWinterliches Farbenspiel: Die sch\\u00f6nsten Pl\\u00e4 ...\",\"txt_info\":\"\",\"perma_option\":\"off\",\"media\":\"https:\\\/\\\/www.n-news.de\\\/wp-content\\\/uploads\\\/2021\\\/11\\\/n-news_base.jpg\"},\"linkedin\":{\"status\":\"on\",\"txt_info\":\"2 Klicks f\\u00fcr mehr Datenschutz: Erst wenn Sie hier klicken, wird der Button aktiv und Sie k\\u00f6nnen Ihre Empfehlung an LinkedIn senden. Schon beim Aktivieren werden Daten an Dritte \\u00fcbertragen - siehe <em>i<\\\/em>.\",\"perma_option\":\"off\"}},\"txt_help\":\"\",\"settings_perma\":\"\",\"info_link\":\"\",\"uri\":\"https:\\\/\\\/www.n-news.de\\\/?p=89236\",\"post_id\":89236,\"post_title_referrer_track\":\"Winterliches+Farbenspiel%3A+Die+sch%C3%B6nsten+Pl%C3%A4tze+f%C3%BCr+Sonnenanbeter+im+Hochschwarzwald\",\"display_infobox\":\"on\"});}});\n\/* ]]> *\/<\/script><\/div>","protected":false},"excerpt":{"rendered":"<p>#schwarzwald #natur Winterliches Farbenspiel: Die sch\u00f6nsten Pl\u00e4tze f\u00fcr Sonnenanbeter im Hochschwarzwald Auf dem Gipfel eines Berges, am Rande eines Waldes, am Ufer eines Sees oder mit Blick auf einen historischen Schwarzwaldhof \u2013 es gibt unz\u00e4hlige Orte im Hochschwarzwald, an denen winterliche Sonnenaufg\u00e4nge und Sonnenunterg\u00e4nge zu ganz besonderen Erlebnissen werden. Hier sind 6 Tipps f\u00fcr die [&hellip;]<\/p>\n","protected":false},"author":2,"featured_media":105398,"comment_status":"closed","ping_status":"closed","sticky":false,"template":"","format":"standard","meta":[],"categories":[1,66],"tags":[218,191],"_links":{"self":[{"href":"https:\/\/www.n-news.de\/index.php?rest_route=\/wp\/v2\/posts\/89236"}],"collection":[{"href":"https:\/\/www.n-news.de\/index.php?rest_route=\/wp\/v2\/posts"}],"about":[{"href":"https:\/\/www.n-news.de\/index.php?rest_route=\/wp\/v2\/types\/post"}],"author":[{"embeddable":true,"href":"https:\/\/www.n-news.de\/index.php?rest_route=\/wp\/v2\/users\/2"}],"replies":[{"embeddable":true,"href":"https:\/\/www.n-news.de\/index.php?rest_route=%2Fwp%2Fv2%2Fcomments&post=89236"}],"version-history":[{"count":1,"href":"https:\/\/www.n-news.de\/index.php?rest_route=\/wp\/v2\/posts\/89236\/revisions"}],"predecessor-version":[{"id":124935,"href":"https:\/\/www.n-news.de\/index.php?rest_route=\/wp\/v2\/posts\/89236\/revisions\/124935"}],"wp:featuredmedia":[{"embeddable":true,"href":"https:\/\/www.n-news.de\/index.php?rest_route=\/wp\/v2\/media\/105398"}],"wp:attachment":[{"href":"https:\/\/www.n-news.de\/index.php?rest_route=%2Fwp%2Fv2%2Fmedia&parent=89236"}],"wp:term":[{"taxonomy":"category","embeddable":true,"href":"https:\/\/www.n-news.de\/index.php?rest_route=%2Fwp%2Fv2%2Fcategories&post=89236"},{"taxonomy":"post_tag","embeddable":true,"href":"https:\/\/www.n-news.de\/index.php?rest_route=%2Fwp%2Fv2%2Ftags&post=89236"}],"curies":[{"name":"wp","href":"https:\/\/api.w.org\/{rel}","templated":true}]}}