{"id":88591,"date":"2026-01-27T11:51:00","date_gmt":"2026-01-27T10:51:00","guid":{"rendered":"https:\/\/www.n-news.de\/\/?p=88591"},"modified":"2025-12-27T11:40:33","modified_gmt":"2025-12-27T10:40:33","slug":"wie-man-in-venedig-rio-new-orleans-co-karneval-feiert","status":"publish","type":"post","link":"https:\/\/www.n-news.de\/?p=88591","title":{"rendered":"Wie man in Venedig, Rio, New Orleans &#038; Co. Karneval feiert"},"content":{"rendered":"<p>#karneval #reiseapp<\/p>\n<h3>Karneval ist nicht gleich Karneval: Wie man in Venedig, Rio, New Orleans &#038; Co. feiert<\/h3>\n<p><b>Insbesondere im Rheinland kann man kaum noch erwarten, bis am 16. Februar mit Weiberfastnacht endlich der allj\u00e4hrliche Karneval beginnt. Bis zum 22. Februar wird sich dann verkleidet, \u201egeb\u00fctzt\u201c, auf Prunksitzungen am\u00fcsiert und Kamelle geworfen, was das Zeug h\u00e4lt. Derartige Feierrituale sind nicht nur hierzulande ein Highlight, sondern locken weltweit tausende begeisterte Karnevalisten an. Was es in anderen L\u00e4ndern mit diesem Brauch auf sich hat und wie man ihn feiert, dem sind die Reiseexperten von seeker auf den Grund gegangen.<\/b><\/p>\n<p>Venedig: Ab dem 23. Februar ist es wieder an der Zeit, die venezianischen Masken auszuf\u00fchren. Die Verkleidung geht auf die alte Tradition zur\u00fcck, in der zum Karneval ein Maskenball sowie zahlreiche Auff\u00fchrungen in der Oper stattfanden. Zu diesem kulturellen Hochgenuss gesellten sich allerdings auch Br\u00e4uche, die weitaus weniger ansprechend waren wie zum Beispiel der Eierwurf: Die M\u00e4nner entschieden \u00fcber die Attraktivit\u00e4t der Frauen, indem sie die weniger sch\u00f6nen mit Eiern bewarfen. Eine derartige Schmach fand nicht lange Zustimmung, sodass im Jahr 1797 s\u00e4mtliche Feierlichkeiten verboten wurden. Erst 1970 lie\u00df man im Rahmen privater Kost\u00fcmpartys den Karneval wieder aufleben. Diese haben sich bis heute in ein pomp\u00f6ses Verkleidungsfest verwandelt, bei dem das entsprechende Outfit zu einem so wichtigen Bestandteil geworden ist, dass der Karneval inzwischen eher einer venezianischen Fashion Week gleicht.     <\/p>\n<p>Rio de Janeiro: So farbenfrohe wie auch knappe Kost\u00fcme, Sambarhythmen sowie gro\u00dfe Feierfreude stehen f\u00fcr das gr\u00f6\u00dfte, farbenpr\u00e4chtigste Fest der Welt. Doch bis dahin war es ein langer Weg. Im Jahr 1840 beging man mit Polka und Walzer den brasilianischen Karneval. Inzwischen ist die Party fest in der Hand der hiesigen Sambaschulen, die abgestimmt auf ein Thema ihren Festwagen dekorieren, Kost\u00fcme schneidern und eine entsprechende Choreografie entwickeln. Am Karnevalssonntag und -montag pr\u00e4sentieren dann jeweils zwischen 3.000 und  5.000 Teilnehmer der sechs Sambaschulen ihren Karnevalsauftritt, wof\u00fcr sie exakt 82 Minuten Zeit haben \u2013 Zeit\u00fcber- und -unterschreitungen f\u00fchren zu Punktabz\u00fcgen. Am Aschermittwoch geht es dann an die Siegeskundgebung, die von einem riesigen Feuerwerk flankiert geb\u00fchrend gefeiert wird.    <\/p>\n<div id=\"attachment_88622\" style=\"width: 610px\" class=\"wp-caption alignleft\"><img aria-describedby=\"caption-attachment-88622\" loading=\"lazy\" src=\"https:\/\/www.n-news.de\/wp-content\/uploads\/2019\/01\/carnival-476816_1280.jpg\" alt=\"\" width=\"600\" height=\"400\" class=\"size-full wp-image-88622\" srcset=\"https:\/\/www.n-news.de\/wp-content\/uploads\/2019\/01\/carnival-476816_1280.jpg 600w, https:\/\/www.n-news.de\/wp-content\/uploads\/2019\/01\/carnival-476816_1280-300x200.jpg 300w, https:\/\/www.n-news.de\/wp-content\/uploads\/2019\/01\/carnival-476816_1280-240x160.jpg 240w\" sizes=\"(max-width: 600px) 100vw, 600px\" \/><p id=\"caption-attachment-88622\" class=\"wp-caption-text\">Karneval in Rio. Quelle: pixabay<\/p><\/div>\n<p>Binche: Wem das belgische \u00d6rtchen Binche als Karnevalshochburg bisher noch nichts gesagt hat, sollte zwischen dem 3. und 6. M\u00e4rz einen Abstecher dorthin unternehmen, um der von der UNESCO sogar als \u201eMeisterwerk des m\u00fcndlichen und immateriellen Erbes der Menschheit\u201c anerkannten Veranstaltung beizuwohnen. Im Mittelpunkt stehen die sogenannten Gilles, die zu den schillerndste Karnevalsfiguren Europas geh\u00f6ren. Durch die mit Strau\u00dfenfedern geschm\u00fcckten H\u00fcte fallen sie einem bei dem gro\u00dfen Karnevalsumzug direkt ins Auge. Weitaus weniger prunkvoll sind hingegen die typischen Holzschuhe. Diese belgische Karnevalstradition soll auf das 14. Jahrhundert zur\u00fcckgehen, als Maria von Ungarn ihren Bruder Karl V und seinen Sohn Philipp II von Spanien empfing. Als Zeichen des Respekts entschieden sich die Hofdamen f\u00fcr Inka-Verkleidungen, angelehnt an die Entdeckungen von Francisco Pizzaro in Peru. Damit war der Grundstein f\u00fcr die Kost\u00fcmierung der Gilles gelegt.<\/p>\n<p>Teneriffa: Weder in Deutschland noch in Venedig kann man sich mit dem weltweit zweitgr\u00f6\u00dften Karnevalsfest r\u00fchmen. Diesen Titel beansprucht man n\u00e4mlich auf Teneriffa f\u00fcr sich. \u00c4hnlich wie in Rio spielen auch hier die Sambagruppen eine gro\u00dfe Rolle. Daneben sorgen historische Wagen bei dem gro\u00dfen \u201eCorso\u201c \u2013 dem Karnevalsumzug \u2013 f\u00fcr Abwechslung. Den Abschied des bunten Treibens und auch gleichzeitig den feierlichen H\u00f6hepunkt bildet die Verbrennung der Sardine. Der aus Pappmach\u00e9 bestehende riesige Fische wird durch die Stra\u00dfen getragen und anschlie\u00dfend unter Wehklagen bestattet. Ganz pl\u00f6tzlich verwandelt sich dann die \u201eTrauergemeinde\u201c in ein heiteres Partyvolk, das sich seinen \u201eFrust\u201c von der Seele tanzt.<\/p>\n<p>New Orleans: Wer kein Freund von Freiz\u00fcgigkeit ist, sollte an \u201eMardi Gras\u201c (Faschingsdienstag) einen Bogen um die Stadt im amerikanischen Louisiana machen. Bei den Paraden werden farbige Ketten mit Kunstperlen von den Festwagen geworfen, die man gegen intime Einblicke eintauschen kann. Diese \u201eTradition\u201c hat den Feierlichkeiten den inoffiziellen Beinamen \u201eInternational Show your Boobies Day\u201c eingebracht. Als die Franzosen die Karnevalstradition dort etablierten, war davon allerdings noch keine Rede. Zu Beginn standen der Maskenball sowie prunkvoll geschm\u00fcckte Paradewagen im Vordergrund, die mit lautem Get\u00f6se durch die Stra\u00dfen zogen.<\/p>\n<p>\u201eKarneval ist nicht gleich Karneval. Wer dem deutschen Karneval nicht viel abgewinnen kann, hat zum Beispiel in Rio oder auf Teneriffa Gelegenheit, bei sommerlichen Temperaturen das feierliche Treiben zu verfolgen und kann sich durch die ausgelassene Stimmung und beeindruckenden Kost\u00fcmierungen zum Mitfeiern anstecken lassen\u201c, sagt Dr. Klaus D. Mapara, Gesch\u00e4ftsf\u00fchrer der seeker GmbH. <\/p>\n<p>seeker \u2013 der smarte Reiseassistent:<br \/>\nseeker macht die Planung von Reisen, die Organisation von St\u00e4dte- und Businesstrips und dem n\u00e4chsten Familienurlaub zum Kinderspiel. In der App kann man weltweit aus einer Vielzahl von Sehensw\u00fcrdigkeiten, Gesch\u00e4ften, Restaurants, Hotels sowie Fahrradmietstationen w\u00e4hlen und sich individuelle Sammlungen der Lieblings-Locations zusammenstellen. Mit der Social-Sharing-Funktion lassen sich die Highlights dann mit der Familie, Freunden und Bekannten teilen. Auch am Zielort ist seeker der perfekte Assistent: Mit nur einem Klick erf\u00e4hrt man, ob sich in der N\u00e4he beliebte Sehensw\u00fcrdigkeiten, angesagte Restaurants oder Bars befinden und die App navigiert auf Wunsch direkt dorthin \u2013 Herumirren ist somit im Urlaub pass\u00e9.<\/p>\n<p>Download iOS: <a href=\"https:\/\/itunes.apple.com\/de\/app\/seeker\/id298260736?mt=8\" rel=\"noopener noreferrer\" target=\"_blank\">https:\/\/itunes.apple.com\/de\/app\/seeker\/id298260736?mt=8<\/a><\/p>\n<p>Download Android: <a href=\"https:\/\/play.google.com\/store\/apps\/details?id=info.seeker.droid\" rel=\"noopener noreferrer\" target=\"_blank\">https:\/\/play.google.com\/store\/apps\/details?id=info.seeker.droid<\/a><\/p>\n<p>Quelle \/ Web: <a href=\"https:\/\/www.seeker.info\/\" rel=\"noopener noreferrer\" target=\"_blank\">https:\/\/www.seeker.info\/<\/a><\/p>\n<div class=\"twoclick_social_bookmarks_post_88591 social_share_privacy clearfix 1.6.4 locale-de_DE sprite-de_DE\"><\/div><div class=\"twoclick-js\"><script type=\"text\/javascript\">\/* <![CDATA[ *\/\njQuery(document).ready(function($){if($('.twoclick_social_bookmarks_post_88591')){$('.twoclick_social_bookmarks_post_88591').socialSharePrivacy({\"services\":{\"facebook\":{\"status\":\"on\",\"txt_info\":\"\",\"perma_option\":\"off\",\"action\":\"like\",\"language\":\"de_DE\"},\"twitter\":{\"reply_to\":\"nnews_de\",\"tweet_text\":\"%20Wie%20man%20in%20Venedig%2C%20Rio%2C%20New%20Orleans%20%26%20Co.%20Karneval%20feiert%20%C2%BB%20...\",\"status\":\"on\",\"txt_info\":\"\",\"perma_option\":\"off\",\"language\":\"de\",\"referrer_track\":\"\"},\"gplus\":{\"status\":\"on\",\"txt_info\":\"\",\"perma_option\":\"off\",\"referrer_track\":\"\"},\"pinterest\":{\"status\":\"on\",\"the_excerpt\":\"Wie man in Venedig, Rio, New Orleans &#038; Co. Karneval feiert &raquo; #karneval #reiseapp\\r\\n\\r\\nKarneval ist nicht gleich Karneval: Wie man ...\",\"txt_info\":\"\",\"perma_option\":\"off\",\"media\":\"https:\\\/\\\/www.n-news.de\\\/wp-content\\\/uploads\\\/2019\\\/01\\\/carnival-476816_1280.jpg\"},\"linkedin\":{\"status\":\"on\",\"txt_info\":\"2 Klicks f\\u00fcr mehr Datenschutz: Erst wenn Sie hier klicken, wird der Button aktiv und Sie k\\u00f6nnen Ihre Empfehlung an LinkedIn senden. Schon beim Aktivieren werden Daten an Dritte \\u00fcbertragen - siehe <em>i<\\\/em>.\",\"perma_option\":\"off\"}},\"txt_help\":\"\",\"settings_perma\":\"\",\"info_link\":\"\",\"uri\":\"https:\\\/\\\/www.n-news.de\\\/?p=88591\",\"post_id\":88591,\"post_title_referrer_track\":\"Wie+man+in+Venedig%2C+Rio%2C+New+Orleans+%26%23038%3B+Co.+Karneval+feiert\",\"display_infobox\":\"on\"});}});\n\/* ]]> *\/<\/script><\/div>","protected":false},"excerpt":{"rendered":"<p>#karneval #reiseapp Karneval ist nicht gleich Karneval: Wie man in Venedig, Rio, New Orleans &#038; Co. feiert Insbesondere im Rheinland kann man kaum noch erwarten, bis am 16. Februar mit Weiberfastnacht endlich der allj\u00e4hrliche Karneval beginnt. Bis zum 22. Februar wird sich dann verkleidet, \u201egeb\u00fctzt\u201c, auf Prunksitzungen am\u00fcsiert und Kamelle geworfen, was das Zeug h\u00e4lt. [&hellip;]<\/p>\n","protected":false},"author":2,"featured_media":88622,"comment_status":"closed","ping_status":"closed","sticky":false,"template":"","format":"standard","meta":[],"categories":[1],"tags":[105,16],"_links":{"self":[{"href":"https:\/\/www.n-news.de\/index.php?rest_route=\/wp\/v2\/posts\/88591"}],"collection":[{"href":"https:\/\/www.n-news.de\/index.php?rest_route=\/wp\/v2\/posts"}],"about":[{"href":"https:\/\/www.n-news.de\/index.php?rest_route=\/wp\/v2\/types\/post"}],"author":[{"embeddable":true,"href":"https:\/\/www.n-news.de\/index.php?rest_route=\/wp\/v2\/users\/2"}],"replies":[{"embeddable":true,"href":"https:\/\/www.n-news.de\/index.php?rest_route=%2Fwp%2Fv2%2Fcomments&post=88591"}],"version-history":[{"count":1,"href":"https:\/\/www.n-news.de\/index.php?rest_route=\/wp\/v2\/posts\/88591\/revisions"}],"predecessor-version":[{"id":124386,"href":"https:\/\/www.n-news.de\/index.php?rest_route=\/wp\/v2\/posts\/88591\/revisions\/124386"}],"wp:featuredmedia":[{"embeddable":true,"href":"https:\/\/www.n-news.de\/index.php?rest_route=\/wp\/v2\/media\/88622"}],"wp:attachment":[{"href":"https:\/\/www.n-news.de\/index.php?rest_route=%2Fwp%2Fv2%2Fmedia&parent=88591"}],"wp:term":[{"taxonomy":"category","embeddable":true,"href":"https:\/\/www.n-news.de\/index.php?rest_route=%2Fwp%2Fv2%2Fcategories&post=88591"},{"taxonomy":"post_tag","embeddable":true,"href":"https:\/\/www.n-news.de\/index.php?rest_route=%2Fwp%2Fv2%2Ftags&post=88591"}],"curies":[{"name":"wp","href":"https:\/\/api.w.org\/{rel}","templated":true}]}}