{"id":86345,"date":"2018-12-30T11:00:14","date_gmt":"2018-12-30T10:00:14","guid":{"rendered":"https:\/\/www.n-news.de\/\/?p=86345"},"modified":"2021-11-29T17:50:41","modified_gmt":"2021-11-29T16:50:41","slug":"fernsehturm-fuer-fruehaufsteher-den-sonnenaufgang-ueber-stuttgart-in-exklusiver-atmosphaere-erleben","status":"publish","type":"post","link":"https:\/\/www.n-news.de\/?p=86345","title":{"rendered":"\u201eFernsehturm f\u00fcr Fr\u00fchaufsteher\u201c: Den Sonnenaufgang \u00fcber Stuttgart in exklusiver Atmosph\u00e4re erleben"},"content":{"rendered":"<p>#stuttgart #fernsehturm <\/p>\n<p>Von der \u201eZacke\u201c bis zur Fernsehturmspitze <\/p>\n<h3>\u201eFernsehturm f\u00fcr Fr\u00fchaufsteher\u201c: Den Sonnenaufgang \u00fcber Stuttgart in exklusiver Atmosph\u00e4re erleben <\/h3>\n<p><b>Die neue Veranstaltungsreihe \u201eFernsehturm f\u00fcr Fr\u00fchaufsteher\u201c bietet ab September 2018 die M\u00f6glichkeit, noch vor den regul\u00e4ren \u00d6ffnungszeiten des Fernsehturms den Sonnenaufgang \u00fcber Stuttgart zu erleben. Die Veranstaltung umfasst eine Fahrt mit der historischen Zahnradbahn, einen gef\u00fchrten Waldspaziergang mit Fackeln zum Fernsehturm und ein Sektfr\u00fchst\u00fcck bei Sonnenaufgang in 144 Metern H\u00f6he. Der erste Termin ist Samstag, 8. September 2018. Entwickelt wurde das neue Veranstaltungsformat von der SWR Media Services GmbH, der Betreibergesellschaft des Fernsehturms Stuttgart.. <\/b><\/p>\n<p><div id=\"attachment_86378\" style=\"width: 435px\" class=\"wp-caption alignleft\"><img aria-describedby=\"caption-attachment-86378\" loading=\"lazy\" src=\"https:\/\/www.n-news.de\/wp-content\/uploads\/2018\/08\/Plakat_FFF_FernsehturmSTGT_klein.jpg\" alt=\"\" width=\"425\" height=\"600\" class=\"size-full wp-image-86378\" srcset=\"https:\/\/www.n-news.de\/wp-content\/uploads\/2018\/08\/Plakat_FFF_FernsehturmSTGT_klein.jpg 425w, https:\/\/www.n-news.de\/wp-content\/uploads\/2018\/08\/Plakat_FFF_FernsehturmSTGT_klein-213x300.jpg 213w\" sizes=\"(max-width: 425px) 100vw, 425px\" \/><p id=\"caption-attachment-86378\" class=\"wp-caption-text\">Plakat &#8222;Fernsehturm f\u00fcr Fr\u00fchaufsteher&#8220; \u00a9 SWR Media Services GmbH \/ Achim Mende<\/p><\/div><br \/>\nGestartet wird in aller Fr\u00fche am Marienplatz. Nach einer kurzen, steilen Panoramafahrt mit der Zahnradbahn \u201eZacke\u201c geht es circa 30 Minuten zu Fu\u00df weiter durch den Wald. W\u00e4hrend des Fackelspaziergangs in der Morgend\u00e4mmerung erz\u00e4hlen die Guides unterhaltsame Anekdoten und allerlei Wissenswertes \u00fcber den ersten Fernsehturm der Welt. <\/p>\n<p>Oben auf der Veranstaltungsebene des Fernsehturms erwarten die Teilnehmer ein feines Sektfr\u00fchst\u00fcck und der H\u00f6hepunkt des Events: Der atemberaubende Sonnenaufgang hoch \u00fcber der noch schlummernden Stadt und ihrem Umland. Ein exklusives Erlebnis f\u00fcr alle, die den Tag einmal auf eine ganz besondere Art beginnen m\u00f6chten. <\/p>\n<p>Das Sonnenaufgangs-Event findet ab September 2018 einmal im Monat samstags statt. Der Preis betr\u00e4gt pro Person 75 Euro, darin enthalten sind die Hinfahrt mit der Zahnradbahn, der gef\u00fchrte Fackelspaziergang, die Auffahrt auf den Fernsehturm und das Sektfr\u00fchst\u00fcck. Insgesamt dauert die Veranstaltung circa 2,5 Stunden. <\/p>\n<p>Termine und Tickets unter <a href=\"http:\/\/www.fernsehturm-stuttgart.de\/fruehaufsteher\" rel=\"noopener noreferrer\" target=\"_blank\">fernsehturm-stuttgart.de\/fruehaufsteher<\/a>. <\/p>\n<div class=\"twoclick_social_bookmarks_post_86345 social_share_privacy clearfix 1.6.4 locale-de_DE sprite-de_DE\"><\/div><div class=\"twoclick-js\"><script type=\"text\/javascript\">\/* <![CDATA[ *\/\njQuery(document).ready(function($){if($('.twoclick_social_bookmarks_post_86345')){$('.twoclick_social_bookmarks_post_86345').socialSharePrivacy({\"services\":{\"facebook\":{\"status\":\"on\",\"txt_info\":\"\",\"perma_option\":\"off\",\"action\":\"like\",\"language\":\"de_DE\"},\"twitter\":{\"reply_to\":\"nnews_de\",\"tweet_text\":\"%20%E2%80%9EFernsehturm%20f%C3%BCr%20Fr%C3%BChaufsteher%E2%80%9C%3A%20Den%20Sonnenaufgang%20...\",\"status\":\"on\",\"txt_info\":\"\",\"perma_option\":\"off\",\"language\":\"de\",\"referrer_track\":\"\"},\"gplus\":{\"status\":\"on\",\"txt_info\":\"\",\"perma_option\":\"off\",\"referrer_track\":\"\"},\"pinterest\":{\"status\":\"on\",\"the_excerpt\":\"\\u201eFernsehturm f\\u00fcr Fr\\u00fchaufsteher\\u201c: Den Sonnenaufgang \\u00fcber Stuttgart in exklusiver Atmosph\\u00e4re erleben &raquo; #stuttgart #fernsehturm \\r\\n\\r\\nVon der \\u201eZacke\\u201c bis zur Fernsehturmspi ...\",\"txt_info\":\"\",\"perma_option\":\"off\",\"media\":\"https:\\\/\\\/www.n-news.de\\\/wp-content\\\/uploads\\\/2018\\\/08\\\/Plakat_FFF_FernsehturmSTGT_klein.jpg\"},\"linkedin\":{\"status\":\"on\",\"txt_info\":\"2 Klicks f\\u00fcr mehr Datenschutz: Erst wenn Sie hier klicken, wird der Button aktiv und Sie k\\u00f6nnen Ihre Empfehlung an LinkedIn senden. Schon beim Aktivieren werden Daten an Dritte \\u00fcbertragen - siehe <em>i<\\\/em>.\",\"perma_option\":\"off\"}},\"txt_help\":\"\",\"settings_perma\":\"\",\"info_link\":\"\",\"uri\":\"https:\\\/\\\/www.n-news.de\\\/?p=86345\",\"post_id\":86345,\"post_title_referrer_track\":\"%E2%80%9EFernsehturm+f%C3%BCr+Fr%C3%BChaufsteher%E2%80%9C%3A+Den+Sonnenaufgang+%C3%BCber+Stuttgart+in+exklusiver+Atmosph%C3%A4re+erleben\",\"display_infobox\":\"on\"});}});\n\/* ]]> *\/<\/script><\/div>","protected":false},"excerpt":{"rendered":"<p>#stuttgart #fernsehturm Von der \u201eZacke\u201c bis zur Fernsehturmspitze \u201eFernsehturm f\u00fcr Fr\u00fchaufsteher\u201c: Den Sonnenaufgang \u00fcber Stuttgart in exklusiver Atmosph\u00e4re erleben Die neue Veranstaltungsreihe \u201eFernsehturm f\u00fcr Fr\u00fchaufsteher\u201c bietet ab September 2018 die M\u00f6glichkeit, noch vor den regul\u00e4ren \u00d6ffnungszeiten des Fernsehturms den Sonnenaufgang \u00fcber Stuttgart zu erleben. Die Veranstaltung umfasst eine Fahrt mit der historischen Zahnradbahn, einen gef\u00fchrten [&hellip;]<\/p>\n","protected":false},"author":2,"featured_media":86378,"comment_status":"closed","ping_status":"closed","sticky":false,"template":"","format":"standard","meta":[],"categories":[1,65],"tags":[120],"_links":{"self":[{"href":"https:\/\/www.n-news.de\/index.php?rest_route=\/wp\/v2\/posts\/86345"}],"collection":[{"href":"https:\/\/www.n-news.de\/index.php?rest_route=\/wp\/v2\/posts"}],"about":[{"href":"https:\/\/www.n-news.de\/index.php?rest_route=\/wp\/v2\/types\/post"}],"author":[{"embeddable":true,"href":"https:\/\/www.n-news.de\/index.php?rest_route=\/wp\/v2\/users\/2"}],"replies":[{"embeddable":true,"href":"https:\/\/www.n-news.de\/index.php?rest_route=%2Fwp%2Fv2%2Fcomments&post=86345"}],"version-history":[{"count":0,"href":"https:\/\/www.n-news.de\/index.php?rest_route=\/wp\/v2\/posts\/86345\/revisions"}],"wp:featuredmedia":[{"embeddable":true,"href":"https:\/\/www.n-news.de\/index.php?rest_route=\/wp\/v2\/media\/86378"}],"wp:attachment":[{"href":"https:\/\/www.n-news.de\/index.php?rest_route=%2Fwp%2Fv2%2Fmedia&parent=86345"}],"wp:term":[{"taxonomy":"category","embeddable":true,"href":"https:\/\/www.n-news.de\/index.php?rest_route=%2Fwp%2Fv2%2Fcategories&post=86345"},{"taxonomy":"post_tag","embeddable":true,"href":"https:\/\/www.n-news.de\/index.php?rest_route=%2Fwp%2Fv2%2Ftags&post=86345"}],"curies":[{"name":"wp","href":"https:\/\/api.w.org\/{rel}","templated":true}]}}