{"id":85680,"date":"2018-12-26T18:36:35","date_gmt":"2018-12-26T17:36:35","guid":{"rendered":"https:\/\/www.n-news.de\/\/?p=85680"},"modified":"2021-11-29T17:59:04","modified_gmt":"2021-11-29T16:59:04","slug":"fanta-4-bei-den-jazzopen-heimspiel","status":"publish","type":"post","link":"https:\/\/www.n-news.de\/?p=85680","title":{"rendered":"Fanta 4 bei den Jazzopen: Heimspiel"},"content":{"rendered":"<p>#jazzopen #stuttgart #openair<\/p>\n<h3>Fanta 4 bei den Jazzopen: Heimspiel<\/h3>\n<blockquote><p><strong>Heimspiel f\u00fcr DIE FANTASTISCHEN VIER beim Jazzopen 2018 in Stuttgart. Zwar wohnen Sie alle nicht mehr in Stuttgart, Smudo, Thomas D, Michi Beck und AndYpsilon sind aber immer wieder hier anzutreffen. Davor: Jazzkantine.<\/strong><br \/>\nDen Schlusspunkt beim diesj\u00e4hrigen, \u00fcberaus erfolgreichen Jazzopen-Festival setzen Die Fantastischen Vier. Und zwar ein Punkt mit Ausrufezeichen. Alle Songtexte sind den Fans bekannt, es wird gesungen, getanzt, mitgeh\u00fcpft und gefeiert. 7000 Fans sind es auch hier, lange vorher ausverkauft, die Fanta4 sehen wollen. Und sie werden nicht entt\u00e4uscht&#8230;<\/p>\n<p>Picknicker (im Business-Bereich gibt es Catering) und Kopfnicker, Hip Hop steckt sie alle an. Man sieht Smudo mit Trompete, davor stimmt die JAZZKANTINE auf den Abend ein. Nat\u00fcrlich sind einige St\u00fccke aus dem im Februar Im Wizemann vorgestellten neuen Album &#8222;Captain Fantastic&#8220; dabei, aber auch viele Hits der vergangenen f\u00fcnfundzwanzig Jahre finden sich auf der Setlist. Auch wenn alle zu den letzten St\u00fccken wie dem aktuellen Hit &#8222;Zusammen&#8220; richtig nass werden, der Besuch bei den Fanta4 hat sich allemal gelohnt. Klasse Konzert, Klasse Festival!<\/p>\n<p>MK Schechler, N-News.de<\/p><\/blockquote>\n<p>Mehr Fotos in unserer Foto-Galerie: <a href=\"https:\/\/www.n-news.de\/mk\/2018\/07\/26\/die-fantastischen-vier-2\/\" rel=\"noopener noreferrer\" target=\"_blank\">Hier klicken!<\/a><\/p>\n<div id=\"attachment_85783\" style=\"width: 610px\" class=\"wp-caption alignleft\"><img aria-describedby=\"caption-attachment-85783\" loading=\"lazy\" src=\"https:\/\/www.n-news.de\/wp-content\/uploads\/2018\/07\/DSC06642.jpg\" alt=\"\" width=\"600\" height=\"399\" class=\"size-full wp-image-85783\" srcset=\"https:\/\/www.n-news.de\/wp-content\/uploads\/2018\/07\/DSC06642.jpg 600w, https:\/\/www.n-news.de\/wp-content\/uploads\/2018\/07\/DSC06642-300x200.jpg 300w, https:\/\/www.n-news.de\/wp-content\/uploads\/2018\/07\/DSC06642-240x160.jpg 240w\" sizes=\"(max-width: 600px) 100vw, 600px\" \/><p id=\"caption-attachment-85783\" class=\"wp-caption-text\">Fanta 4 bei den Jazzopen: Heimspiel<\/p><\/div>\n<p>Die Fantastischen Vier<br \/>\nVorband: JAZZKANTINE &#038; Archie Banks<br \/>\nSonntag 22.07.2018<br \/>\nSchlossplatz Stuttgart<\/p>\n<h3>K\u00dcNSTLERINFO <\/h3>\n<p>(Quelle: jazzopen)<\/p>\n<p><B>Die Fantastischen Vier<\/B><br \/>\nAm Finaltag der Jubil\u00e4umsausgabe pr\u00e4sentieren wir die Fantastischen Vier auf dem Schlossplatz. Neben den gro\u00dfen Hits aus 29 Jahren Bandgeschichte werden Die Fantastischen Vier dort auch Songs aus ihrem neuen Album &#8222;Captain Fantastic&#8220; vorstellen. Nach 2003 beehren Smudo, And.Y, Thomas D und Michi Beck nach 15 Jahren zum zweiten Mal das Festival.<\/p>\n<p>Vor knapp 30 Jahren, im Juli 1989, begann die Geschichte von Deutschlands dienst\u00e4ltestem Rap-Act, als Smudo, Thomas D, Michi Beck und And.Ypsilon das erste Mal gemeinsam als \u201eDie Fantastischen Vier\u201c auf der B\u00fchne standen  &#8211; aus Europaletten in einem ehemaligen Kindergarten in Stuttgart-Wangen. Zwei Jahre sp\u00e4ter ver\u00f6ffentlicht die Band ihr Deb\u00fct-Album, und damit das erste durchgehend deutschsprachige Rap-Album. Ihren Durchbruch feiern die Vier 1992 mit dem Charthit \u201eDie da!?!\u201c und waren damit die erste Rap-Formation, die mit \u201eDeutschem Sprechgesang\u201c bundesweit Schlagzeilen machte. Mit ihren ersten gro\u00dfen Erfolgen waren sie bald eine offene Provokation f\u00fcr eine noch unentspannt dogmatische deutsche HipHop-Szene. Erst mit einigem Abstand wurde klar, was f\u00fcr eine nachhaltige Entwicklung dieser Konflikt in Bewegung setzte, und wie wichtig das daraus entstehende Selbstbewusstsein f\u00fcr eine Subkultur war, die heute ganz selbstverst\u00e4ndlich im Mittelpunkt zu stehen gelernt hat. Die Fantastischen Vier etablierten sich in der Folge als immens wandlungsf\u00e4hige Band, f\u00fcr die Subversion, Selbstironie und gro\u00dfe Gesten nie Widerspr\u00fcche waren. Jenseits all der Superlative und kulturellen Wechselwirkungen sind Die Fantastischen Vier aber auch ein soziales Ph\u00e4nomen. In einer ganz urspr\u00fcnglichen Auspr\u00e4gung menschlicher Zusammengeh\u00f6rigkeit sind sie eine Gruppe, die schlicht aus einem gemeinsamen Interesse heraus eine instinktive gegenseitige Loyalit\u00e4t entwickelt hat, die nur in wenigen anderen Bands so stark zu sp\u00fcren ist. Diese gemeinsame Identit\u00e4t von vier so unterschiedlichen Charakteren besteht unabh\u00e4ngig von Ort und Zeit, in Abgrenzung von allen \u00e4u\u00dferen Umst\u00e4nden: Es gibt nur Thomas, Smudo, Andy, Michi. Es geht nur um die Vier. Und das ist auch der Grund daf\u00fcr, dass es die Vier so lange gibt. Heute blickt die Band auf knapp sieben Platin-Auszeichnungen und sieben Millionen verkaufte Tontr\u00e4ger zur\u00fcck, darunter aber gerade einmal neun Studioalben. Durch l\u00e4ngere Pausen, in denen sich die Vier auf eigene Projekte konzentrieren und wieder individuelle Motivation sammeln, steht jedes neue Album f\u00fcr eine neue Ausgangsposition als Band und f\u00fcr einen Zeitpunkt, an dem die Vier wieder gemeinsam etwas zu sagen haben. Die Schlossplatz-Show am 22. Juli wird ein echtes Heimspiel f\u00fcr Smudo, Thomas D, Michi Beck und Andy Ypsilon. Die Fantastischen Vier werden den Schlossplatz zum Beben bringen.<br \/>\nK\u00fcnstlerhomepage: <a href=\"https:\/\/diefantastischenvier.de\/\" rel=\"noopener noreferrer\" target=\"_blank\">https:\/\/diefantastischenvier.de\/<\/a><\/p>\n<p><B>Jazzkantine<\/B><br \/>\nAm 22. Juli freuen wir uns auf die Band Jazzkantine, die am Sonntag vor den Fantastischen Vier spielt. Seit 1994 spielte die Band, die bereits den deutschen Musikpreis Echo in der Kategorie Beste Jazzproduktion sowie den German Jazz Award und das Goldene Ohr erhielt, mehr als 1000 Konzerte in Deutschland, \u00d6sterreich und der Schweiz, unter anderem auf dem Montreux Jazz Festival. <\/p>\n<p>&#8222;Jazzkantine&#8220;, das ist eine Jazz-Rap-Band aus Braunschweig, gegr\u00fcndet von Ole Sander, Matthias Lanzer und Christian Eitner im Jahr 1993. Kennzeichnend f\u00fcr die Musik der Jazzkantine ist die Vermischung der verschiedenen Stilelemente des Rap und Jazz. Dabei arbeitete die Band mit so unterschiedlichen K\u00fcnstlern wie Smudo, G\u00f6tz Alsmann und Bands wie Such A Surge zusammen. Nicht nur aufgrund der Zusammenarbeit mit Smudo ist die Jazzkantine also DIE perfekte Vorband am letzten Festivaltag der jazzopen. Jazz und HipHop gehen Hand in Hand, davon ist die Jazzkantine schon lange \u00fcberzeugt.<br \/>\nK\u00fcnstlerhomepage: <a href=\"https:\/\/www.jazzkantine.de\/\" rel=\"noopener noreferrer\" target=\"_blank\">https:\/\/www.jazzkantine.de\/<\/a><\/p>\n<p><img src=\"https:\/\/www.n-news.de\/wp-content\/uploads\/2018\/07\/DSC06608.jpg\" alt=\"Jazzkantine\" \/><br \/>\nJazzkantine er\u00f6ffnen den Abend bei den Jazzopen<\/p>\n<h3>JAZZOPEN STUTTGART 2018<\/h3>\n<p><b>\u00dcber 50 Acts in elf Tagen auf sieben B\u00fchnen vom 12. bis 22. Juli 2018 \u2013 Neu: \u201eOpen Stage\u201c im Stadtmuseum Stuttgart<\/b><br \/>\nSTUTTGART: Von 12. bis 22. Juli 2018 feiern die jazzopen stuttgart ihr 25-j\u00e4hriges Jubil\u00e4um und verwandeln die Landeshauptstadt wieder in einen Hotspot f\u00fcr Musikfans. Bislang wurden rund 33.000 Tickets verkauft. Der Veranstalter Opus rechnet mit einem Besucherrekord von \u00fcber 40.000. Die Jubil\u00e4umsfeier auf der Hauptb\u00fchne am Schlossplatz steigt von 18. bis 22. Juli. Neben Jamiroquai (18.7.) treten dort Jamie Cullum &amp; Joss Stone (19.7.), Kraftwerk (20.7.), Lenny Kravitz &amp; Gary Clark Jr. (21.7.) sowie die Fantastischen Vier (22.7) auf. Im Vorprogramm werden auf dem Schlossplatz Ibeyi (18.7.), Booka Shade (20.7.) und die Jazzkantine (22.7.) zu erleben sein. Auf der B\u00fchne im Innenhof des Alten Schlosses pr\u00e4sentiert das Festival Gregory Porter (13.7.), Stanley Clarke Band (14.7.), Pat Metheny (16.7.) und Till Br\u00f6nner (17.7.). Auch das Programm auf den Nebenb\u00fchnen steht nun fest: Im Scala Ludwigsburg werden Marcus Miller (17.7.) und LP (20.7.) zu erleben sein. Festival-Auftakt ist erneut die Verleihung der German Jazz Trophy im Eventcenter SpardaWelt \u2013 dieses Jahr an Rolf und Joachim K\u00fchn (12.7.). Dort treten zudem Christian McBride\u2019s New Jawn &amp; Meshell Ndegeocello (13.7.), Michael Wollny Trio &amp; Younee (14.7), Tears for Esbj\u00f6rn (16.7.) sowie GoGo Penguin (17.7.) auf. Auch die Clubb\u00fchne BIX bietet wieder hochkar\u00e4tiges Programm bei intimer Atmosph\u00e4re, darunter Jason Moran and the Bandwagon (12.7.), Indra Rios-Moore (13.7.), Allan Harris (14.7.), Chico Freeman (15.7.), David Helbock\u2019s Random\/Control (16.7.), First Strings on Mars (17.7.), Omer Avital (18.7.), Catherine Russell (19.7.), Echoes of Swing (20.7.) und Knower &amp; Moon Hooch (21.7.). Als besonderes Highlight wird 2018 erneut die Domkirche St.Eberhardt bespielt (20.7.) \u2013 dieses Mal von Wolfgang Dauner, der mit Lesungen von Stadtdekan Msgr. Dr. Christian Hermes begleitet wird. 2018 engagiert sich erstmal seit 2009 wieder die Stadt Stuttgart mit einem F\u00f6rderbeitrag, der in eintrittsfreie B\u00fchnen investiert wird. So bespielt der Veranstalter Opus das in neuem Glanz erstrahlende Stadtmuseum Stuttgart unter dem Titel \u201eOpen Stage im Stadtmuseum\u201c mit einem FusionProgramm.<\/p>\n<p>Mehr Infos zu den Jazzopen unter <a href=\"http:\/\/www.jazzopen.com\" target=\"_blank\" rel=\"noopener noreferrer\">www.jazzopen.com<\/a><\/p>\n<p>Veranstalter:<br \/>\nOpus Festivals, Veranstaltungs- und Management GmbH<br \/>\n<a href=\"http:\/\/www.opus.live\" target=\"_blank\" rel=\"noopener noreferrer\">www.opus.live<\/a><\/p>\n<div class=\"twoclick_social_bookmarks_post_85680 social_share_privacy clearfix 1.6.4 locale-de_DE sprite-de_DE\"><\/div><div class=\"twoclick-js\"><script type=\"text\/javascript\">\/* <![CDATA[ *\/\njQuery(document).ready(function($){if($('.twoclick_social_bookmarks_post_85680')){$('.twoclick_social_bookmarks_post_85680').socialSharePrivacy({\"services\":{\"facebook\":{\"status\":\"on\",\"txt_info\":\"\",\"perma_option\":\"off\",\"action\":\"like\",\"language\":\"de_DE\"},\"twitter\":{\"reply_to\":\"nnews_de\",\"tweet_text\":\"Fanta%204%20bei%20den%20Jazzopen%3A%20Heimspiel%20%C2%BB%20N-News.de\",\"status\":\"on\",\"txt_info\":\"\",\"perma_option\":\"off\",\"language\":\"de\",\"referrer_track\":\"\"},\"gplus\":{\"status\":\"on\",\"txt_info\":\"\",\"perma_option\":\"off\",\"referrer_track\":\"\"},\"pinterest\":{\"status\":\"on\",\"the_excerpt\":\"Fanta 4 bei den Jazzopen: Heimspiel &raquo; #jazzopen #stuttgart #openair\\r\\n\\r\\nFanta 4 bei den Jazzopen: Heimspi ...\",\"txt_info\":\"\",\"perma_option\":\"off\",\"media\":\"https:\\\/\\\/www.n-news.de\\\/wp-content\\\/uploads\\\/2018\\\/07\\\/DSC06642.jpg\"},\"linkedin\":{\"status\":\"on\",\"txt_info\":\"2 Klicks f\\u00fcr mehr Datenschutz: Erst wenn Sie hier klicken, wird der Button aktiv und Sie k\\u00f6nnen Ihre Empfehlung an LinkedIn senden. Schon beim Aktivieren werden Daten an Dritte \\u00fcbertragen - siehe <em>i<\\\/em>.\",\"perma_option\":\"off\"}},\"txt_help\":\"\",\"settings_perma\":\"\",\"info_link\":\"\",\"uri\":\"https:\\\/\\\/www.n-news.de\\\/?p=85680\",\"post_id\":85680,\"post_title_referrer_track\":\"Fanta+4+bei+den+Jazzopen%3A+Heimspiel\",\"display_infobox\":\"on\"});}});\n\/* ]]> *\/<\/script><\/div>","protected":false},"excerpt":{"rendered":"<p>#jazzopen #stuttgart #openair Fanta 4 bei den Jazzopen: Heimspiel Heimspiel f\u00fcr DIE FANTASTISCHEN VIER beim Jazzopen 2018 in Stuttgart. Zwar wohnen Sie alle nicht mehr in Stuttgart, Smudo, Thomas D, Michi Beck und AndYpsilon sind aber immer wieder hier anzutreffen. Davor: Jazzkantine. Den Schlusspunkt beim diesj\u00e4hrigen, \u00fcberaus erfolgreichen Jazzopen-Festival setzen Die Fantastischen Vier. Und zwar [&hellip;]<\/p>\n","protected":false},"author":2,"featured_media":85783,"comment_status":"closed","ping_status":"closed","sticky":false,"template":"","format":"standard","meta":[],"categories":[1,65],"tags":[42,76],"_links":{"self":[{"href":"https:\/\/www.n-news.de\/index.php?rest_route=\/wp\/v2\/posts\/85680"}],"collection":[{"href":"https:\/\/www.n-news.de\/index.php?rest_route=\/wp\/v2\/posts"}],"about":[{"href":"https:\/\/www.n-news.de\/index.php?rest_route=\/wp\/v2\/types\/post"}],"author":[{"embeddable":true,"href":"https:\/\/www.n-news.de\/index.php?rest_route=\/wp\/v2\/users\/2"}],"replies":[{"embeddable":true,"href":"https:\/\/www.n-news.de\/index.php?rest_route=%2Fwp%2Fv2%2Fcomments&post=85680"}],"version-history":[{"count":0,"href":"https:\/\/www.n-news.de\/index.php?rest_route=\/wp\/v2\/posts\/85680\/revisions"}],"wp:featuredmedia":[{"embeddable":true,"href":"https:\/\/www.n-news.de\/index.php?rest_route=\/wp\/v2\/media\/85783"}],"wp:attachment":[{"href":"https:\/\/www.n-news.de\/index.php?rest_route=%2Fwp%2Fv2%2Fmedia&parent=85680"}],"wp:term":[{"taxonomy":"category","embeddable":true,"href":"https:\/\/www.n-news.de\/index.php?rest_route=%2Fwp%2Fv2%2Fcategories&post=85680"},{"taxonomy":"post_tag","embeddable":true,"href":"https:\/\/www.n-news.de\/index.php?rest_route=%2Fwp%2Fv2%2Ftags&post=85680"}],"curies":[{"name":"wp","href":"https:\/\/api.w.org\/{rel}","templated":true}]}}