{"id":84213,"date":"2026-04-27T07:18:40","date_gmt":"2026-04-27T05:18:40","guid":{"rendered":"https:\/\/www.n-news.de\/\/?p=84213"},"modified":"2026-04-11T20:13:10","modified_gmt":"2026-04-11T18:13:10","slug":"unterwegs-an-der-wiege-des-mobilen-reisens","status":"publish","type":"post","link":"https:\/\/www.n-news.de\/?p=84213","title":{"rendered":"Unterwegs an der \u201eWiege des mobilen Reisens\u201c"},"content":{"rendered":"<p>#Camping #oberschwaben #Wohnmobil #hymer #Carthago #Dethleffs<\/p>\n<p>Brosch\u00fcre zur Reisemobil- und Campingregion Oberschwaben-Allg\u00e4u <\/p>\n<p><b>Bad Schussenried \u2013 Die liebliche Landschaft in Oberschwaben und im w\u00fcrttembergischen Allg\u00e4u ist ideal f\u00fcr das Reisen im eigenen Zuhause. Mit zahlreichen Thermalb\u00e4dern, barocken Kultursch\u00e4tzen, Museen und herzlicher Gastfreundschaft bietet die Region alles, was Urlauber sch\u00e4tzen. Und fast \u00fcberall finden sich mit gut ausgestatteten Stellpl\u00e4tzen perfekte Bedingungen f\u00fcr Reisemobilisten. Eine neue Brosch\u00fcre von Oberschwaben Tourismus fasst s\u00e4mtliche Informationen kompakt zusammen. Download und Bestellung: www.oberschwaben-tourismus.de <\/b><\/p>\n<p>Das sanfte H\u00fcgelland zwischen Donau und Bodensee im S\u00fcden Deutschlands gilt als Wiege des mobilen Reisens. Mit seinem sogenannten Wohnauto baute Arist Dethleffs in Isny 1931 den ersten Wohnwagen Deutschlands. 25 Jahre sp\u00e4ter trat Erwin Hymer in das elterliche Karosseriebau-Unternehmen ein und entwickelte 1957 den \u201eUr-Troll\u201c. <\/p>\n<p><strong>Zu den Urspr\u00fcngen im Erwin Hymer Museum<\/strong><br \/>\nEine Pflichtstation f\u00fcr mobile Urlauber im S\u00fcden Deutschlands ist daher auch das Erwin Hymer Museum in Bad Waldsee. Am traditionsreichen Firmenstandort wird am Beispiel von 80 historischen Fahrzeugen gezeigt, wie die Idee des mobilen Reisens Fahrt aufnahm. Das markante Museumsgeb\u00e4ude ist nicht nur f\u00fcr technikverliebte M\u00e4nner eine Anlaufstation. Die ganze Familie geht mit auf die Reise zu den ersten Wohnautos. www.erwin-hymer-museum.de <\/p>\n<p><strong>Hei\u00dfer Tipp: Stellpl\u00e4tze an der Quelle und in Altstadtn\u00e4he<\/strong><br \/>\nDas schw\u00e4bische Oberland ist gesegnet mit einer unvergleichlichen Moorlandschaft und zahlreichen Thermalquellen. An sechs Orten sprudelt hei\u00dfes Wasser direkt aus der Erde. Die heilsame Wirkung des mineralhaltigen Wassers wird von den Badeg\u00e4sten gesch\u00e4tzt. F\u00fcnf Thermalb\u00e4der hei\u00dfen Wohnmobilisten auf eigenen Stellpl\u00e4tzen willkommen: die Schwabentherme in Aulendorf, die Adelindis-Therme in Bad Buchau, die Sonnenhof-Therme in Bad Saulgau, die Waldsee-Therme in Bad Waldsee und die Vitalium-Therme in Bad Wurzach. Mit der N\u00e4he zur historischen Altstadt, zu Museen oder Kulturangeboten punkten au\u00dferdem die Wohnmobil-Stellpl\u00e4tze etwa in Bad Schussenried, Biberach, Ehingen, Isny, Ki\u00dflegg, Leutkirch, Ochsenhausen, Ravensburg, Riedlingen, Ulm, Wangen und Wolfegg. Wer eher die l\u00e4ndliche Idylle und unmittelbare N\u00e4he zur Natur sucht, ist an den Zielfinger Seen in Mengen oder in Krauchenwies, Pfullendorf und Ostrach richtig. Die G\u00e4ste dieser Stellpl\u00e4tze k\u00f6nnen meist in Seen oder Fl\u00fcssen baden und die Wege durch Wald und Flur sind nicht weit. <\/p>\n<p><strong>Routenvielfalt f\u00fcr Wohnmobil-Fahrer<\/strong><br \/>\nOberschwaben Tourismus hat die 36 Stellpl\u00e4tze und elf Campingpl\u00e4tze der Region auf verschiedenen Routen miteinander verbunden: Reisemobilisten w\u00e4hlen unter anderem zwischen der Donautal-Route, der Route zum Federsee, der Allg\u00e4u-Route oder der Familienroute. Die Fahrstrecken sind zwischen 60 und 150 Kilometer lang und f\u00fchren zu den wichtigsten Sehensw\u00fcrdigkeiten. So etwa verl\u00e4uft die Familienroute von Isny im Allg\u00e4u zum Erwin Hymer Museum in Bad Waldsee und gipfelt im Ravensburger Spieleland mit eigenem Wohnmobilstellplatz. Der Freizeitpark f\u00fcr Familien mit Kindern bis 12 Jahre wurde wiederholt als familienfreundlichster Themenpark Deutschlands ausgezeichnet und feiert 2018 seinen 20. Geburtstag. <\/p>\n<p><strong>Auf Rad- und Wanderwegen durch das barocke H\u00fcgelland<\/strong><br \/>\nWer nicht nur mit seinem Fahrzeug mobil ist und die sportliche Herausforderung sucht, freut sich \u00fcber die vielen Rad- und Wanderwege der Region, die \u00fcber sanfte H\u00fcgel f\u00fchren. So etwa f\u00fchrt der Oberschwaben-Allg\u00e4u Radweg zu den ber\u00fchmten barocken Bauwerken der Region. Die Kirchen und Kl\u00f6ster entlang der Oberschw\u00e4bischen Barockstra\u00dfe sind nicht nur Ziele f\u00fcr Kunsthistoriker. Die Farbenfreude und Dekorationslust der sakralen Kunst fr\u00fcherer Zeiten ist geradezu ansteckend fr\u00f6hlich. <\/p>\n<p>Die Brosch\u00fcre \u201eReisemobil- &#038; Campingregion OberschwabenAllg\u00e4u\u201c gibt einen kompakten \u00dcberblick \u00fcber Stellpl\u00e4tze und Campingpl\u00e4tze, Routenvorschl\u00e4ge und Stationen. Sie kann angefordert werden bei Oberschwaben Tourismus, Tel. +49 7583 92638-0, info@oberschwaben-tourismus.de. Weitere Informationen zur Region: <a href=\"http:\/\/www.oberschwaben-tourismus.de\" rel=\"noopener noreferrer\" target=\"_blank\">www.oberschwaben-tourismus.de<\/a> <\/p>\n<div id=\"attachment_84277\" style=\"width: 610px\" class=\"wp-caption alignleft\"><img aria-describedby=\"caption-attachment-84277\" loading=\"lazy\" src=\"https:\/\/www.n-news.de\/wp-content\/uploads\/2018\/04\/OTG_2018_Erwin_Hymer_Museumm_Aussenansicht_Nacht_15x10cm_300dpi__Nachweis_Erwin_Hymer_Museum.jpg\" alt=\"\" width=\"600\" height=\"401\" class=\"size-full wp-image-84277\" \/><p id=\"caption-attachment-84277\" class=\"wp-caption-text\">Das Erwin Hymer Museum in Bad Waldsee. Es ist das einzige Museum Europas, das sich der mobilen Reiseform widmet. Bildnachweis: Erwin Hymer Museum<\/p><\/div>\n<h3>SERVICE <\/h3>\n<p><strong>Wie das mobile Reisen erfunden wurde und wie es dann weiterging\u2026 <\/strong><br \/>\nBegonnen hat das mobile Reisen bereits 1931 mit einem einfachen Anh\u00e4nger. Arist Dethleffs baute in Isny mit seinem sogenannten Wohnauto den ersten Wohnwagen Deutschlands. Unterwegs mit Gattin und Tochter wollte der Gesch\u00e4ftsmann nicht auf eigene Betten und Kochm\u00f6glichkeit verzichten. <\/p>\n<p>25 Jahre sp\u00e4ter trat Erwin Hymer in das elterliche Wagnerei- und Karosseriebau-Unternehmen ein und entwickelte zusammen mit Erich Bachem schon im Folgejahr 1957 den \u201eUr-Troll\u201c. Ein Jahr sp\u00e4ter ging die ber\u00fchmte ERIBA-Touring-Baureihe in Serie. Heute steht der Markenname Hymer mit seinen hochmodernen und komfortablen Gef\u00e4hrten fast schon synonym f\u00fcr Wohnmobile. <\/p>\n<p>1979 kam in der Region ein weiteres Unternehmen hinzu. Carthago, einst in Ravensburg gegr\u00fcndete, hat seinen Standort im oberschw\u00e4bischen Aulendorf und besch\u00e4ftigt rund 1.100 Mitarbeiter. <\/p>\n<p>Alle drei Unternehmen geh\u00f6ren heute zu den f\u00fchrenden Premiumherstellern f\u00fcr Reisemobile und Caravans in Europa. <\/p>\n<p>Ausflug zu den Produktionsst\u00e4tten von Carthago, Hymer und Dethleffs<br \/>\nIn unmittelbarer Nachbarschaft zur Produktionsst\u00e4tte k\u00f6nnen Wohnmobil-Kapit\u00e4ne in der Carthago City Aulendorf vor Anker gehen. Das Carthago-Firmengel\u00e4nde ist landschaftlich sch\u00f6n eingebettet. Diesen Vorzug und den Fernblick auf die Alpenkette teilen die Mitarbeiter gerne mit mobilen Ferieng\u00e4sten. Wer hier Station macht, kann seinen Aufenthalt mit einer F\u00fchrung durch eine der modernsten Reisemobilfertigungen Europas verbinden. <\/p>\n<p>Der Name Hymer ist bereits seit 60 Jahren Inbegriff f\u00fcr Premium-Reisemobile und -Caravans \u201emade in Germany\u201c. Wer in Bad Waldsee eine Werksf\u00fchrung bucht, geht auf eine einzigartige Entdeckungstour durch hochmoderne Caravan- und Reisemobilproduktionsanlagen und wirft auch einen Blick hinter die Kulissen der Hymer-Produktion. <\/p>\n<p>Auch im Dethleffs-Werk in Isny sind Wohnmobilurlauber herzlich willkommen. Der angegliederte Stellplatz ist nicht nur bei Dethleffs-Kunden als \u00dcbernachtungsplatz beliebt. <\/p>\n<p>Die drei Anbieter vermieten auch Wohnmobile an Einsteiger, die sich in der Ferienregion Oberschwaben-Allg\u00e4u als komfortable Camper versuchen wollen.    <\/p>\n<p>Kontaktinformationen: <\/p>\n<p>Dethleffs GmbH &#038; Co. KG, Arist-Dethleffs-Stra\u00dfe 12, D-88316 Isny im Allg\u00e4u, Tel. +49 (0) 7562 9870, <a href=\"http:\/\/www.dethleffs.de\" rel=\"noopener noreferrer\" target=\"_blank\">www.dethleffs.de<\/a><br \/>\nHymer GmbH &#038; Co. KG, Holzstr. 19, D-88339 Bad Waldsee, Tel. +49 (0) 7524 9990, <a href=\"http:\/\/www.hymer.com\" rel=\"noopener noreferrer\" target=\"_blank\">www.hymer.com<\/a><br \/>\nCarthago-Reisemobilbau GmbH, Carthago-Ring 1, D-88326 Aulendorf, Tel. +49 (0) 7525 92000, <a href=\"http:\/\/www.carthago.com\" rel=\"noopener noreferrer\" target=\"_blank\">www.carthago.com<\/a> <\/p>\n<div class=\"twoclick_social_bookmarks_post_84213 social_share_privacy clearfix 1.6.4 locale-de_DE sprite-de_DE\"><\/div><div class=\"twoclick-js\"><script type=\"text\/javascript\">\/* <![CDATA[ *\/\njQuery(document).ready(function($){if($('.twoclick_social_bookmarks_post_84213')){$('.twoclick_social_bookmarks_post_84213').socialSharePrivacy({\"services\":{\"facebook\":{\"status\":\"on\",\"txt_info\":\"\",\"perma_option\":\"off\",\"action\":\"like\",\"language\":\"de_DE\"},\"twitter\":{\"reply_to\":\"nnews_de\",\"tweet_text\":\"Unterwegs%20an%20der%20%E2%80%9EWiege%20des%20mobilen%20Reisens%E2%80%9C%20%C2%BB%20N-News.de\",\"status\":\"on\",\"txt_info\":\"\",\"perma_option\":\"off\",\"language\":\"de\",\"referrer_track\":\"\"},\"gplus\":{\"status\":\"on\",\"txt_info\":\"\",\"perma_option\":\"off\",\"referrer_track\":\"\"},\"pinterest\":{\"status\":\"on\",\"the_excerpt\":\"Unterwegs an der \\u201eWiege des mobilen Reisens\\u201c &raquo; #Camping #oberschwaben #Wohnmobil #hymer #Carthago #Dethleffs\\r\\n\\r\\nB ...\",\"txt_info\":\"\",\"perma_option\":\"off\",\"media\":\"https:\\\/\\\/www.n-news.de\\\/wp-content\\\/uploads\\\/2021\\\/11\\\/n-news_base.jpg\"},\"linkedin\":{\"status\":\"on\",\"txt_info\":\"2 Klicks f\\u00fcr mehr Datenschutz: Erst wenn Sie hier klicken, wird der Button aktiv und Sie k\\u00f6nnen Ihre Empfehlung an LinkedIn senden. Schon beim Aktivieren werden Daten an Dritte \\u00fcbertragen - siehe <em>i<\\\/em>.\",\"perma_option\":\"off\"}},\"txt_help\":\"\",\"settings_perma\":\"\",\"info_link\":\"\",\"uri\":\"https:\\\/\\\/www.n-news.de\\\/?p=84213\",\"post_id\":84213,\"post_title_referrer_track\":\"Unterwegs+an+der+%E2%80%9EWiege+des+mobilen+Reisens%E2%80%9C\",\"display_infobox\":\"on\"});}});\n\/* ]]> *\/<\/script><\/div>","protected":false},"excerpt":{"rendered":"<p>#Camping #oberschwaben #Wohnmobil #hymer #Carthago #Dethleffs Brosch\u00fcre zur Reisemobil- und Campingregion Oberschwaben-Allg\u00e4u Bad Schussenried \u2013 Die liebliche Landschaft in Oberschwaben und im w\u00fcrttembergischen Allg\u00e4u ist ideal f\u00fcr das Reisen im eigenen Zuhause. Mit zahlreichen Thermalb\u00e4dern, barocken Kultursch\u00e4tzen, Museen und herzlicher Gastfreundschaft bietet die Region alles, was Urlauber sch\u00e4tzen. Und fast \u00fcberall finden sich mit gut [&hellip;]<\/p>\n","protected":false},"author":2,"featured_media":105398,"comment_status":"closed","ping_status":"closed","sticky":false,"template":"","format":"standard","meta":[],"categories":[1,67],"tags":[305,16],"_links":{"self":[{"href":"https:\/\/www.n-news.de\/index.php?rest_route=\/wp\/v2\/posts\/84213"}],"collection":[{"href":"https:\/\/www.n-news.de\/index.php?rest_route=\/wp\/v2\/posts"}],"about":[{"href":"https:\/\/www.n-news.de\/index.php?rest_route=\/wp\/v2\/types\/post"}],"author":[{"embeddable":true,"href":"https:\/\/www.n-news.de\/index.php?rest_route=\/wp\/v2\/users\/2"}],"replies":[{"embeddable":true,"href":"https:\/\/www.n-news.de\/index.php?rest_route=%2Fwp%2Fv2%2Fcomments&post=84213"}],"version-history":[{"count":1,"href":"https:\/\/www.n-news.de\/index.php?rest_route=\/wp\/v2\/posts\/84213\/revisions"}],"predecessor-version":[{"id":125139,"href":"https:\/\/www.n-news.de\/index.php?rest_route=\/wp\/v2\/posts\/84213\/revisions\/125139"}],"wp:featuredmedia":[{"embeddable":true,"href":"https:\/\/www.n-news.de\/index.php?rest_route=\/wp\/v2\/media\/105398"}],"wp:attachment":[{"href":"https:\/\/www.n-news.de\/index.php?rest_route=%2Fwp%2Fv2%2Fmedia&parent=84213"}],"wp:term":[{"taxonomy":"category","embeddable":true,"href":"https:\/\/www.n-news.de\/index.php?rest_route=%2Fwp%2Fv2%2Fcategories&post=84213"},{"taxonomy":"post_tag","embeddable":true,"href":"https:\/\/www.n-news.de\/index.php?rest_route=%2Fwp%2Fv2%2Ftags&post=84213"}],"curies":[{"name":"wp","href":"https:\/\/api.w.org\/{rel}","templated":true}]}}