{"id":83722,"date":"2026-03-10T07:09:45","date_gmt":"2026-03-10T06:09:45","guid":{"rendered":"https:\/\/www.n-news.de\/\/?p=83722"},"modified":"2026-02-15T18:19:38","modified_gmt":"2026-02-15T17:19:38","slug":"fruehlingszeit-ist-fruehkartoffelzeit-sommerlicher-fruehkartoffelsalat","status":"publish","type":"post","link":"https:\/\/www.n-news.de\/?p=83722","title":{"rendered":"Fr\u00fchlingszeit ist Fr\u00fchkartoffelzeit: Sommerlicher Fr\u00fchkartoffelsalat"},"content":{"rendered":"<p>#kartoffel #Salat #geniessen #Rezept <\/p>\n<h3>Fr\u00fchlingszeit ist Fr\u00fchkartoffelzeit<\/h3>\n<p><div id=\"attachment_83749\" style=\"width: 410px\" class=\"wp-caption alignleft\"><img aria-describedby=\"caption-attachment-83749\" loading=\"lazy\" src=\"https:\/\/www.n-news.de\/wp-content\/uploads\/2018\/03\/Kartoffelsorte_Glorietta_Quelle_KMG.jpg\" alt=\"\" width=\"400\" height=\"600\" class=\"size-full wp-image-83749\" srcset=\"https:\/\/www.n-news.de\/wp-content\/uploads\/2018\/03\/Kartoffelsorte_Glorietta_Quelle_KMG.jpg 400w, https:\/\/www.n-news.de\/wp-content\/uploads\/2018\/03\/Kartoffelsorte_Glorietta_Quelle_KMG-200x300.jpg 200w\" sizes=\"(max-width: 400px) 100vw, 400px\" \/><p id=\"caption-attachment-83749\" class=\"wp-caption-text\">Vom Feld auf den Tisch: ab Ende Mai gibt es in Deutschland wieder Fr\u00fchkartoffeln wie beispielsweise die Sorte Glorietta. Quelle: KMG \/ Europlant<\/p><\/div><b>D\u00fcnne Schale, kurze Kochzeit und Spargel-Dreamteam: Ende Mai werden in Deutschland die ersten Kartoffeln geerntet <\/b><br \/>\nWenn uns im Wonnemonat Mai W\u00e4rme und Sonnenstrahlen in Sommerlaune versetzen, ist Fr\u00fchkartoffelzeit. Ende Mai kommen die ersten jungen Kartoffeln aus der Region auf den Markt und machen uns frische Fr\u00fchlingsgerichte besonders schmackhaft. <\/p>\n<p><strong>Frisch auf den Tisch<\/strong><br \/>\nDoch was macht die junge Knolle eigentlich so beliebt? Dieter Tepel, Gesch\u00e4ftsf\u00fchrer der Kartoffel-Marketing GmbH, erkl\u00e4rt: \u201eDie Fr\u00fch-kartoffel ist besonders zart und frisch im Geschmack. Sie wird bereits Ende Mai geerntet, anschlie\u00dfend unverz\u00fcglich an den Handel weitergeleitet und landet somit innerhalb weniger Tage vom Acker auf dem Teller.\u201c Die Fr\u00fchkartoffel sollte immer frisch verzehrt werden, da sie wegen ihrer d\u00fcnnen Schale maximal zwei Wochen gelagert werden kann. Gerade diese d\u00fcnne Schale macht sie bei Verbrauchern so beliebt. Denn die Fr\u00fchkartoffel kann mit Pelle gegessen werden. Es reicht, sie vorher leicht abzub\u00fcrsten. Dazu Schnittlauch-Quark oder ein anderer Fr\u00fchlingsdip und fertig ist eine leckere Mahlzeit.<\/p>\n<p><strong>Kartoffeln und Spargel: klassisch bis ausgefallen<\/strong><br \/>\nZu den beliebtesten Fr\u00fchlingsklassikern geh\u00f6ren Kartoffeln mit Spargel, der ab April bei uns erh\u00e4ltlich ist. Und da beide nicht nur zeitlich, sondern auch geschmacklich hervorragend zusammen-passen, liegen Rezepte mit den leckeren Knollen und den k\u00f6stlichen wei\u00dfen oder gr\u00fcnen Stangen jedes Jahr aufs Neue im Trend. Neben klassischen Varianten mit Butter, Sauce Hollandaise, Schinken oder Ei gesellen sich auch immer mehr ausgefallene Rezepte in die Kartoffel-Spargel-K\u00fcche. Wer den Klassiker also einmal neu variieren m\u00f6chte, wird vielleicht bei dem Rezept f\u00fcr ein Kartoffel-Spargel-Ragout mit Guacamole f\u00fcndig.<\/p>\n<p>Weitere Informationen, tolle Rezepte und Tipps rund um die Kartoffel erhalten Sie unter <a href=\"http:\/\/www.die-kartoffel.de\" rel=\"noopener noreferrer\" target=\"_blank\">www.die-kartoffel.de<\/a>.<\/p>\n<h3>Rezept<\/h3>\n<p><b>Sommerlicher Fr\u00fchkartoffelsalat<\/b><\/p>\n<p><img loading=\"lazy\" src=\"https:\/\/www.n-news.de\/wp-content\/uploads\/2018\/03\/Rezeptbild_Sommerlicher-Fruehkartoffelsalat_Quelle_DKHV_Markus-Basler.jpg\" alt=\"\" width=\"600\" height=\"400\" class=\"alignleft size-full wp-image-83754\" srcset=\"https:\/\/www.n-news.de\/wp-content\/uploads\/2018\/03\/Rezeptbild_Sommerlicher-Fruehkartoffelsalat_Quelle_DKHV_Markus-Basler.jpg 600w, https:\/\/www.n-news.de\/wp-content\/uploads\/2018\/03\/Rezeptbild_Sommerlicher-Fruehkartoffelsalat_Quelle_DKHV_Markus-Basler-300x200.jpg 300w, https:\/\/www.n-news.de\/wp-content\/uploads\/2018\/03\/Rezeptbild_Sommerlicher-Fruehkartoffelsalat_Quelle_DKHV_Markus-Basler-240x160.jpg 240w\" sizes=\"(max-width: 600px) 100vw, 600px\" \/><\/p>\n<p>Zutaten:<br \/>\n\u2022 500 g festkochende Fr\u00fchkartoffeln<br \/>\n\u2022 Verschiedene Salate (Kopfsalat, Radicchio, Rucola)<br \/>\n\u2022 150 g Kirschtomaten<br \/>\n\u2022 1 Zitrone (der L\u00e4nge nach halbiert und in feine Streifen geschnitten)<br \/>\n\u2022 1 Orange (in Filets geschnitten)<br \/>\n\u2022 1 Handvoll Minzbl\u00e4tter<br \/>\n\u2022 1 Handvoll frische Kr\u00e4uter (Petersilie, Schnittlauch, Dill)<\/p>\n<p>Zutaten f\u00fcr das Dressing:<br \/>\n\u2022 6-8 EL Oliven\u00f6l<br \/>\n\u2022 Saft einer halben Zitrone<br \/>\n\u2022 2 EL wei\u00dfer Balsamico<br \/>\n\u2022 1 TL mittelscharfer Senf<br \/>\n\u2022 Salz und Pfeffer<\/p>\n<p>Zubereitung:<br \/>\nKartoffeln abb\u00fcrsten, in kaltem Salzwasser aufsetzen und garen. W\u00e4hrend die Kartoffeln kochen, die Blattsalate waschen und mit den halbierten Tomaten, den Orangenfilets und der Zitrone in eine Sch\u00fcssel geben. F\u00fcr das Dressing das Oliven\u00f6l mit Essig und Zitronensaft vermischen. Kapern und Senf hinzuf\u00fcgen und mit Pfeffer und Salz abschmecken. Die fertig gegarten Kartoffeln abgie\u00dfen und einige Minuten ausk\u00fchlen lassen. Die ausgek\u00fchlten Kartoffeln halbieren oder in Scheiben schneiden. Dressing und Kr\u00e4uter gr\u00fcndlich mit dem Salat mischen und Kartoffeln unterheben.<\/p>\n<div class=\"twoclick_social_bookmarks_post_83722 social_share_privacy clearfix 1.6.4 locale-de_DE sprite-de_DE\"><\/div><div class=\"twoclick-js\"><script type=\"text\/javascript\">\/* <![CDATA[ *\/\njQuery(document).ready(function($){if($('.twoclick_social_bookmarks_post_83722')){$('.twoclick_social_bookmarks_post_83722').socialSharePrivacy({\"services\":{\"facebook\":{\"status\":\"on\",\"txt_info\":\"\",\"perma_option\":\"off\",\"action\":\"like\",\"language\":\"de_DE\"},\"twitter\":{\"reply_to\":\"nnews_de\",\"tweet_text\":\"%20Fr%C3%BChlingszeit%20ist%20Fr%C3%BChkartoffelzeit%3A%20Sommerlicher%20Fr%C3%BChkartoffelsalat%20...\",\"status\":\"on\",\"txt_info\":\"\",\"perma_option\":\"off\",\"language\":\"de\",\"referrer_track\":\"\"},\"gplus\":{\"status\":\"on\",\"txt_info\":\"\",\"perma_option\":\"off\",\"referrer_track\":\"\"},\"pinterest\":{\"status\":\"on\",\"the_excerpt\":\"Fr\\u00fchlingszeit ist Fr\\u00fchkartoffelzeit: Sommerlicher Fr\\u00fchkartoffelsalat &raquo; #kartoffel #Salat #geniessen #Rezept \\r\\n\\r\\nFr\\u00fchlingszeit ist Fr\\u00fchkar ...\",\"txt_info\":\"\",\"perma_option\":\"off\",\"media\":\"https:\\\/\\\/www.n-news.de\\\/wp-content\\\/uploads\\\/2018\\\/03\\\/Rezeptbild_Sommerlicher-Fruehkartoffelsalat_Quelle_DKHV_Markus-Basler.jpg\"},\"linkedin\":{\"status\":\"on\",\"txt_info\":\"2 Klicks f\\u00fcr mehr Datenschutz: Erst wenn Sie hier klicken, wird der Button aktiv und Sie k\\u00f6nnen Ihre Empfehlung an LinkedIn senden. Schon beim Aktivieren werden Daten an Dritte \\u00fcbertragen - siehe <em>i<\\\/em>.\",\"perma_option\":\"off\"}},\"txt_help\":\"\",\"settings_perma\":\"\",\"info_link\":\"\",\"uri\":\"https:\\\/\\\/www.n-news.de\\\/?p=83722\",\"post_id\":83722,\"post_title_referrer_track\":\"Fr%C3%BChlingszeit+ist+Fr%C3%BChkartoffelzeit%3A+Sommerlicher+Fr%C3%BChkartoffelsalat\",\"display_infobox\":\"on\"});}});\n\/* ]]> *\/<\/script><\/div>","protected":false},"excerpt":{"rendered":"<p>#kartoffel #Salat #geniessen #Rezept Fr\u00fchlingszeit ist Fr\u00fchkartoffelzeit D\u00fcnne Schale, kurze Kochzeit und Spargel-Dreamteam: Ende Mai werden in Deutschland die ersten Kartoffeln geerntet Wenn uns im Wonnemonat Mai W\u00e4rme und Sonnenstrahlen in Sommerlaune versetzen, ist Fr\u00fchkartoffelzeit. Ende Mai kommen die ersten jungen Kartoffeln aus der Region auf den Markt und machen uns frische Fr\u00fchlingsgerichte besonders schmackhaft. [&hellip;]<\/p>\n","protected":false},"author":2,"featured_media":83754,"comment_status":"closed","ping_status":"closed","sticky":false,"template":"","format":"standard","meta":[],"categories":[1],"tags":[163],"_links":{"self":[{"href":"https:\/\/www.n-news.de\/index.php?rest_route=\/wp\/v2\/posts\/83722"}],"collection":[{"href":"https:\/\/www.n-news.de\/index.php?rest_route=\/wp\/v2\/posts"}],"about":[{"href":"https:\/\/www.n-news.de\/index.php?rest_route=\/wp\/v2\/types\/post"}],"author":[{"embeddable":true,"href":"https:\/\/www.n-news.de\/index.php?rest_route=\/wp\/v2\/users\/2"}],"replies":[{"embeddable":true,"href":"https:\/\/www.n-news.de\/index.php?rest_route=%2Fwp%2Fv2%2Fcomments&post=83722"}],"version-history":[{"count":1,"href":"https:\/\/www.n-news.de\/index.php?rest_route=\/wp\/v2\/posts\/83722\/revisions"}],"predecessor-version":[{"id":124933,"href":"https:\/\/www.n-news.de\/index.php?rest_route=\/wp\/v2\/posts\/83722\/revisions\/124933"}],"wp:featuredmedia":[{"embeddable":true,"href":"https:\/\/www.n-news.de\/index.php?rest_route=\/wp\/v2\/media\/83754"}],"wp:attachment":[{"href":"https:\/\/www.n-news.de\/index.php?rest_route=%2Fwp%2Fv2%2Fmedia&parent=83722"}],"wp:term":[{"taxonomy":"category","embeddable":true,"href":"https:\/\/www.n-news.de\/index.php?rest_route=%2Fwp%2Fv2%2Fcategories&post=83722"},{"taxonomy":"post_tag","embeddable":true,"href":"https:\/\/www.n-news.de\/index.php?rest_route=%2Fwp%2Fv2%2Ftags&post=83722"}],"curies":[{"name":"wp","href":"https:\/\/api.w.org\/{rel}","templated":true}]}}