{"id":81246,"date":"2017-12-13T15:08:15","date_gmt":"2017-12-13T14:08:15","guid":{"rendered":"https:\/\/www.n-news.de\/\/?p=81246"},"modified":"2020-06-04T10:07:17","modified_gmt":"2020-06-04T08:07:17","slug":"weihnachtsmaerkte-in-frankreich","status":"publish","type":"post","link":"https:\/\/www.n-news.de\/?p=81246","title":{"rendered":"Weihnachtsm\u00e4rkte in Frankreich"},"content":{"rendered":"<p>#Weihnachtsmarkt # Frankreich<\/p>\n<h3>Weihnachtsm\u00e4rkte und Weihnachtsbeleuchtungen<\/h3>\n<p><b>Ab Mitte November taucht ganz Frankreich in ein Lichtermeer. Weihnachtsm\u00e4rkte schl\u00e4ngeln sich durch die Gassen der D\u00f6rfer und St\u00e4dte. Der Duft von Gl\u00fchwein und Gew\u00fcrzen l\u00e4sst einstimmen auf den Jahresabschluss. Entdecken Sie mit uns die franz\u00f6sischen Weihnachtsm\u00e4rkte mit ihren besonderen Traditionen.<\/b><\/p>\n<p><div id=\"attachment_73660\" style=\"width: 410px\" class=\"wp-caption alignleft\"><img aria-describedby=\"caption-attachment-73660\" loading=\"lazy\" src=\"https:\/\/www.n-news.de\/wp-content\/uploads\/2016\/12\/DSC05430-1.jpg\" alt=\"\" width=\"400\" height=\"600\" class=\"size-full wp-image-73660\" \/><p id=\"caption-attachment-73660\" class=\"wp-caption-text\">Weihnachtsbaum<\/p><\/div><br \/>\n<strong>Die sch\u00f6nste Zeit des Jahres<\/strong><br \/>\nZwei Monate lang, von Mitte November bis Mitte Januar, gleicht ganz Frankreich einem Lichtermeer. Selbst kleinste D\u00f6rfer schm\u00fccken ihre Stra\u00dfen und Monumente mit festlicher Weihnachtsbeleuchtung. \u00dcberall auf den gro\u00dfen Pl\u00e4tzen der franz\u00f6sischen St\u00e4dte entstehen Weihnachtsm\u00e4rkte. Der Duft von Gl\u00fchwein und Gew\u00fcrzen zieht durch die Budengassen. Kunsthandwerker und H\u00e4ndler bieten ihre Kostbarkeiten feil. Eine ganz besondere Attraktion sind zu dieser Zeit die Schaufenster der gro\u00dfen Kaufh\u00e4user, vor allem die in Paris. Ber\u00fchmte Designer oder K\u00fcnstler geben sich allj\u00e4hrlich die Ehre bei deren Gestaltung. Aber auch im restlichen Frankreich scheut man weder Kosten noch M\u00fchen, um die Gesch\u00e4fte weihnachtlich herauszuputzen. Die els\u00e4ssischen D\u00f6rfer und St\u00e4dte verwandeln sich in leuchtende Oasen im winterlichen Dunkel. Etwa Colmar und Kaysersberg, wo der Nobelpreistr\u00e4ger Albert Schweitzer das Licht der Welt erblickte, tragen ein Festtagskleid. Genauso wie die von Vauban 1697 entlang des Rheines erbaute Festung Neuf-Brisach, die zum UNESCO-Welterbe geh\u00f6rt.<\/p>\n<p><strong>Praktische Hinweise<\/strong><br \/>\nDie franz\u00f6sischen Weihnachtsm\u00e4rkte spiegeln die regionalen Traditionen wider. Das reicht von den dargebotenen Speisen und Getr\u00e4nken bis zu den typischen kunsthandwerklichen Produkten. Von ganz besonderem Reiz sind dabei die Weihnachtsm\u00e4rkte in der Provence, wo oftmals sehr kunstvolle Krippenfiguren, die Santons, angeboten werden. In anderen St\u00e4dten, wie etwa im bretonischen Quimper, bilden die dortigen Fayencen die Hauptattraktion.<\/p>\n<p><strong>Weihnachtsm\u00e4rkte<\/strong><br \/>\nHier eine \u00dcbersicht der gr\u00f6\u00dften und bedeutendsten Weihnachtsm\u00e4rkte in Frankreich:<\/p>\n<ul>\n<li>Paris: Ab dem 23. November bis Anfang Januar gibt es \u00fcber ganz Paris verteilt verschiedene Weihnachtsm\u00e4rkte, z. B. bei La D\u00e9fense, am Montmartre oder in Saint-Germain-des-Pr\u00e9s.<\/li>\n<li>Stra\u00dfburg: vom 24. November bis 24. Dezember 2017<\/li>\n<li>Colmar: vom 24. November bis 30. Dezember 2017<\/li>\n<li>Mulhouse: vom 24. November bis 27. Dezember 2017<\/li>\n<li>Metz: vom 18. November bis 30. Dezember 2017<\/li>\n<li>Nancy: vom 24. November bis 31. Dezember 2017<\/li>\n<li>Lyon: vom 1. bis 30. Dezember 2017<\/li>\n<li>Lille: vom 17. November bis 27. Dezember 2017<\/li>\n<li>Nizza: vom 2. Dezember 2017 bis 2. Januar 2018<\/li>\n<li>Cannes: vom 1. Dezmeber 2017 bis 7. Januar 2018<\/li>\n<li>Marseille: vom 19. November 2017 bis 2. Januar 2018<\/li>\n<li>Aix-en-Provence: vom 16. November bis 25. Dezember 2017<\/li>\n<\/ul>\n<p>Quelle: Atout France \u2013 Franz\u00f6sische Zentrale f\u00fcr Tourismus<\/p>\n<div class=\"twoclick_social_bookmarks_post_81246 social_share_privacy clearfix 1.6.4 locale-de_DE sprite-de_DE\"><\/div><div class=\"twoclick-js\"><script type=\"text\/javascript\">\/* <![CDATA[ *\/\njQuery(document).ready(function($){if($('.twoclick_social_bookmarks_post_81246')){$('.twoclick_social_bookmarks_post_81246').socialSharePrivacy({\"services\":{\"facebook\":{\"status\":\"on\",\"txt_info\":\"\",\"perma_option\":\"off\",\"action\":\"like\",\"language\":\"de_DE\"},\"twitter\":{\"reply_to\":\"nnews_de\",\"tweet_text\":\"Weihnachtsm%C3%A4rkte%20in%20Frankreich%20%C2%BB%20N-News.de\",\"status\":\"on\",\"txt_info\":\"\",\"perma_option\":\"off\",\"language\":\"de\",\"referrer_track\":\"\"},\"gplus\":{\"status\":\"on\",\"txt_info\":\"\",\"perma_option\":\"off\",\"referrer_track\":\"\"},\"pinterest\":{\"status\":\"on\",\"the_excerpt\":\"Weihnachtsm\\u00e4rkte in Frankreich &raquo; #Weihnachtsmarkt # Frankreich\\r\\n\\r\\nWeihnachtsm\\u00e4rkte und Weihnachtsbe ...\",\"txt_info\":\"\",\"perma_option\":\"off\",\"media\":\"https:\\\/\\\/www.n-news.de\\\/wp-content\\\/uploads\\\/2021\\\/11\\\/n-news_base.jpg\"},\"linkedin\":{\"status\":\"on\",\"txt_info\":\"2 Klicks f\\u00fcr mehr Datenschutz: Erst wenn Sie hier klicken, wird der Button aktiv und Sie k\\u00f6nnen Ihre Empfehlung an LinkedIn senden. Schon beim Aktivieren werden Daten an Dritte \\u00fcbertragen - siehe <em>i<\\\/em>.\",\"perma_option\":\"off\"}},\"txt_help\":\"\",\"settings_perma\":\"\",\"info_link\":\"\",\"uri\":\"https:\\\/\\\/www.n-news.de\\\/?p=81246\",\"post_id\":81246,\"post_title_referrer_track\":\"Weihnachtsm%C3%A4rkte+in+Frankreich\",\"display_infobox\":\"on\"});}});\n\/* ]]> *\/<\/script><\/div>","protected":false},"excerpt":{"rendered":"<p>#Weihnachtsmarkt # Frankreich Weihnachtsm\u00e4rkte und Weihnachtsbeleuchtungen Ab Mitte November taucht ganz Frankreich in ein Lichtermeer. Weihnachtsm\u00e4rkte schl\u00e4ngeln sich durch die Gassen der D\u00f6rfer und St\u00e4dte. Der Duft von Gl\u00fchwein und Gew\u00fcrzen l\u00e4sst einstimmen auf den Jahresabschluss. Entdecken Sie mit uns die franz\u00f6sischen Weihnachtsm\u00e4rkte mit ihren besonderen Traditionen. Die sch\u00f6nste Zeit des Jahres Zwei Monate lang, [&hellip;]<\/p>\n","protected":false},"author":2,"featured_media":105398,"comment_status":"closed","ping_status":"closed","sticky":false,"template":"","format":"standard","meta":[],"categories":[1,67],"tags":[174,156],"_links":{"self":[{"href":"https:\/\/www.n-news.de\/index.php?rest_route=\/wp\/v2\/posts\/81246"}],"collection":[{"href":"https:\/\/www.n-news.de\/index.php?rest_route=\/wp\/v2\/posts"}],"about":[{"href":"https:\/\/www.n-news.de\/index.php?rest_route=\/wp\/v2\/types\/post"}],"author":[{"embeddable":true,"href":"https:\/\/www.n-news.de\/index.php?rest_route=\/wp\/v2\/users\/2"}],"replies":[{"embeddable":true,"href":"https:\/\/www.n-news.de\/index.php?rest_route=%2Fwp%2Fv2%2Fcomments&post=81246"}],"version-history":[{"count":0,"href":"https:\/\/www.n-news.de\/index.php?rest_route=\/wp\/v2\/posts\/81246\/revisions"}],"wp:featuredmedia":[{"embeddable":true,"href":"https:\/\/www.n-news.de\/index.php?rest_route=\/wp\/v2\/media\/105398"}],"wp:attachment":[{"href":"https:\/\/www.n-news.de\/index.php?rest_route=%2Fwp%2Fv2%2Fmedia&parent=81246"}],"wp:term":[{"taxonomy":"category","embeddable":true,"href":"https:\/\/www.n-news.de\/index.php?rest_route=%2Fwp%2Fv2%2Fcategories&post=81246"},{"taxonomy":"post_tag","embeddable":true,"href":"https:\/\/www.n-news.de\/index.php?rest_route=%2Fwp%2Fv2%2Ftags&post=81246"}],"curies":[{"name":"wp","href":"https:\/\/api.w.org\/{rel}","templated":true}]}}