{"id":78532,"date":"2017-12-18T16:45:49","date_gmt":"2017-12-18T15:45:49","guid":{"rendered":"https:\/\/www.n-news.de\/\/?p=78532"},"modified":"2020-06-04T10:08:16","modified_gmt":"2020-06-04T08:08:16","slug":"white-night-auf-der-sonnenkoenigin-das-party-event-auf-dem-bodensee","status":"publish","type":"post","link":"https:\/\/www.n-news.de\/?p=78532","title":{"rendered":"&#8222;White Night&#8220; auf der Sonnenk\u00f6nigin &#8211; das Party-Event auf dem Bodensee"},"content":{"rendered":"<p>#whitenight #Party #sonnenk\u00f6nigin #bodensee<\/p>\n<h3>Sommernacht der K\u00f6nigin des Bodensees<\/h3>\n<p><strong>Ein Urlaubsgef\u00fchl stellt sich bei bestem Wetter schnell ein: Gut gelaunte P\u00e4rchen und Gr\u00fcppchen, alle in wei\u00df gekleidet treffen sich auf der Sonnenk\u00f6nigin. Seit einigen Jahren schon organisiert Lukas Marberger (komitee eventservice) und Harald Otti (MO Catering) das beliebte Party-Event auf dem au\u00dfergew\u00f6hnlichsten Gef\u00e4hrt des Bodensees. <\/strong><\/p>\n<p>Wenn wie an diesem Wochenende das Wetter auch noch richtig mitspielt, kann man wahlweise relaxen und mit einem Cocktail in den in den Sonnenuntergang schippern oder sich bereits an den ersten lukullischen Gen\u00fcssen laben. Seit Jahren schon sorgt MO Catering f\u00fcr top Qualit\u00e4t. Immer wieder werden neue mediterrane K\u00f6stlichkeiten aufgefahren, die Band fordernder \u2013 viele Tanzwillige lassen sich nicht mehrmals bitten. Auf dem Sonnendeck sorgt ein DJ f\u00fcr die musikalische Untermalung zum Sonnenuntergang. Alle G\u00e4ste halten sich an den Dresscode &#8222;White&#8220;, in Verbindung mit dem Schiff, gut gelaunten Menschen und dem phantastischen Sonnenuntergang ein ganz besonderes Flair. Eine runde Sache, so die einhellige Meinung der Besucher, die meisten sind nicht das erste Mal dabei.<\/p>\n<div id=\"attachment_78533\" style=\"width: 610px\" class=\"wp-caption alignleft\"><img aria-describedby=\"caption-attachment-78533\" loading=\"lazy\" src=\"https:\/\/www.n-news.de\/wp-content\/uploads\/2017\/07\/DSC08068-600x399.jpg\" alt=\"\" width=\"600\" height=\"399\" class=\"size-full wp-image-78533\" srcset=\"https:\/\/www.n-news.de\/wp-content\/uploads\/2017\/07\/DSC08068-600x399.jpg 600w, https:\/\/www.n-news.de\/wp-content\/uploads\/2017\/07\/DSC08068-600x399-300x200.jpg 300w, https:\/\/www.n-news.de\/wp-content\/uploads\/2017\/07\/DSC08068-600x399-240x160.jpg 240w\" sizes=\"(max-width: 600px) 100vw, 600px\" \/><p id=\"caption-attachment-78533\" class=\"wp-caption-text\">&#8222;White Night&#8220; auf der Sonnenk\u00f6nigin &#8211; ein au\u00dfergew\u00f6hnliches Event<\/p><\/div>\n<p>Wenn das Schiff am sp\u00e4ten Abend wieder in Bregenz festmacht, ist das Event lange noch nicht vorbei. Es wird Party gemacht und getanzt bis weit in die Nacht.<\/p>\n<p>Wenn Sie sich f\u00fcr ein Event auf der Sonnenk\u00f6nigin interessieren, schauen Sie doch mal unter <a href=\"http:\/\/www.sonnenkoenigin.cc\" target=\"_blank\" rel=\"noopener noreferrer\">www.sonnenkoenigin.cc<\/a> vorbei. Vielleicht zur &#8222;Interboot-Traumreise auf dem Schw\u00e4bischen Meer&#8220; am Samstag, 23.September 2017 ab Friedrichshafen. Oder Sie reservieren sich bereits die Tickets f\u00fcr die White Night im kommenden Jahr (14.Juli 2018). <\/p>\n<p>[print_gllr id=78487]<\/p>\n<div class=\"twoclick_social_bookmarks_post_78532 social_share_privacy clearfix 1.6.4 locale-de_DE sprite-de_DE\"><\/div><div class=\"twoclick-js\"><script type=\"text\/javascript\">\/* <![CDATA[ *\/\njQuery(document).ready(function($){if($('.twoclick_social_bookmarks_post_78532')){$('.twoclick_social_bookmarks_post_78532').socialSharePrivacy({\"services\":{\"facebook\":{\"status\":\"on\",\"txt_info\":\"\",\"perma_option\":\"off\",\"action\":\"like\",\"language\":\"de_DE\"},\"twitter\":{\"reply_to\":\"nnews_de\",\"tweet_text\":\"%20%E2%80%9EWhite%20Night%E2%80%9C%20auf%20der%20Sonnenk%C3%B6nigin%20%E2%80%93%20das%20...\",\"status\":\"on\",\"txt_info\":\"\",\"perma_option\":\"off\",\"language\":\"de\",\"referrer_track\":\"\"},\"gplus\":{\"status\":\"on\",\"txt_info\":\"\",\"perma_option\":\"off\",\"referrer_track\":\"\"},\"pinterest\":{\"status\":\"on\",\"the_excerpt\":\"&#8222;White Night&#8220; auf der Sonnenk\\u00f6nigin &#8211; das Party-Event auf dem Bodensee &raquo; #whitenight #Party #sonnenk\\u00f6nigin #bodensee\\r\\n\\r\\nSommernacht der K\\u00f6n ...\",\"txt_info\":\"\",\"perma_option\":\"off\",\"media\":\"https:\\\/\\\/www.n-news.de\\\/wp-content\\\/uploads\\\/2017\\\/07\\\/DSC08068-600x399.jpg\"},\"linkedin\":{\"status\":\"on\",\"txt_info\":\"2 Klicks f\\u00fcr mehr Datenschutz: Erst wenn Sie hier klicken, wird der Button aktiv und Sie k\\u00f6nnen Ihre Empfehlung an LinkedIn senden. Schon beim Aktivieren werden Daten an Dritte \\u00fcbertragen - siehe <em>i<\\\/em>.\",\"perma_option\":\"off\"}},\"txt_help\":\"\",\"settings_perma\":\"\",\"info_link\":\"\",\"uri\":\"https:\\\/\\\/www.n-news.de\\\/?p=78532\",\"post_id\":78532,\"post_title_referrer_track\":\"%26%238222%3BWhite+Night%26%238220%3B+auf+der+Sonnenk%C3%B6nigin+%26%238211%3B+das+Party-Event+auf+dem+Bodensee\",\"display_infobox\":\"on\"});}});\n\/* ]]> *\/<\/script><\/div>","protected":false},"excerpt":{"rendered":"<p>#whitenight #Party #sonnenk\u00f6nigin #bodensee Sommernacht der K\u00f6nigin des Bodensees Ein Urlaubsgef\u00fchl stellt sich bei bestem Wetter schnell ein: Gut gelaunte P\u00e4rchen und Gr\u00fcppchen, alle in wei\u00df gekleidet treffen sich auf der Sonnenk\u00f6nigin. Seit einigen Jahren schon organisiert Lukas Marberger (komitee eventservice) und Harald Otti (MO Catering) das beliebte Party-Event auf dem au\u00dfergew\u00f6hnlichsten Gef\u00e4hrt des Bodensees. [&hellip;]<\/p>\n","protected":false},"author":2,"featured_media":78533,"comment_status":"closed","ping_status":"closed","sticky":false,"template":"","format":"standard","meta":[],"categories":[1,66],"tags":[52],"_links":{"self":[{"href":"https:\/\/www.n-news.de\/index.php?rest_route=\/wp\/v2\/posts\/78532"}],"collection":[{"href":"https:\/\/www.n-news.de\/index.php?rest_route=\/wp\/v2\/posts"}],"about":[{"href":"https:\/\/www.n-news.de\/index.php?rest_route=\/wp\/v2\/types\/post"}],"author":[{"embeddable":true,"href":"https:\/\/www.n-news.de\/index.php?rest_route=\/wp\/v2\/users\/2"}],"replies":[{"embeddable":true,"href":"https:\/\/www.n-news.de\/index.php?rest_route=%2Fwp%2Fv2%2Fcomments&post=78532"}],"version-history":[{"count":0,"href":"https:\/\/www.n-news.de\/index.php?rest_route=\/wp\/v2\/posts\/78532\/revisions"}],"wp:featuredmedia":[{"embeddable":true,"href":"https:\/\/www.n-news.de\/index.php?rest_route=\/wp\/v2\/media\/78533"}],"wp:attachment":[{"href":"https:\/\/www.n-news.de\/index.php?rest_route=%2Fwp%2Fv2%2Fmedia&parent=78532"}],"wp:term":[{"taxonomy":"category","embeddable":true,"href":"https:\/\/www.n-news.de\/index.php?rest_route=%2Fwp%2Fv2%2Fcategories&post=78532"},{"taxonomy":"post_tag","embeddable":true,"href":"https:\/\/www.n-news.de\/index.php?rest_route=%2Fwp%2Fv2%2Ftags&post=78532"}],"curies":[{"name":"wp","href":"https:\/\/api.w.org\/{rel}","templated":true}]}}