{"id":72110,"date":"2016-12-17T11:06:38","date_gmt":"2016-12-17T10:06:38","guid":{"rendered":"https:\/\/www.n-news.de\/\/?p=72110"},"modified":"2020-06-04T09:13:47","modified_gmt":"2020-06-04T07:13:47","slug":"tarja-metal-symphonie","status":"publish","type":"post","link":"https:\/\/www.n-news.de\/?p=72110","title":{"rendered":"TARJA &#8211; Metal-Symphonie"},"content":{"rendered":"<p>#tarja #tarjaturunen #nightwish #angra<\/p>\n<p>Angra &amp; TARJA Live 2016<\/p>\n<h3>The Shadow Shows 2016<br \/>\nG\u00e4ste: Angra, Scarlet Aura<\/h3>\n<p>14.10.2016<br \/>\n19:30 Uhr | Im Wizemann, Stuttgart<\/p>\n<p>Durch einen Querschnitt aus ihrem neuen Album &#8222;The Shadow Self&#8220; und Klassikern bis zur\u00fcck in die Nightwish-\u00c4ra f\u00fchrt TARJA das Publikum kraft- und gef\u00fchlvoll im Wizemann Stuttgart. Das neue Album kommt h\u00e4rter als die vorherigen Alben daher. Gepaart mit der klassisch geschulten Stimme der K\u00fcnstlerin ein harmonisches Zusammenspiel. F\u00fcr die musikalische Einstimmung sorgt die brasilianische Vorgruppe Angra. Als Warm-Up f\u00fcr Finnlands Stimmwunder gibt der \u201eVery Special Guest\u201c mit melodi\u00f6sen Power-Metal die Richtung vor. Als Opener fungieren Scarlett Aura aus Bukarest.<\/p>\n<p>K\u00fcnstler-Homepage Tarja: <a href=\"http:\/\/www.tarjaturunen.com\" target=\"_blank\" rel=\"noopener noreferrer\">www.tarjaturunen.com<\/a><\/p>\n<div id=\"attachment_72516\" style=\"width: 610px\" class=\"wp-caption alignnone\"><img aria-describedby=\"caption-attachment-72516\" loading=\"lazy\" src=\"https:\/\/www.n-news.de\/wp-content\/uploads\/2016\/10\/DSC03020-Kopie.JPG\" alt=\"TARJA Im Wizemann Stuttgart\" width=\"600\" height=\"399\" class=\"size-full wp-image-72516\" \/><p id=\"caption-attachment-72516\" class=\"wp-caption-text\">TARJA Im Wizemann Stuttgart<\/p><\/div>\n<p><strong>Scarlet Aura<\/strong><br \/>\nFemale Fronted Melodic Metal Band aus Bukarest, Rum\u00e4nien<br \/>\nGegr\u00fcndet 2014<br \/>\nMitglieder:<br \/>\nAura Danciulescu<br \/>\nMihai Danciulescu<br \/>\nCatalin Ungureanu<br \/>\nMatthias Klaus<br \/>\n<a href=\"http:\/\/www.scarletaura.net\" target=\"_blank\" rel=\"noopener noreferrer\">w<\/a><a href=\"http:\/\/www.scarletaura.net\" target=\"_blank\" rel=\"noopener noreferrer\">ww.scarletaura.net<\/a><\/p>\n<p><strong>Angra<\/strong><br \/>\nAngra ist eine Power-Metal-Band aus Brasilien.<br \/>\nLetztes Gr\u00fcndungsmitglied aus 1991: Rafael Bittencourt (E-Gitarre)<br \/>\nAktuelle Besetzung:<br \/>\nGesang &#8211; Fabio Lione<br \/>\nE-Gitarre &#8211; Kiko Loureiro<br \/>\nE-Gitarre &#8211; Rafael Bittencourt<br \/>\nBass &#8211; Felipe Andreoli<br \/>\nSchlagzeug &#8211; Bruno Valverde<br \/>\n<a href=\"http:\/\/www.angra.net\" target=\"_blank\" rel=\"noopener noreferrer\">www.angra.net<\/a><\/p>\n<p>[print_gllr id=72503]<\/p>\n<div class=\"twoclick_social_bookmarks_post_72110 social_share_privacy clearfix 1.6.4 locale-de_DE sprite-de_DE\"><\/div><div class=\"twoclick-js\"><script type=\"text\/javascript\">\/* <![CDATA[ *\/\njQuery(document).ready(function($){if($('.twoclick_social_bookmarks_post_72110')){$('.twoclick_social_bookmarks_post_72110').socialSharePrivacy({\"services\":{\"facebook\":{\"status\":\"on\",\"txt_info\":\"\",\"perma_option\":\"off\",\"action\":\"like\",\"language\":\"de_DE\"},\"twitter\":{\"reply_to\":\"nnews_de\",\"tweet_text\":\"TARJA%20%E2%80%93%20Metal-Symphonie%20%C2%BB%20N-News.de\",\"status\":\"on\",\"txt_info\":\"\",\"perma_option\":\"off\",\"language\":\"de\",\"referrer_track\":\"\"},\"gplus\":{\"status\":\"on\",\"txt_info\":\"\",\"perma_option\":\"off\",\"referrer_track\":\"\"},\"pinterest\":{\"status\":\"on\",\"the_excerpt\":\"TARJA &#8211; Metal-Symphonie &raquo; #tarja #tarjaturunen #nightwish #angra\\r\\n\\r\\nAngra &amp; TARJA Live 2 ...\",\"txt_info\":\"\",\"perma_option\":\"off\",\"media\":\"https:\\\/\\\/www.n-news.de\\\/wp-content\\\/uploads\\\/2021\\\/11\\\/n-news_base.jpg\"},\"linkedin\":{\"status\":\"on\",\"txt_info\":\"2 Klicks f\\u00fcr mehr Datenschutz: Erst wenn Sie hier klicken, wird der Button aktiv und Sie k\\u00f6nnen Ihre Empfehlung an LinkedIn senden. Schon beim Aktivieren werden Daten an Dritte \\u00fcbertragen - siehe <em>i<\\\/em>.\",\"perma_option\":\"off\"}},\"txt_help\":\"\",\"settings_perma\":\"\",\"info_link\":\"\",\"uri\":\"https:\\\/\\\/www.n-news.de\\\/?p=72110\",\"post_id\":72110,\"post_title_referrer_track\":\"TARJA+%26%238211%3B+Metal-Symphonie\",\"display_infobox\":\"on\"});}});\n\/* ]]> *\/<\/script><\/div>","protected":false},"excerpt":{"rendered":"<p>#tarja #tarjaturunen #nightwish #angra Angra &amp; TARJA Live 2016 The Shadow Shows 2016 G\u00e4ste: Angra, Scarlet Aura 14.10.2016 19:30 Uhr | Im Wizemann, Stuttgart Durch einen Querschnitt aus ihrem neuen Album &#8222;The Shadow Self&#8220; und Klassikern bis zur\u00fcck in die Nightwish-\u00c4ra f\u00fchrt TARJA das Publikum kraft- und gef\u00fchlvoll im Wizemann Stuttgart. Das neue Album kommt [&hellip;]<\/p>\n","protected":false},"author":2,"featured_media":105398,"comment_status":"closed","ping_status":"open","sticky":false,"template":"","format":"standard","meta":[],"categories":[1],"tags":[],"_links":{"self":[{"href":"https:\/\/www.n-news.de\/index.php?rest_route=\/wp\/v2\/posts\/72110"}],"collection":[{"href":"https:\/\/www.n-news.de\/index.php?rest_route=\/wp\/v2\/posts"}],"about":[{"href":"https:\/\/www.n-news.de\/index.php?rest_route=\/wp\/v2\/types\/post"}],"author":[{"embeddable":true,"href":"https:\/\/www.n-news.de\/index.php?rest_route=\/wp\/v2\/users\/2"}],"replies":[{"embeddable":true,"href":"https:\/\/www.n-news.de\/index.php?rest_route=%2Fwp%2Fv2%2Fcomments&post=72110"}],"version-history":[{"count":0,"href":"https:\/\/www.n-news.de\/index.php?rest_route=\/wp\/v2\/posts\/72110\/revisions"}],"wp:featuredmedia":[{"embeddable":true,"href":"https:\/\/www.n-news.de\/index.php?rest_route=\/wp\/v2\/media\/105398"}],"wp:attachment":[{"href":"https:\/\/www.n-news.de\/index.php?rest_route=%2Fwp%2Fv2%2Fmedia&parent=72110"}],"wp:term":[{"taxonomy":"category","embeddable":true,"href":"https:\/\/www.n-news.de\/index.php?rest_route=%2Fwp%2Fv2%2Fcategories&post=72110"},{"taxonomy":"post_tag","embeddable":true,"href":"https:\/\/www.n-news.de\/index.php?rest_route=%2Fwp%2Fv2%2Ftags&post=72110"}],"curies":[{"name":"wp","href":"https:\/\/api.w.org\/{rel}","templated":true}]}}