{"id":61164,"date":"2025-10-26T15:58:53","date_gmt":"2025-10-26T14:58:53","guid":{"rendered":"https:\/\/www.n-news.de\/\/?p=61164"},"modified":"2025-10-25T10:12:35","modified_gmt":"2025-10-25T08:12:35","slug":"schaurig-schoene-kerzen-dekorationen-fuer-halloween","status":"publish","type":"post","link":"https:\/\/www.n-news.de\/?p=61164","title":{"rendered":"\u201eSchaurig-sch\u00f6ne\u201c Kerzen-Dekorationen f\u00fcr Halloween"},"content":{"rendered":"<p>#Halloween<\/p>\n<h3>\u201eSchaurig-sch\u00f6ne\u201c Kerzen-Dekorationen f\u00fcr Halloween<\/h3>\n<p><strong>Hexen, Vampire, Geister und Zombies \u2013 in der Nacht vom 31. Oktober zum 1. November trifft man die gruseligen Gestalten, die man sonst nur aus Horrorfilmen kennt, auch wieder auf unseren Stra\u00dfen an. Denn Halloween ist auch hier zu Lande l\u00e4ngst ein Anlass f\u00fcr zahlreiche Veranstaltungen und Partys. Doch was w\u00e4re das gespenstige Treiben ohne die passende Atmosph\u00e4re? Ob in \u201eschaurigen\u201c Arrangements zwischen Spinnen und Flederm\u00e4usen oder in ausgeh\u00f6lten K\u00fcrbisfratzen \u2013 das Licht von Kerzen in RAL-Qualit\u00e4t sorgt f\u00fcr eine perfekte Grusel-Stimmung zu Halloween.<\/strong><\/p>\n<p>Halloween bezeichnet die Nacht vom 31. Oktober zu Allerheiligen am 1. November und wird mittlerweile nicht nur in den USA als gespenstischer Spa\u00df gefeiert! Denn l\u00e4ngst hat sich dieses Fest &#8211; das urspr\u00fcnglich vor allem in Irland gefeiert und so von irischen Auswanderern ab 1830 in die USA gebracht wurde &#8211; rund ums Schaurig-Sch\u00f6ne \u00fcber den &#8222;gro\u00dfen Teich&#8220; wieder in ganz Europa verbreitet.<\/p>\n<p><strong>Geschichtliches zu Halloween<\/strong><br \/>\nDer Sage nach war es in dieser Nacht m\u00f6glich, mit seinen verstorbenen Angeh\u00f6rigen in Kontakt zu treten. Um die Verstorbenen anzulocken und sie zu einem l\u00e4ngeren Verweilen einzuladen, wurden gro\u00dfe Feste mit allerhand Leckereien gefeiert. Zum Schutz vor b\u00f6sen Geistern verkleideten sich die Menschen mit Tierfellen und Tierk\u00f6pfen &#8211; um diese zu bes\u00e4nftigen und friedlich zu stimmen brachte man ihnen kleine Gaben (&#8222;treats&#8220;), die vor den H\u00e4usern aufgestellt wurden.<\/p>\n<p>Ab 835 feierte die katholische Kirche das Allerheiligen-Fest nicht mehr am Pfingstsonntag, sondern am 1. November und gedachte an diesem Tag den Seelen der Verstorbenen. So entstand auch der Name \u201eHalloween\u201c, denn es wird abgeleitet von der englischen \u00dcbersetzung \u201cALL HOLLOWS EVE\u201d (evening, \u201eVorabend\u201c und hallow \u201eHeiliger\u201c).<\/p>\n<div id=\"attachment_102346\" style=\"width: 610px\" class=\"wp-caption alignleft\"><img aria-describedby=\"caption-attachment-102346\" loading=\"lazy\" src=\"https:\/\/www.n-news.de\/wp-content\/uploads\/2021\/10\/gespenstige_deko_mit_kerzen_fuer_halloween-600x450-1.jpg\" alt=\"\" width=\"600\" height=\"450\" class=\"size-full wp-image-102346\" srcset=\"https:\/\/www.n-news.de\/wp-content\/uploads\/2021\/10\/gespenstige_deko_mit_kerzen_fuer_halloween-600x450-1.jpg 600w, https:\/\/www.n-news.de\/wp-content\/uploads\/2021\/10\/gespenstige_deko_mit_kerzen_fuer_halloween-600x450-1-300x225.jpg 300w, https:\/\/www.n-news.de\/wp-content\/uploads\/2021\/10\/gespenstige_deko_mit_kerzen_fuer_halloween-600x450-1-160x120.jpg 160w\" sizes=\"(max-width: 600px) 100vw, 600px\" \/><p id=\"caption-attachment-102346\" class=\"wp-caption-text\">\u201eGespenstige\u201c Kerzen-Deko<br \/>An Halloween d\u00fcrfen Kerzen in keinem Falle fehlen: Ob in ausgeh\u00f6lten K\u00fcrbissen oder in Windlichtern \u2013 das flackernde Licht von Kerzen in RAL-Qualit\u00e4t sorgt f\u00fcr eine &#8222;gruselige&#8220; Atmosph\u00e4re. Foto: G\u00fctegemeinschaft Kerzen<\/p><\/div>\n<p>Die lustigen K\u00fcrbisk\u00f6pfe verdanken wir dem Einfallsreichtum der Iren. Sie schnitzten Gesichter in R\u00fcben, die mit Kerzen ausgeleuchtet wurden, um sich damit vor den b\u00f6sen Geistern zu sch\u00fctzen. Durch die irischen Einwanderer in Amerika hatte sich dieser Brauch auch dort verbreitet. Man entschied sich allerdings schnell f\u00fcr den K\u00fcrbis als Kerzentr\u00e4ger, da er viel leichter zu bearbeiten war und einfach mehr hermachte.<\/p>\n<p><strong>Kerzen erhellen K\u00fcrbisfratzen<\/strong><br \/>\nAber auch die Deutschen haben dieses Fest immer mehr f\u00fcr sich entdeckt. Viele graue Vorg\u00e4rten werden mit lustigen oder gruseligen K\u00fcrbisk\u00f6pfen zu neuem Leben erweckt. Am Abend zaubert der flackernde Kerzenschein im Inneren des K\u00fcrbis eine schaurig sch\u00f6ne Stimmung und l\u00e4dt zu gem\u00fctlichen Stunden ein. <\/p>\n<p>Quelle:<br \/>\nG\u00fctegemeinschaft Kerzen e. V.<br \/>\n<a href=\"http:\/\/www.guetezeichen-kerzen.de\" target=\"_blank\" rel=\"noopener noreferrer\">www.guetezeichen-kerzen.de<\/a><\/p>\n<div class=\"twoclick_social_bookmarks_post_61164 social_share_privacy clearfix 1.6.4 locale-de_DE sprite-de_DE\"><\/div><div class=\"twoclick-js\"><script type=\"text\/javascript\">\/* <![CDATA[ *\/\njQuery(document).ready(function($){if($('.twoclick_social_bookmarks_post_61164')){$('.twoclick_social_bookmarks_post_61164').socialSharePrivacy({\"services\":{\"facebook\":{\"status\":\"on\",\"txt_info\":\"\",\"perma_option\":\"off\",\"action\":\"like\",\"language\":\"de_DE\"},\"twitter\":{\"reply_to\":\"nnews_de\",\"tweet_text\":\"%20%E2%80%9ESchaurig-sch%C3%B6ne%E2%80%9C%20Kerzen-Dekorationen%20f%C3%BCr%20Halloween%20%C2%BB%20...\",\"status\":\"on\",\"txt_info\":\"\",\"perma_option\":\"off\",\"language\":\"de\",\"referrer_track\":\"\"},\"gplus\":{\"status\":\"on\",\"txt_info\":\"\",\"perma_option\":\"off\",\"referrer_track\":\"\"},\"pinterest\":{\"status\":\"on\",\"the_excerpt\":\"\\u201eSchaurig-sch\\u00f6ne\\u201c Kerzen-Dekorationen f\\u00fcr Halloween &raquo; #Halloween\\r\\n\\r\\n\\u201eSchaurig-sch\\u00f6ne\\u201c Kerzen-Dekorationen f\\u00fcr Halloween\\r ...\",\"txt_info\":\"\",\"perma_option\":\"off\",\"media\":\"https:\\\/\\\/www.n-news.de\\\/wp-content\\\/uploads\\\/2021\\\/10\\\/gespenstige_deko_mit_kerzen_fuer_halloween-600x450-1.jpg\"},\"linkedin\":{\"status\":\"on\",\"txt_info\":\"2 Klicks f\\u00fcr mehr Datenschutz: Erst wenn Sie hier klicken, wird der Button aktiv und Sie k\\u00f6nnen Ihre Empfehlung an LinkedIn senden. Schon beim Aktivieren werden Daten an Dritte \\u00fcbertragen - siehe <em>i<\\\/em>.\",\"perma_option\":\"off\"}},\"txt_help\":\"\",\"settings_perma\":\"\",\"info_link\":\"\",\"uri\":\"https:\\\/\\\/www.n-news.de\\\/?p=61164\",\"post_id\":61164,\"post_title_referrer_track\":\"%E2%80%9ESchaurig-sch%C3%B6ne%E2%80%9C+Kerzen-Dekorationen+f%C3%BCr+Halloween\",\"display_infobox\":\"on\"});}});\n\/* ]]> *\/<\/script><\/div>","protected":false},"excerpt":{"rendered":"<p>#Halloween \u201eSchaurig-sch\u00f6ne\u201c Kerzen-Dekorationen f\u00fcr Halloween Hexen, Vampire, Geister und Zombies \u2013 in der Nacht vom 31. Oktober zum 1. November trifft man die gruseligen Gestalten, die man sonst nur aus Horrorfilmen kennt, auch wieder auf unseren Stra\u00dfen an. Denn Halloween ist auch hier zu Lande l\u00e4ngst ein Anlass f\u00fcr zahlreiche Veranstaltungen und Partys. Doch was [&hellip;]<\/p>\n","protected":false},"author":2,"featured_media":102346,"comment_status":"closed","ping_status":"closed","sticky":false,"template":"","format":"standard","meta":[],"categories":[1],"tags":[7],"_links":{"self":[{"href":"https:\/\/www.n-news.de\/index.php?rest_route=\/wp\/v2\/posts\/61164"}],"collection":[{"href":"https:\/\/www.n-news.de\/index.php?rest_route=\/wp\/v2\/posts"}],"about":[{"href":"https:\/\/www.n-news.de\/index.php?rest_route=\/wp\/v2\/types\/post"}],"author":[{"embeddable":true,"href":"https:\/\/www.n-news.de\/index.php?rest_route=\/wp\/v2\/users\/2"}],"replies":[{"embeddable":true,"href":"https:\/\/www.n-news.de\/index.php?rest_route=%2Fwp%2Fv2%2Fcomments&post=61164"}],"version-history":[{"count":0,"href":"https:\/\/www.n-news.de\/index.php?rest_route=\/wp\/v2\/posts\/61164\/revisions"}],"wp:featuredmedia":[{"embeddable":true,"href":"https:\/\/www.n-news.de\/index.php?rest_route=\/wp\/v2\/media\/102346"}],"wp:attachment":[{"href":"https:\/\/www.n-news.de\/index.php?rest_route=%2Fwp%2Fv2%2Fmedia&parent=61164"}],"wp:term":[{"taxonomy":"category","embeddable":true,"href":"https:\/\/www.n-news.de\/index.php?rest_route=%2Fwp%2Fv2%2Fcategories&post=61164"},{"taxonomy":"post_tag","embeddable":true,"href":"https:\/\/www.n-news.de\/index.php?rest_route=%2Fwp%2Fv2%2Ftags&post=61164"}],"curies":[{"name":"wp","href":"https:\/\/api.w.org\/{rel}","templated":true}]}}