{"id":27808,"date":"2026-04-29T07:28:46","date_gmt":"2026-04-29T05:28:46","guid":{"rendered":"https:\/\/www.n-news.de\/\/?p=27808"},"modified":"2026-03-14T10:18:45","modified_gmt":"2026-03-14T09:18:45","slug":"das-auge-isst-mit-tisch-dekorationen-mit-spargel-und-kerzen","status":"publish","type":"post","link":"https:\/\/www.n-news.de\/?p=27808","title":{"rendered":"Das Auge isst mit: Tisch-Dekorationen mit Spargel und Kerzen"},"content":{"rendered":"<p>#spargelzeit #kerzendeko <\/p>\n<p><strong>Der Mai ist ein wahres Fest f\u00fcr die Sinne und wird im Volksmund nicht umsonst \u201eWonnemonat\u201c genannt: Neben der regelrecht \u201eexplodierenden\u201c Natur schenkt er uns auch die ersten einheimischen Erdbeeren und frischen Spargel. Und beide sind nicht nur eine kulinarische Gaumenfreude, sondern auch ein wahrer Augenschmaus.<\/strong><\/p>\n<p>Ein frischer Erdbeerkuchen wird durch wei\u00dfe und rosafarbene Bl\u00fctenlichte perfekt in Szene gesetzt. Auf einem liebevoll gedeckten Kaffeetisch verleihen erdbeerfarbene Leuchter-Kerzen in RAL-Qualit\u00e4t bezaubernde Akzente. Und wenn die Erdbeersaison vorbei ist, bet\u00f6ren Teelichte mit Erdbeerduft auch weiterhin die Sinne.<\/p>\n<p>Ob wei\u00df oder gr\u00fcn &#8211; auch mit frischem Spargel lassen sich charmante Dekorationen zaubern: Kunstvoll um Stumpen-Kerzen gelegt und mit etwas Naturbast fixiert wird das knackige Liliengew\u00e4chs zu einem echten Deko-Highlight. Auch die Spargelschalen lassen sich zu innovativen Tischdekorationen \u201erecyceln\u201c: Daf\u00fcr einfach die Schalen kurz in kaltes Wasser legen, trocknen, und zwischen leuchtenden Teelichten in Dekogl\u00e4schen drapieren.<\/p>\n<p><strong>Das Auge isst mit: Tisch-Dekorationen mit Spargel und Kerzen<\/strong><br \/>\nDie Spargelsaison ist er\u00f6ffnet! Ob in wei\u00df oder gr\u00fcn, ob im Salat oder als Suppe, roh, gebraten, gratiniert oder gekocht &#8211; endlich kann man wieder bis zum Johannistag am 24. Juni in Spargelgerichten schwelgen &#8211; denn danach ist offiziell Schluss.<\/p>\n<p>Dass man den heimischen Spargel ab sofort, aber nur bis zum 24. Juni \u2013 auch \u201eSpargelsilvester\u201c genannt &#8211; sticht, liegt daran, dass sich nach der kurzen aber intensiven Erntezeit, die Spargelpflanze das restliche Jahr wieder regenerieren muss. Nur so ist die Ernte auch im n\u00e4chsten Fr\u00fchjahr gesichert. Die Bauernregel sagt \u00fcbrigens am Johannistag: \u201eKirschen rot, Spargel tot\u201c.<\/p>\n<div id=\"attachment_27841\" style=\"width: 610px\" class=\"wp-caption alignleft\"><img aria-describedby=\"caption-attachment-27841\" loading=\"lazy\" src=\"https:\/\/www.n-news.de\/wp-content\/uploads\/2015\/04\/gruener_spargel_als_dekostar_stumpen_kerzen.jpg\" alt=\"Foto &copy; G\u00fctegemeinschaft Kerzen\" width=\"600\" height=\"425\" class=\"size-full wp-image-27841\" srcset=\"https:\/\/www.n-news.de\/wp-content\/uploads\/2015\/04\/gruener_spargel_als_dekostar_stumpen_kerzen.jpg 600w, https:\/\/www.n-news.de\/wp-content\/uploads\/2015\/04\/gruener_spargel_als_dekostar_stumpen_kerzen-300x213.jpg 300w\" sizes=\"(max-width: 600px) 100vw, 600px\" \/><p id=\"caption-attachment-27841\" class=\"wp-caption-text\">Foto &copy; G\u00fctegemeinschaft Kerzen<\/p><\/div>\n<p><strong>Schon lange bekannt!<\/strong><br \/>\nDie gesundheitlichen Vorz\u00fcge des Spargels waren bereits vor 4500 Jahren bei den \u00c4gyptern und im antiken China bekannt. Und schon vor 2500 Jahren verwendeten die R\u00f6mer diese Gem\u00fcseart als Heilpflanze und bauten sie sp\u00e4ter sogar an. Etwa im Jahr 160 v. Chr. schrieb Cato die erste Anleitung f\u00fcr den Spargelanbau. Auch die kulinarischen Vorz\u00fcge des Spargels blieben nicht lange unentdeckt: Der R\u00f6mer Apicius aus dem 1. Jh. n. Chr. \u00fcberliefert im \u00e4ltesten erhaltenen Kochbuch mit dem Titel De re coquinaria (\u201e\u00dcber die Kochkunst\u201c), wie man Spargel am besten gart: trockenen Spargel mehrmals in hei\u00dfes Wasser geben, etwas Honig hinzuf\u00fcgen, um die Bitterstoffe zu entfernen. Fertig!<\/p>\n<p><strong>Gesund, lecker und kalorienarm!<\/strong><br \/>\nHeutzutage sind die Spargelrezepte nat\u00fcrlich viel anspruchsvoller, die gesundheitlich positive Wirkung des Spargels hat sich jedoch nicht ver\u00e4ndert. Spargel ist sehr vitaminreich: Schon ein Pfund enth\u00e4lt den Tagesbedarf an Vitamin C. Zudem hat Spargel viele Ballast- und Mineralstoffe, wie Eisen und Kalium. Jeder, der Spargel bereits kennt, hat sicherlich auch seine entschlackende Wirkung festgestellt: Da Spargel den Stoffwechsel f\u00f6rdert, d.h. f\u00fcr eine gesteigerte Harnausscheidung sorgt, werden Giftstoffe aus dem K\u00f6rper geschwemmt und die Funktion von Leber und Nieren angeregt.<\/p>\n<p>Und diejenigen, die auf ihre Figur achten wollen, m\u00fcssen auf Spargel keinesfalls verzichten: Ein Pfund enth\u00e4lt lediglich ca. 85 Kalorien! Allerdings pur \u2013 also ohne Butter oder Sauce Hollandaise!<\/p>\n<p><strong>Das Auge isst mit!<\/strong><br \/>\nWer ein Spargelessen mit Freunden plant, kann Spargel auch f\u00fcr die Tischdekoration verwenden, denn das Auge isst ja bekanntlich mit! Einfach wei\u00dfe Stumpen-Kerzen mit dem RAL-G\u00fctezeichen und gr\u00fcnen Spargel zu einem originellen Spargel-Arrangement kombinieren&#8230; Fertig sind Augen- und Gaumenschmaus!<\/p>\n<p><strong>Hierzulande&#8230;..<\/strong><br \/>\nIn Deutschland wird seit dem 2. Jh. n. Chr. Spargel angebaut. Der erste Nachweis daf\u00fcr stammt aus dieser Zeit: In Trier entdeckte man n\u00e4mlich bei Ausgrabungen ein Spargel-Preisschild. Im Mittelalter scheint der Spargel jedoch in Vergessenheit geraten zu sein. Erst im 16. Jh. wird sein Anbau in Deutschland in Urkunden wieder erw\u00e4hnt. Der heutzutage beliebte (und am meisten angebaute) wei\u00dfe Spargel, oder \u201eBleichspargel\u201c, wurde erst im 18. Jh. entdeckt. Mitte des 19. Jh. konservierte man Spargel zum ersten Mal in Dosen. Wissenswertes sowohl zur Geschichte als auch zum Anbau von Spargel in Deutschland stellt Ihnen auch die Vereinigung der Spargelanbauer Westfalen-Lippe e.V. im Internet zur Verf\u00fcgung.<\/p>\n<p>Laut Angabe der Agarmarkt-Informations-Gesellschaft (AMI) Bonn, betrug die Einkaufsmenge von Spargel pro Privathaushalt 2013 ca. 2,2 kg. Damit lag Spargel mengenm\u00e4\u00dfig bei Frischgem\u00fcse an siebter Stelle \u2013 deutlich vor Blumenkohl und Porree, die das ganze Jahr \u00fcber erh\u00e4ltlich sind.<\/p>\n<div class=\"twoclick_social_bookmarks_post_27808 social_share_privacy clearfix 1.6.4 locale-de_DE sprite-de_DE\"><\/div><div class=\"twoclick-js\"><script type=\"text\/javascript\">\/* <![CDATA[ *\/\njQuery(document).ready(function($){if($('.twoclick_social_bookmarks_post_27808')){$('.twoclick_social_bookmarks_post_27808').socialSharePrivacy({\"services\":{\"facebook\":{\"status\":\"on\",\"txt_info\":\"\",\"perma_option\":\"off\",\"action\":\"like\",\"language\":\"de_DE\"},\"twitter\":{\"reply_to\":\"nnews_de\",\"tweet_text\":\"%20Das%20Auge%20isst%20mit%3A%20Tisch-Dekorationen%20mit%20Spargel%20und%20Kerzen%20%C2%BB%20...\",\"status\":\"on\",\"txt_info\":\"\",\"perma_option\":\"off\",\"language\":\"de\",\"referrer_track\":\"\"},\"gplus\":{\"status\":\"on\",\"txt_info\":\"\",\"perma_option\":\"off\",\"referrer_track\":\"\"},\"pinterest\":{\"status\":\"on\",\"the_excerpt\":\"Das Auge isst mit: Tisch-Dekorationen mit Spargel und Kerzen &raquo; #spargelzeit #kerzendeko \\r\\n\\r\\nDer Mai ist ein wahres Fest f\\u00fcr die S ...\",\"txt_info\":\"\",\"perma_option\":\"off\",\"media\":\"https:\\\/\\\/www.n-news.de\\\/wp-content\\\/uploads\\\/2015\\\/04\\\/gruener_spargel_als_dekostar_stumpen_kerzen.jpg\"},\"linkedin\":{\"status\":\"on\",\"txt_info\":\"2 Klicks f\\u00fcr mehr Datenschutz: Erst wenn Sie hier klicken, wird der Button aktiv und Sie k\\u00f6nnen Ihre Empfehlung an LinkedIn senden. Schon beim Aktivieren werden Daten an Dritte \\u00fcbertragen - siehe <em>i<\\\/em>.\",\"perma_option\":\"off\"}},\"txt_help\":\"\",\"settings_perma\":\"\",\"info_link\":\"\",\"uri\":\"https:\\\/\\\/www.n-news.de\\\/?p=27808\",\"post_id\":27808,\"post_title_referrer_track\":\"Das+Auge+isst+mit%3A+Tisch-Dekorationen+mit+Spargel+und+Kerzen\",\"display_infobox\":\"on\"});}});\n\/* ]]> *\/<\/script><\/div>","protected":false},"excerpt":{"rendered":"<p>#spargelzeit #kerzendeko Der Mai ist ein wahres Fest f\u00fcr die Sinne und wird im Volksmund nicht umsonst \u201eWonnemonat\u201c genannt: Neben der regelrecht \u201eexplodierenden\u201c Natur schenkt er uns auch die ersten einheimischen Erdbeeren und frischen Spargel. Und beide sind nicht nur eine kulinarische Gaumenfreude, sondern auch ein wahrer Augenschmaus. Ein frischer Erdbeerkuchen wird durch wei\u00dfe und [&hellip;]<\/p>\n","protected":false},"author":2,"featured_media":27841,"comment_status":"closed","ping_status":"open","sticky":false,"template":"","format":"standard","meta":[],"categories":[1,43],"tags":[163,7],"_links":{"self":[{"href":"https:\/\/www.n-news.de\/index.php?rest_route=\/wp\/v2\/posts\/27808"}],"collection":[{"href":"https:\/\/www.n-news.de\/index.php?rest_route=\/wp\/v2\/posts"}],"about":[{"href":"https:\/\/www.n-news.de\/index.php?rest_route=\/wp\/v2\/types\/post"}],"author":[{"embeddable":true,"href":"https:\/\/www.n-news.de\/index.php?rest_route=\/wp\/v2\/users\/2"}],"replies":[{"embeddable":true,"href":"https:\/\/www.n-news.de\/index.php?rest_route=%2Fwp%2Fv2%2Fcomments&post=27808"}],"version-history":[{"count":1,"href":"https:\/\/www.n-news.de\/index.php?rest_route=\/wp\/v2\/posts\/27808\/revisions"}],"predecessor-version":[{"id":125136,"href":"https:\/\/www.n-news.de\/index.php?rest_route=\/wp\/v2\/posts\/27808\/revisions\/125136"}],"wp:featuredmedia":[{"embeddable":true,"href":"https:\/\/www.n-news.de\/index.php?rest_route=\/wp\/v2\/media\/27841"}],"wp:attachment":[{"href":"https:\/\/www.n-news.de\/index.php?rest_route=%2Fwp%2Fv2%2Fmedia&parent=27808"}],"wp:term":[{"taxonomy":"category","embeddable":true,"href":"https:\/\/www.n-news.de\/index.php?rest_route=%2Fwp%2Fv2%2Fcategories&post=27808"},{"taxonomy":"post_tag","embeddable":true,"href":"https:\/\/www.n-news.de\/index.php?rest_route=%2Fwp%2Fv2%2Ftags&post=27808"}],"curies":[{"name":"wp","href":"https:\/\/api.w.org\/{rel}","templated":true}]}}