{"id":126630,"date":"2026-09-03T07:47:34","date_gmt":"2026-09-03T05:47:34","guid":{"rendered":"https:\/\/www.n-news.de\/?p=126630"},"modified":"2026-09-01T15:50:50","modified_gmt":"2026-09-01T13:50:50","slug":"adac-stauprognose-4-bis-6-september-rueckreiseverkehr-dominiert","status":"publish","type":"post","link":"https:\/\/www.n-news.de\/?p=126630","title":{"rendered":"ADAC Stauprognose 4. bis 6. September: R\u00fcckreiseverkehr dominiert"},"content":{"rendered":"<p>#stauprognose<\/p>\n<p><strong>Das erste Septemberwochenende steht ganz im Zeichen des R\u00fcckreiseverkehrs. Zwar sind die Sommerferien bis auf Bayern und Baden-W\u00fcrttemberg bundesweit beendet, dennoch bleibt die Staugefahr auf vielen Fernstra\u00dfen hoch. Vor allem am Freitagnachmittag und -abend sind die Verbindungen aus dem S\u00fcden und von den K\u00fcsten in Richtung Binnenland stark belastet. Gleichzeitig sorgen Urlauber aus Bayern und Baden-W\u00fcrttemberg weiterhin f\u00fcr erh\u00f6hten Verkehr auf den Routen in Richtung S\u00fcden.<\/strong><\/p>\n<p>Bei sch\u00f6nem Wetter kommt am Samstagvormittag Ausflugsverkehr hinzu, insbesondere in Richtung Alpen, Mittelgebirge, K\u00fcsten und Seen. Am Samstag- und Sonntagabend ist mit R\u00fcckreiseverkehr zu rechnen. Zus\u00e4tzlich bremsen rund 1000 Baustellen auf den Autobahnen den Verkehr aus.<\/p>\n<div id=\"attachment_122506\" style=\"width: 610px\" class=\"wp-caption alignleft\"><img aria-describedby=\"caption-attachment-122506\" loading=\"lazy\" src=\"https:\/\/www.n-news.de\/wp-content\/uploads\/2025\/05\/Stau_auf_der_Autobahn_600.jpg\" alt=\"\" width=\"600\" height=\"400\" class=\"size-full wp-image-122506\" srcset=\"https:\/\/www.n-news.de\/wp-content\/uploads\/2025\/05\/Stau_auf_der_Autobahn_600.jpg 600w, https:\/\/www.n-news.de\/wp-content\/uploads\/2025\/05\/Stau_auf_der_Autobahn_600-300x200.jpg 300w\" sizes=\"(max-width: 600px) 100vw, 600px\" \/><p id=\"caption-attachment-122506\" class=\"wp-caption-text\">Stau auf der Autobahn<\/p><\/div>\n<p><strong>Besonders staugef\u00e4hrdete deutsche Autobahnen<\/strong><br \/>\n\u2022 A1 L\u00fcbeck \u2013 Hamburg \u2013 Bremen \u2013 Osnabr\u00fcck \u2013 M\u00fcnster \u2013 Dortmund \u2013 K\u00f6ln<br \/>\n\u2022 A2 Dortmund \u2013 Hannover \u2013 Braunschweig \u2013 Magdeburg<br \/>\n\u2022 A3 Oberhausen \u2013 K\u00f6ln \u2013 Frankfurt \u2013 W\u00fcrzburg \u2013 N\u00fcrnberg \u2013 Passau<br \/>\n\u2022 A4 K\u00f6ln \u2013 Olpe sowie Chemnitz \u2013 Dresden \u2013 G\u00f6rlitz<br \/>\n\u2022 A5 Heidelberg \u2013 Karlsruhe \u2013 Basel sowie Kassel \u2013 Frankfurt<br \/>\n\u2022 A6 Mannheim \u2013 Heilbronn<br \/>\n\u2022 A7 Flensburg \u2013 Hamburg \u2013 Hannover \u2013 Kassel \u2013 Fulda \u2013 W\u00fcrzburg \u2013 Ulm \u2013 F\u00fcssen<br \/>\n\u2022 A8 Karlsruhe \u2013 Stuttgart \u2013 M\u00fcnchen \u2013 Salzburg<br \/>\n\u2022 A9 Berlin \u2013 Halle\/Leipzig \u2013 N\u00fcrnberg \u2013 M\u00fcnchen<br \/>\n\u2022 A10 Berliner Ring<br \/>\n\u2022 A45 Aschaffenburg \u2013 Dortmund<br \/>\n\u2022 A61 M\u00f6nchengladbach \u2013 Koblenz \u2013 Ludwigshafen<br \/>\n\u2022 A81 Singen \u2013 Stuttgart<br \/>\n\u2022 A95 M\u00fcnchen \u2013 Garmisch-Partenkirchen<br \/>\n\u2022 A96 Lindau \u2013 M\u00fcnchen<br \/>\n\u2022 A99 Autobahnring M\u00fcnchen<\/p>\n<p>Auch im benachbarten Ausland bleibt die Verkehrslage auf wichtigen Reiserouten angespannt. In \u00d6sterreich sind insbesondere die West Autobahn (A1), die Tauern Autobahn (A10), die Karawanken Autobahn (A11), die Inntal Autobahn (A12) sowie die Brenner Autobahn (A13) zwischen Innsbruck und Brenner betroffen. Auf der Fernpassstra\u00dfe (B179) und der Arlbergstra\u00dfe (B197) ist ebenfalls mit Verz\u00f6gerungen zu rechnen.<\/p>\n<p>In der Schweiz sind die Gotthard-Route (A2) zwischen Basel, Luzern und Chiasso sowie die San-Bernardino-Route (A13) zwischen Bregenz und Chiasso staugef\u00e4hrdet. Auch auf der A1 Bern\u2013Z\u00fcrich\u2013St. Margrethen und der A3 Basel\u2013Z\u00fcrich\u2013Chur sind Behinderungen m\u00f6glich.<\/p>\n<p>In Italien sind insbesondere die Verbindungen von der Schweizer Grenze \u00fcber Mailand nach Genua (A9\/A7) sowie die Brennerroute (A22) betroffen.<br \/>\nAufgrund der Grenzkontrollen k\u00f6nnen bei der Einreise nach Deutschland Wartezeiten entstehen.<\/p>\n<p>Der ADAC r\u00e4t dazu, vor Fahrtantritt die aktuelle Verkehrslage zu pr\u00fcfen und insbesondere an Baustellen vorsichtig zu fahren. Verengte Fahrstreifen, Tempolimits und einspurige Verkehrsf\u00fchrungen erfordern erh\u00f6hte Aufmerksamkeit. Bei Stau sollten Autofahrer ausreichend Abstand halten und unn\u00f6tige Spurwechsel vermeiden.<\/p>\n<p>Weitere Informationen finden Sie auf <a href=\"http:\/\/www.adac.de\" rel=\"noopener noreferrer\" target=\"_blank\">www.adac.de<\/a>.<\/p>\n<div class=\"twoclick_social_bookmarks_post_126630 social_share_privacy clearfix 1.6.4 locale-de_DE sprite-de_DE\"><\/div><div class=\"twoclick-js\"><script type=\"text\/javascript\">\/* <![CDATA[ *\/\njQuery(document).ready(function($){if($('.twoclick_social_bookmarks_post_126630')){$('.twoclick_social_bookmarks_post_126630').socialSharePrivacy({\"services\":{\"facebook\":{\"status\":\"on\",\"txt_info\":\"\",\"perma_option\":\"off\",\"action\":\"like\",\"language\":\"de_DE\"},\"twitter\":{\"reply_to\":\"nnews_de\",\"tweet_text\":\"%20ADAC%20Stauprognose%204.%20bis%206.%20September%3A%20R%C3%BCckreiseverkehr%20dominiert%20...\",\"status\":\"on\",\"txt_info\":\"\",\"perma_option\":\"off\",\"language\":\"de\",\"referrer_track\":\"\"},\"gplus\":{\"status\":\"on\",\"txt_info\":\"\",\"perma_option\":\"off\",\"referrer_track\":\"\"},\"pinterest\":{\"status\":\"on\",\"the_excerpt\":\"ADAC Stauprognose 4. bis 6. September: R\\u00fcckreiseverkehr dominiert &raquo; #stauprognose\\r\\n\\r\\nDas erste Septemberwochenende steht ganz im Zeich ...\",\"txt_info\":\"\",\"perma_option\":\"off\",\"media\":\"https:\\\/\\\/www.n-news.de\\\/wp-content\\\/uploads\\\/2025\\\/05\\\/Stau_auf_der_Autobahn_600.jpg\"},\"linkedin\":{\"status\":\"on\",\"txt_info\":\"2 Klicks f\\u00fcr mehr Datenschutz: Erst wenn Sie hier klicken, wird der Button aktiv und Sie k\\u00f6nnen Ihre Empfehlung an LinkedIn senden. Schon beim Aktivieren werden Daten an Dritte \\u00fcbertragen - siehe <em>i<\\\/em>.\",\"perma_option\":\"off\"}},\"txt_help\":\"\",\"settings_perma\":\"\",\"info_link\":\"\",\"uri\":\"https:\\\/\\\/www.n-news.de\\\/?p=126630\",\"post_id\":126630,\"post_title_referrer_track\":\"ADAC+Stauprognose+4.+bis+6.+September%3A+R%C3%BCckreiseverkehr+dominiert\",\"display_infobox\":\"on\"});}});\n\/* ]]> *\/<\/script><\/div>","protected":false},"excerpt":{"rendered":"<p>#stauprognose Das erste Septemberwochenende steht ganz im Zeichen des R\u00fcckreiseverkehrs. Zwar sind die Sommerferien bis auf Bayern und Baden-W\u00fcrttemberg bundesweit beendet, dennoch bleibt die Staugefahr auf vielen Fernstra\u00dfen hoch. Vor allem am Freitagnachmittag und -abend sind die Verbindungen aus dem S\u00fcden und von den K\u00fcsten in Richtung Binnenland stark belastet. Gleichzeitig sorgen Urlauber aus Bayern [&hellip;]<\/p>\n","protected":false},"author":2,"featured_media":122506,"comment_status":"closed","ping_status":"closed","sticky":false,"template":"","format":"standard","meta":[],"categories":[1],"tags":[240,61],"_links":{"self":[{"href":"https:\/\/www.n-news.de\/index.php?rest_route=\/wp\/v2\/posts\/126630"}],"collection":[{"href":"https:\/\/www.n-news.de\/index.php?rest_route=\/wp\/v2\/posts"}],"about":[{"href":"https:\/\/www.n-news.de\/index.php?rest_route=\/wp\/v2\/types\/post"}],"author":[{"embeddable":true,"href":"https:\/\/www.n-news.de\/index.php?rest_route=\/wp\/v2\/users\/2"}],"replies":[{"embeddable":true,"href":"https:\/\/www.n-news.de\/index.php?rest_route=%2Fwp%2Fv2%2Fcomments&post=126630"}],"version-history":[{"count":2,"href":"https:\/\/www.n-news.de\/index.php?rest_route=\/wp\/v2\/posts\/126630\/revisions"}],"predecessor-version":[{"id":126632,"href":"https:\/\/www.n-news.de\/index.php?rest_route=\/wp\/v2\/posts\/126630\/revisions\/126632"}],"wp:featuredmedia":[{"embeddable":true,"href":"https:\/\/www.n-news.de\/index.php?rest_route=\/wp\/v2\/media\/122506"}],"wp:attachment":[{"href":"https:\/\/www.n-news.de\/index.php?rest_route=%2Fwp%2Fv2%2Fmedia&parent=126630"}],"wp:term":[{"taxonomy":"category","embeddable":true,"href":"https:\/\/www.n-news.de\/index.php?rest_route=%2Fwp%2Fv2%2Fcategories&post=126630"},{"taxonomy":"post_tag","embeddable":true,"href":"https:\/\/www.n-news.de\/index.php?rest_route=%2Fwp%2Fv2%2Ftags&post=126630"}],"curies":[{"name":"wp","href":"https:\/\/api.w.org\/{rel}","templated":true}]}}