{"id":125582,"date":"2026-04-29T15:21:30","date_gmt":"2026-04-29T13:21:30","guid":{"rendered":"https:\/\/www.n-news.de\/?p=125582"},"modified":"2026-04-27T19:25:58","modified_gmt":"2026-04-27T17:25:58","slug":"adac-stauprognose-fuer-baden-wuerttemberg-langes-mai-wochenende-bringt-stau-mit-sich","status":"publish","type":"post","link":"https:\/\/www.n-news.de\/?p=125582","title":{"rendered":"ADAC Stauprognose f\u00fcr Baden-W\u00fcrttemberg: Langes Mai-Wochenende bringt Stau mit sich"},"content":{"rendered":"<p>#stauprognose<\/p>\n<p><strong>ADAC W\u00fcrttemberg rechnet mit der gr\u00f6\u00dften Staubelastung am Donnerstag vor dem Feiertag. Ruhiger Verkehr am Samstag, am Sonntag droht R\u00fcckreiseverkehr.<\/strong><\/p>\n<p>Der ADAC W\u00fcrttemberg erwartet rund um den Feiertag am Freitag, 1. Mai lebhaften Verkehr auf den baden-w\u00fcrttembergischen Autobahnen. Viele Menschen nutzen das lange Wochenende f\u00fcr Ausfl\u00fcge oder einen Kurzurlaub \u2013 volle Stra\u00dfen sind vorprogrammiert. Der Mobilit\u00e4tsclub rechnet mit der gr\u00f6\u00dften Staubelastung im S\u00fcdwesten am Donnerstag, 30. April. Im letzten Jahr verzeichnete der ADAC am 30. April 2025 insgesamt 534 Kilometer Stau auf den Autobahnen in Baden-W\u00fcrttemberg. Die Wartezeit summierte sich auf 239 Stunden.<\/p>\n<blockquote><p>\u201eVor allem am Donnerstagnachmittag wird es richtig voll werden auf den Stra\u00dfen\u201c, warnt Joachim Baumhauer, Stauberater beim ADAC W\u00fcrttemberg. Am Freitagvormittag sei die Staugefahr ebenfalls noch hoch. Der beste Reisetag des langen Wochenendes d\u00fcrfte nach der Erfahrung des Stau-Experten der Samstag werden. \u201eHier sollte die Situation auf den Autobahnen erheblich ruhiger sein\u201c, sagt Baumhauer. F\u00fcr den Sonntag geht der ADAC Stauberater von einem starken R\u00fcckreiseverkehr aus, der seinen H\u00f6hepunkt am Nachmittag erreicht. \u201eWer sehr fr\u00fch am Morgen losf\u00e4hrt, sollte entspannt ankommen\u201c, r\u00e4t Baumhauer.<\/p><\/blockquote>\n<div id=\"attachment_101168\" style=\"width: 610px\" class=\"wp-caption alignleft\"><img aria-describedby=\"caption-attachment-101168\" loading=\"lazy\" src=\"https:\/\/www.n-news.de\/wp-content\/uploads\/2020\/12\/ADAC_Pannenhilfe.jpg\" alt=\"\" width=\"600\" height=\"434\" class=\"size-full wp-image-101168\" srcset=\"https:\/\/www.n-news.de\/wp-content\/uploads\/2020\/12\/ADAC_Pannenhilfe.jpg 600w, https:\/\/www.n-news.de\/wp-content\/uploads\/2020\/12\/ADAC_Pannenhilfe-300x217.jpg 300w\" sizes=\"(max-width: 600px) 100vw, 600px\" \/><p id=\"caption-attachment-101168\" class=\"wp-caption-text\">ADAC Pannenhilfe<\/p><\/div>\n<p>Zu den besonders staugef\u00e4hrdeten Bereichen z\u00e4hlt ADAC Stauberater Baumhauer den Autobahnabschnitt der A8 zwischen Karlsruhe und Ulm. Eine neuralgische Stelle sei etwa der Albaufstieg zwischen Aichelberg und Merklingen: \u201eHier wird es am Donnerstag kaum ohne Stau gehen.\u201c<\/p>\n<p><strong>ADAC Stauberater im Einsatz<\/strong><br \/>\nZum Start in den Mai sind auch die ADAC Stauberater mit ihren Motorr\u00e4dern auf den Autobahnen in Baden-W\u00fcrttemberg unterwegs. Sie sichern Pannen- und Unfallstellen ab und unterst\u00fctzen Polizei und Rettungsdienste. Zudem beruhigen sie genervte Urlauber, helfen bei der Routenplanung, erkl\u00e4ren die Rettungsgasse und verteilen Getr\u00e4nke und Spielsachen f\u00fcr Kinder, um die Wartezeit ertr\u00e4glicher zu machen. Die ADAC Stauberater haben umfangreiches Equipment mit an Bord, etwa leistungsstarke Powerbanks. Damit k\u00f6nnen sie liegengebliebenen Pannenfahrzeugen Starthilfe geben, um im besten Fall eine Weiterfahrt zu erm\u00f6glichen. Die w\u00fcrttembergischen ADAC Stauberater werden bis Anfang Oktober schwerpunktm\u00e4\u00dfig an den Wochenenden auf den Fernstra\u00dfen in der Region unterwegs sein.<\/p>\n<div class=\"twoclick_social_bookmarks_post_125582 social_share_privacy clearfix 1.6.4 locale-de_DE sprite-de_DE\"><\/div><div class=\"twoclick-js\"><script type=\"text\/javascript\">\/* <![CDATA[ *\/\njQuery(document).ready(function($){if($('.twoclick_social_bookmarks_post_125582')){$('.twoclick_social_bookmarks_post_125582').socialSharePrivacy({\"services\":{\"facebook\":{\"status\":\"on\",\"txt_info\":\"\",\"perma_option\":\"off\",\"action\":\"like\",\"language\":\"de_DE\"},\"twitter\":{\"reply_to\":\"nnews_de\",\"tweet_text\":\"%20ADAC%20Stauprognose%20f%C3%BCr%20Baden-W%C3%BCrttemberg%3A%20Langes%20Mai-Wochenende%20bringt%20...\",\"status\":\"on\",\"txt_info\":\"\",\"perma_option\":\"off\",\"language\":\"de\",\"referrer_track\":\"\"},\"gplus\":{\"status\":\"on\",\"txt_info\":\"\",\"perma_option\":\"off\",\"referrer_track\":\"\"},\"pinterest\":{\"status\":\"on\",\"the_excerpt\":\"ADAC Stauprognose f\\u00fcr Baden-W\\u00fcrttemberg: Langes Mai-Wochenende bringt Stau mit sich &raquo; #stauprognose\\r\\n\\r\\nADAC W\\u00fcrttemberg rechnet mit der gr\\u00f6\\u00dften Staubela ...\",\"txt_info\":\"\",\"perma_option\":\"off\",\"media\":\"https:\\\/\\\/www.n-news.de\\\/wp-content\\\/uploads\\\/2020\\\/12\\\/ADAC_Pannenhilfe.jpg\"},\"linkedin\":{\"status\":\"on\",\"txt_info\":\"2 Klicks f\\u00fcr mehr Datenschutz: Erst wenn Sie hier klicken, wird der Button aktiv und Sie k\\u00f6nnen Ihre Empfehlung an LinkedIn senden. Schon beim Aktivieren werden Daten an Dritte \\u00fcbertragen - siehe <em>i<\\\/em>.\",\"perma_option\":\"off\"}},\"txt_help\":\"\",\"settings_perma\":\"\",\"info_link\":\"\",\"uri\":\"https:\\\/\\\/www.n-news.de\\\/?p=125582\",\"post_id\":125582,\"post_title_referrer_track\":\"ADAC+Stauprognose+f%C3%BCr+Baden-W%C3%BCrttemberg%3A+Langes+Mai-Wochenende+bringt+Stau+mit+sich\",\"display_infobox\":\"on\"});}});\n\/* ]]> *\/<\/script><\/div>","protected":false},"excerpt":{"rendered":"<p>#stauprognose ADAC W\u00fcrttemberg rechnet mit der gr\u00f6\u00dften Staubelastung am Donnerstag vor dem Feiertag. Ruhiger Verkehr am Samstag, am Sonntag droht R\u00fcckreiseverkehr. Der ADAC W\u00fcrttemberg erwartet rund um den Feiertag am Freitag, 1. Mai lebhaften Verkehr auf den baden-w\u00fcrttembergischen Autobahnen. Viele Menschen nutzen das lange Wochenende f\u00fcr Ausfl\u00fcge oder einen Kurzurlaub \u2013 volle Stra\u00dfen sind vorprogrammiert. [&hellip;]<\/p>\n","protected":false},"author":2,"featured_media":101168,"comment_status":"closed","ping_status":"closed","sticky":false,"template":"","format":"standard","meta":[],"categories":[1],"tags":[240,61],"_links":{"self":[{"href":"https:\/\/www.n-news.de\/index.php?rest_route=\/wp\/v2\/posts\/125582"}],"collection":[{"href":"https:\/\/www.n-news.de\/index.php?rest_route=\/wp\/v2\/posts"}],"about":[{"href":"https:\/\/www.n-news.de\/index.php?rest_route=\/wp\/v2\/types\/post"}],"author":[{"embeddable":true,"href":"https:\/\/www.n-news.de\/index.php?rest_route=\/wp\/v2\/users\/2"}],"replies":[{"embeddable":true,"href":"https:\/\/www.n-news.de\/index.php?rest_route=%2Fwp%2Fv2%2Fcomments&post=125582"}],"version-history":[{"count":1,"href":"https:\/\/www.n-news.de\/index.php?rest_route=\/wp\/v2\/posts\/125582\/revisions"}],"predecessor-version":[{"id":125583,"href":"https:\/\/www.n-news.de\/index.php?rest_route=\/wp\/v2\/posts\/125582\/revisions\/125583"}],"wp:featuredmedia":[{"embeddable":true,"href":"https:\/\/www.n-news.de\/index.php?rest_route=\/wp\/v2\/media\/101168"}],"wp:attachment":[{"href":"https:\/\/www.n-news.de\/index.php?rest_route=%2Fwp%2Fv2%2Fmedia&parent=125582"}],"wp:term":[{"taxonomy":"category","embeddable":true,"href":"https:\/\/www.n-news.de\/index.php?rest_route=%2Fwp%2Fv2%2Fcategories&post=125582"},{"taxonomy":"post_tag","embeddable":true,"href":"https:\/\/www.n-news.de\/index.php?rest_route=%2Fwp%2Fv2%2Ftags&post=125582"}],"curies":[{"name":"wp","href":"https:\/\/api.w.org\/{rel}","templated":true}]}}