{"id":125576,"date":"2026-04-27T11:20:48","date_gmt":"2026-04-27T09:20:48","guid":{"rendered":"https:\/\/www.n-news.de\/?p=125576"},"modified":"2026-04-26T12:23:35","modified_gmt":"2026-04-26T10:23:35","slug":"barocke-gartentage-im-bluehenden-barock-bluetenpracht-vielfalt-und-inspiration-fuer-gartenfreunde","status":"publish","type":"post","link":"https:\/\/www.n-news.de\/?p=125576","title":{"rendered":"Barocke Gartentage im Bl\u00fchenden Barock: Bl\u00fctenpracht, Vielfalt und Inspiration f\u00fcr Gartenfreunde"},"content":{"rendered":"<p>#bl\u00fchendesBarock #Ludwigsburg<\/p>\n<p>Barocke Gartentage im S\u00fcdgarten des Residenzschlosses: \u201eM\u00e4rchenhafter Bl\u00fctenzauber\u201c begeistert Gartenfreunde<\/p>\n<p><strong>F\u00fcr viele Hobbyg\u00e4rtnerinnen und Hobbyg\u00e4rtner sowie Pflanzenliebhaberinnen und Pflanzenliebhaber sind die Barocken Gartentage vor der beeindruckenden Kulisse des Residenzschlosses l\u00e4ngst ein fester H\u00f6hepunkt im Gartenjahr. Inmitten der farbenfrohen Pracht des S\u00fcdgartens pr\u00e4sentieren \u00fcber 130 Aussteller eine gro\u00dfe Auswahl an Pflanzen, Gartenbedarf und stilvollen Accessoires, die keine W\u00fcnsche offenlassen.<\/strong><\/p>\n<p>Das diesj\u00e4hrige Motto \u201eM\u00e4rchenhafter Bl\u00fctenzauber\u201c zieht sich dabei wie ein roter Faden durch die gesamte Veranstaltung. Es spiegelt sich nicht nur in der Bepflanzung und Dekoration des Gel\u00e4ndes wider, sondern auch im vielf\u00e4ltigen Sortiment der Ausstellerinnen und Aussteller.<\/p>\n<p>Zum Beginn der Pflanzsaison erwartet die Besucherinnen und Besucher ein besonders umfangreiches Angebot an Nutz- und Zierpflanzen. Dazu z\u00e4hlen unter anderem Obstgeh\u00f6lze, Kr\u00e4uter, Stauden, Rosen sowie Balkon- und K\u00fcbelpflanzen und seltene Pflanzenrarit\u00e4ten. Die meisten Aussteller sind regionale Gartenexperten und erfahrene Landschaftsg\u00e4rtner, die an ihren St\u00e4nden fachkundige Beratung bieten und wertvolle Tipps f\u00fcr die Gestaltung des eigenen Gartens geben. Erg\u00e4nzt wird das Sortiment durch eine breite Auswahl an Gartenzubeh\u00f6r, dekorativen Elementen und aktueller Fachliteratur sowie zahlreichen Ideen zur Neugestaltung von Gartenanlagen.<\/p>\n<p>F\u00fcr einen entspannten Besuch steht am Infostand eine kostenlose \u201ePflanzengarderobe\u201c zur Verf\u00fcgung, in der Eink\u00e4ufe w\u00e4hrend des Aufenthalts sicher verwahrt werden k\u00f6nnen. Zus\u00e4tzlich sorgt das \u201ePflanzentaxi\u201c daf\u00fcr, dass gr\u00f6\u00dfere Eink\u00e4ufe bequem zu den Parkpl\u00e4tzen wie B\u00e4renwiese, Akademiehof oder Rathaus transportiert werden.<\/p>\n<p>Auch fachlicher Austausch kommt nicht zu kurz: An den St\u00e4nden informieren Expertinnen und Experten zu verschiedenen Gartenthemen und stehen beratend zur Seite.<\/p>\n<div id=\"attachment_118636\" style=\"width: 610px\" class=\"wp-caption alignleft\"><img aria-describedby=\"caption-attachment-118636\" loading=\"lazy\" src=\"https:\/\/www.n-news.de\/wp-content\/uploads\/2024\/04\/photo_20240422_1807043.jpg\" alt=\"\" width=\"600\" height=\"400\" class=\"size-full wp-image-118636\" srcset=\"https:\/\/www.n-news.de\/wp-content\/uploads\/2024\/04\/photo_20240422_1807043.jpg 600w, https:\/\/www.n-news.de\/wp-content\/uploads\/2024\/04\/photo_20240422_1807043-300x200.jpg 300w\" sizes=\"(max-width: 600px) 100vw, 600px\" \/><p id=\"caption-attachment-118636\" class=\"wp-caption-text\">Barocke Gartentage im Bl\u00fchenden Barock: Vorbereitungen weitestgehend abgeschlossen<\/p><\/div>\n<p>Neu im Rahmen der Gartentage:<br \/>\nEin besonderes Highlight ist der neue Bl\u00fctenpavillon als Pop-up-Zelt, in dem drei verschiedene Aussteller an jeweils nur einem Tag der Veranstaltung ihre Angebote pr\u00e4sentieren:<\/p>\n<p>01.05.2026 \u2013 Aufwind e.V.<br \/>\n02.05.2026 \u2013 Antonia Paul \u2013 Floristin<br \/>\n03.05.2026 \u2013 Vereinigung der Kakteenfreunde W\u00fcrttembergs e.V. Stuttgart 1904<br \/>\nErg\u00e4nzt wird das Konzept durch einen M\u00e4rchenpavillon, der in Kooperation mit dem Stuttgarter M\u00e4rchenkreis e.V. gestaltet wird und das Motto der Veranstaltung auf besondere Weise aufgreift. Zu festen Uhrzeiten, 11 Uhr und 15 Uhr, richten die Mitglieder des Vereins kleine M\u00e4rchensessions an der Gastronomie im S\u00fcdgarten aus, die das Thema \u201eM\u00e4rchenhafter Bl\u00fctenzauber\u201c erlebbar machen.<\/p>\n<p>Auch das gastronomische Angebot wurde passend zum Jahresmotto erweitert. Das Park Caf\u00e9 bietet seinen \u201eHolunderbl\u00fctenzauber\u201c an, der sich thematisch am Motto orientiert. Das gesamte Gastro-Sortiment greift die m\u00e4rchenhafte Gestaltung der Gartentage auf und sorgt so f\u00fcr ein stimmiges Gesamterlebnis.<\/p>\n<p>F\u00fcr eine bessere Orientierung auf dem Gel\u00e4nde sorgt in diesem Jahr zudem ein neuer Messeplan, der an allen Eing\u00e4ngen ausgegeben wird und einen schnellen \u00dcberblick \u00fcber Aussteller, Angebote und Programmpunkte bietet.<\/p>\n<p>Die Barocken Gartentage sind an allen Ausstellungstagen von 9 bis 18 Uhr ge\u00f6ffnet und laden dazu ein, die Vielfalt der Gartenwelt in besonderer Atmosph\u00e4re zu entdecken.<\/p>\n<div class=\"twoclick_social_bookmarks_post_125576 social_share_privacy clearfix 1.6.4 locale-de_DE sprite-de_DE\"><\/div><div class=\"twoclick-js\"><script type=\"text\/javascript\">\/* <![CDATA[ *\/\njQuery(document).ready(function($){if($('.twoclick_social_bookmarks_post_125576')){$('.twoclick_social_bookmarks_post_125576').socialSharePrivacy({\"services\":{\"facebook\":{\"status\":\"on\",\"txt_info\":\"\",\"perma_option\":\"off\",\"action\":\"like\",\"language\":\"de_DE\"},\"twitter\":{\"reply_to\":\"nnews_de\",\"tweet_text\":\"%20Barocke%20Gartentage%20im%20Bl%C3%BChenden%20Barock%3A%20Bl%C3%BCtenpracht%2C%20Vielfalt%20und%20...\",\"status\":\"on\",\"txt_info\":\"\",\"perma_option\":\"off\",\"language\":\"de\",\"referrer_track\":\"\"},\"gplus\":{\"status\":\"on\",\"txt_info\":\"\",\"perma_option\":\"off\",\"referrer_track\":\"\"},\"pinterest\":{\"status\":\"on\",\"the_excerpt\":\"Barocke Gartentage im Bl\\u00fchenden Barock: Bl\\u00fctenpracht, Vielfalt und Inspiration f\\u00fcr Gartenfreunde &raquo; #bl\\u00fchendesBarock #Ludwigsburg\\r\\n\\r\\nBarocke Gartentage im S\\u00fcdgarten d ...\",\"txt_info\":\"\",\"perma_option\":\"off\",\"media\":\"https:\\\/\\\/www.n-news.de\\\/wp-content\\\/uploads\\\/2024\\\/04\\\/photo_20240422_1807043.jpg\"},\"linkedin\":{\"status\":\"on\",\"txt_info\":\"2 Klicks f\\u00fcr mehr Datenschutz: Erst wenn Sie hier klicken, wird der Button aktiv und Sie k\\u00f6nnen Ihre Empfehlung an LinkedIn senden. Schon beim Aktivieren werden Daten an Dritte \\u00fcbertragen - siehe <em>i<\\\/em>.\",\"perma_option\":\"off\"}},\"txt_help\":\"\",\"settings_perma\":\"\",\"info_link\":\"\",\"uri\":\"https:\\\/\\\/www.n-news.de\\\/?p=125576\",\"post_id\":125576,\"post_title_referrer_track\":\"Barocke+Gartentage+im+Bl%C3%BChenden+Barock%3A+Bl%C3%BCtenpracht%2C+Vielfalt+und+Inspiration+f%C3%BCr+Gartenfreunde\",\"display_infobox\":\"on\"});}});\n\/* ]]> *\/<\/script><\/div>","protected":false},"excerpt":{"rendered":"<p>#bl\u00fchendesBarock #Ludwigsburg Barocke Gartentage im S\u00fcdgarten des Residenzschlosses: \u201eM\u00e4rchenhafter Bl\u00fctenzauber\u201c begeistert Gartenfreunde F\u00fcr viele Hobbyg\u00e4rtnerinnen und Hobbyg\u00e4rtner sowie Pflanzenliebhaberinnen und Pflanzenliebhaber sind die Barocken Gartentage vor der beeindruckenden Kulisse des Residenzschlosses l\u00e4ngst ein fester H\u00f6hepunkt im Gartenjahr. Inmitten der farbenfrohen Pracht des S\u00fcdgartens pr\u00e4sentieren \u00fcber 130 Aussteller eine gro\u00dfe Auswahl an Pflanzen, Gartenbedarf und stilvollen [&hellip;]<\/p>\n","protected":false},"author":2,"featured_media":118636,"comment_status":"closed","ping_status":"closed","sticky":false,"template":"","format":"standard","meta":[],"categories":[1,67],"tags":[100],"_links":{"self":[{"href":"https:\/\/www.n-news.de\/index.php?rest_route=\/wp\/v2\/posts\/125576"}],"collection":[{"href":"https:\/\/www.n-news.de\/index.php?rest_route=\/wp\/v2\/posts"}],"about":[{"href":"https:\/\/www.n-news.de\/index.php?rest_route=\/wp\/v2\/types\/post"}],"author":[{"embeddable":true,"href":"https:\/\/www.n-news.de\/index.php?rest_route=\/wp\/v2\/users\/2"}],"replies":[{"embeddable":true,"href":"https:\/\/www.n-news.de\/index.php?rest_route=%2Fwp%2Fv2%2Fcomments&post=125576"}],"version-history":[{"count":1,"href":"https:\/\/www.n-news.de\/index.php?rest_route=\/wp\/v2\/posts\/125576\/revisions"}],"predecessor-version":[{"id":125577,"href":"https:\/\/www.n-news.de\/index.php?rest_route=\/wp\/v2\/posts\/125576\/revisions\/125577"}],"wp:featuredmedia":[{"embeddable":true,"href":"https:\/\/www.n-news.de\/index.php?rest_route=\/wp\/v2\/media\/118636"}],"wp:attachment":[{"href":"https:\/\/www.n-news.de\/index.php?rest_route=%2Fwp%2Fv2%2Fmedia&parent=125576"}],"wp:term":[{"taxonomy":"category","embeddable":true,"href":"https:\/\/www.n-news.de\/index.php?rest_route=%2Fwp%2Fv2%2Fcategories&post=125576"},{"taxonomy":"post_tag","embeddable":true,"href":"https:\/\/www.n-news.de\/index.php?rest_route=%2Fwp%2Fv2%2Ftags&post=125576"}],"curies":[{"name":"wp","href":"https:\/\/api.w.org\/{rel}","templated":true}]}}