{"id":125557,"date":"2026-04-25T07:02:02","date_gmt":"2026-04-25T05:02:02","guid":{"rendered":"https:\/\/www.n-news.de\/?p=125557"},"modified":"2026-04-21T11:10:23","modified_gmt":"2026-04-21T09:10:23","slug":"der-spielplan-2026-des-theatersommers-ludwigsburg","status":"publish","type":"post","link":"https:\/\/www.n-news.de\/?p=125557","title":{"rendered":"Der Spielplan 2026 des Theatersommers Ludwigsburg"},"content":{"rendered":"<p>#TheatersommerLudwigsburg #ScalaLudwigsburg<\/p>\n<p><strong>Der Theatersommer Ludwigsburg geht in die n\u00e4chste Runde und pr\u00e4sentiert f\u00fcr die Spielzeit 2026 ein vielseitiges Programm. Freuen Sie sich auf bekannte Stoffe in neuen Lesarten, spannende Experimente und ein Ensemble aus vertrauten sowie neuen Gesichtern.<\/strong><\/p>\n<p>Bereits vor dem offiziellen Saisonstart gibt es einen besonderen Auftakt: In Kooperation mit der Akademie f\u00fcr Darstellende Kunst Baden-W\u00fcrttemberg wird Alessandro Bariccos \u201eNovecento\u201c gezeigt. Das Projekt der Regie-Absolventin Kim Salmon bringt die poetische Geschichte eines Pianisten auf die B\u00fchne, der sein Leben auf einem Schiff verbringt und die Welt nur aus der Distanz kennt. Premiere ist am 12. Mai 2026.<\/p>\n<p>Der offizielle Startschuss f\u00e4llt am 13. Juni mit Shakespeares \u201eHamlet\u201c. Regisseurin Christine Hofer interpretiert den Klassiker als zeitgen\u00f6ssisches Drama \u00fcber Macht, Zweifel und die Suche nach Wahrheit. Ihre Inszenierung r\u00fcckt die Fragen einer Generation in den Mittelpunkt, die zwischen Wut, Orientierungslosigkeit und dem Wunsch nach Ver\u00e4nderung steht.<\/p>\n<p>Aufgrund des gro\u00dfen Erfolgs kehrt im Juli Yasmina Rezas \u201eDer Gott des Gemetzels\u201c zur\u00fcck auf die B\u00fchne. Die bissige Kom\u00f6die zeigt zwei Elternpaare, deren zivilisierte Fassade zunehmend br\u00f6ckelt. Ebenfalls von Reza folgt Ende Juli \u201eBella Figura\u201c, eine ebenso scharfsinnige wie humorvolle Beobachtung gesellschaftlicher Maskenspiele.<\/p>\n<div id=\"attachment_125558\" style=\"width: 610px\" class=\"wp-caption alignleft\"><img aria-describedby=\"caption-attachment-125558\" loading=\"lazy\" src=\"https:\/\/www.n-news.de\/wp-content\/uploads\/2026\/04\/Screenshot-2026-04-21-110832.jpg\" alt=\"\" width=\"600\" height=\"401\" class=\"size-full wp-image-125558\" srcset=\"https:\/\/www.n-news.de\/wp-content\/uploads\/2026\/04\/Screenshot-2026-04-21-110832.jpg 600w, https:\/\/www.n-news.de\/wp-content\/uploads\/2026\/04\/Screenshot-2026-04-21-110832-300x201.jpg 300w\" sizes=\"(max-width: 600px) 100vw, 600px\" \/><p id=\"caption-attachment-125558\" class=\"wp-caption-text\">Grafik \u00a9 2026 Theatersommer Ludwigsburg<\/p><\/div>\n<p>Auch das junge Publikum kommt nicht zu kurz: \u201eEmil und die Detektive\u201c, das bereits im vergangenen Jahr begeisterte, wird wieder aufgenommen. Erg\u00e4nzt wird das Familienprogramm durch \u201ePinocchio\u201c, inszeniert von Christine Hofer \u2013 ein lebendiges Theatererlebnis f\u00fcr Kinder ab f\u00fcnf Jahren.<\/p>\n<p>Der Vorverkauf l\u00e4uft unter <a href=\"http:\/\/www.theatersommer.net\" rel=\"noopener noreferrer\" target=\"_blank\">www.theatersommer.net<\/a> ,die Pl\u00e4tze f\u00fcr einige Vorstellungen sind begrenzt.<\/p>\n<p>Der Theatersommer l\u00e4dt alle Interessierten herzlich ein, die neue Spielzeit zu entdecken \u2013 sei es bei Premieren, Probenbesuchen oder im Austausch mit den K\u00fcnstlerinnen und K\u00fcnstlern vor Ort.<\/p>\n<p>Weitere Informationen und Termine finden Sie online.<\/p>\n<div class=\"twoclick_social_bookmarks_post_125557 social_share_privacy clearfix 1.6.4 locale-de_DE sprite-de_DE\"><\/div><div class=\"twoclick-js\"><script type=\"text\/javascript\">\/* <![CDATA[ *\/\njQuery(document).ready(function($){if($('.twoclick_social_bookmarks_post_125557')){$('.twoclick_social_bookmarks_post_125557').socialSharePrivacy({\"services\":{\"facebook\":{\"status\":\"on\",\"txt_info\":\"\",\"perma_option\":\"off\",\"action\":\"like\",\"language\":\"de_DE\"},\"twitter\":{\"reply_to\":\"nnews_de\",\"tweet_text\":\"Der%20Spielplan%202026%20des%20Theatersommers%20Ludwigsburg%20%C2%BB%20N-News.de\",\"status\":\"on\",\"txt_info\":\"\",\"perma_option\":\"off\",\"language\":\"de\",\"referrer_track\":\"\"},\"gplus\":{\"status\":\"on\",\"txt_info\":\"\",\"perma_option\":\"off\",\"referrer_track\":\"\"},\"pinterest\":{\"status\":\"on\",\"the_excerpt\":\"Der Spielplan 2026 des Theatersommers Ludwigsburg &raquo; #TheatersommerLudwigsburg #ScalaLudwigsburg\\r\\n\\r\\nDer Theatersommer L ...\",\"txt_info\":\"\",\"perma_option\":\"off\",\"media\":\"https:\\\/\\\/www.n-news.de\\\/wp-content\\\/uploads\\\/2026\\\/04\\\/Screenshot-2026-04-21-110832.jpg\"},\"linkedin\":{\"status\":\"on\",\"txt_info\":\"2 Klicks f\\u00fcr mehr Datenschutz: Erst wenn Sie hier klicken, wird der Button aktiv und Sie k\\u00f6nnen Ihre Empfehlung an LinkedIn senden. Schon beim Aktivieren werden Daten an Dritte \\u00fcbertragen - siehe <em>i<\\\/em>.\",\"perma_option\":\"off\"}},\"txt_help\":\"\",\"settings_perma\":\"\",\"info_link\":\"\",\"uri\":\"https:\\\/\\\/www.n-news.de\\\/?p=125557\",\"post_id\":125557,\"post_title_referrer_track\":\"Der+Spielplan+2026+des+Theatersommers+Ludwigsburg\",\"display_infobox\":\"on\"});}});\n\/* ]]> *\/<\/script><\/div>","protected":false},"excerpt":{"rendered":"<p>#TheatersommerLudwigsburg #ScalaLudwigsburg Der Theatersommer Ludwigsburg geht in die n\u00e4chste Runde und pr\u00e4sentiert f\u00fcr die Spielzeit 2026 ein vielseitiges Programm. Freuen Sie sich auf bekannte Stoffe in neuen Lesarten, spannende Experimente und ein Ensemble aus vertrauten sowie neuen Gesichtern. Bereits vor dem offiziellen Saisonstart gibt es einen besonderen Auftakt: In Kooperation mit der Akademie f\u00fcr Darstellende [&hellip;]<\/p>\n","protected":false},"author":2,"featured_media":125558,"comment_status":"closed","ping_status":"closed","sticky":false,"template":"","format":"standard","meta":[],"categories":[1,66],"tags":[],"_links":{"self":[{"href":"https:\/\/www.n-news.de\/index.php?rest_route=\/wp\/v2\/posts\/125557"}],"collection":[{"href":"https:\/\/www.n-news.de\/index.php?rest_route=\/wp\/v2\/posts"}],"about":[{"href":"https:\/\/www.n-news.de\/index.php?rest_route=\/wp\/v2\/types\/post"}],"author":[{"embeddable":true,"href":"https:\/\/www.n-news.de\/index.php?rest_route=\/wp\/v2\/users\/2"}],"replies":[{"embeddable":true,"href":"https:\/\/www.n-news.de\/index.php?rest_route=%2Fwp%2Fv2%2Fcomments&post=125557"}],"version-history":[{"count":1,"href":"https:\/\/www.n-news.de\/index.php?rest_route=\/wp\/v2\/posts\/125557\/revisions"}],"predecessor-version":[{"id":125559,"href":"https:\/\/www.n-news.de\/index.php?rest_route=\/wp\/v2\/posts\/125557\/revisions\/125559"}],"wp:featuredmedia":[{"embeddable":true,"href":"https:\/\/www.n-news.de\/index.php?rest_route=\/wp\/v2\/media\/125558"}],"wp:attachment":[{"href":"https:\/\/www.n-news.de\/index.php?rest_route=%2Fwp%2Fv2%2Fmedia&parent=125557"}],"wp:term":[{"taxonomy":"category","embeddable":true,"href":"https:\/\/www.n-news.de\/index.php?rest_route=%2Fwp%2Fv2%2Fcategories&post=125557"},{"taxonomy":"post_tag","embeddable":true,"href":"https:\/\/www.n-news.de\/index.php?rest_route=%2Fwp%2Fv2%2Ftags&post=125557"}],"curies":[{"name":"wp","href":"https:\/\/api.w.org\/{rel}","templated":true}]}}