{"id":125539,"date":"2026-04-19T16:59:08","date_gmt":"2026-04-19T14:59:08","guid":{"rendered":"https:\/\/www.n-news.de\/?p=125539"},"modified":"2026-04-19T14:59:39","modified_gmt":"2026-04-19T12:59:39","slug":"fantastischer-auftakt-mehr-als-200-000-gaeste-stroemen-auf-das-stuttgarter-fruehlingsfest","status":"publish","type":"post","link":"https:\/\/www.n-news.de\/?p=125539","title":{"rendered":"Fantastischer Auftakt: Mehr als 200.000 G\u00e4ste str\u00f6men auf das Stuttgarter Fr\u00fchlingsfest"},"content":{"rendered":"<p>#fruehlingsfest #instuttgart<\/p>\n<p><strong>Besser h\u00e4tte der Start kaum laufen k\u00f6nnen: Bei strahlendem Sonnenschein ist das 86. Stuttgarter Fr\u00fchlingsfest am Samstag, 18. April, offiziell er\u00f6ffnet worden. Schon am ersten Wochenende zog es mehr als 200.000 Besucherinnen und Besucher auf den Cannstatter Wasen.<\/strong><\/p>\n<p>Traditionell wurde das Fest mit dem Fassanstich er\u00f6ffnet. \u201eWasen-B\u00fcrgermeister\u201c Thomas Fuhrmann bewies dabei Zielgenauigkeit \u2013 nach zwei Schl\u00e4gen floss der Gerstensaft. In seiner Er\u00f6ffnungsrede setzte er auf gutes Wetter als Erfolgsfaktor: Drei Wochen Sonnenschein w\u00fcrden nicht nur die G\u00e4ste freuen, sondern vor allem auch Schausteller und Festwirte.<\/p>\n<p>Die ersten Ma\u00dfkr\u00fcge gingen an Andreas Kroll, den ehemaligen Gesch\u00e4ftsf\u00fchrer der in.Stuttgart Veranstaltungsgesellschaft, sowie an seinen Nachfolger Guido von Vacano. F\u00fcr die passende musikalische Begleitung und beste Stimmung sorgten die Filderspatzen.<\/p>\n<div id=\"attachment_125540\" style=\"width: 610px\" class=\"wp-caption alignleft\"><img aria-describedby=\"caption-attachment-125540\" loading=\"lazy\" src=\"https:\/\/www.n-news.de\/wp-content\/uploads\/2026\/04\/Fruehlingsfest2026_Eroeffnungsfeier_Foto_in.Stuttgart_DennisHamann.jpg\" alt=\"\" width=\"600\" height=\"450\" class=\"size-full wp-image-125540\" srcset=\"https:\/\/www.n-news.de\/wp-content\/uploads\/2026\/04\/Fruehlingsfest2026_Eroeffnungsfeier_Foto_in.Stuttgart_DennisHamann.jpg 600w, https:\/\/www.n-news.de\/wp-content\/uploads\/2026\/04\/Fruehlingsfest2026_Eroeffnungsfeier_Foto_in.Stuttgart_DennisHamann-300x225.jpg 300w\" sizes=\"(max-width: 600px) 100vw, 600px\" \/><p id=\"caption-attachment-125540\" class=\"wp-caption-text\">Er\u00f6ffnungsfeier. Foto: in.Stuttgart\/Dennis Hamann<\/p><\/div>\n<p><strong>Gro\u00dfer Andrang von Beginn an<\/strong><br \/>\nBereits am Er\u00f6ffnungswochenende zeigte sich, wie beliebt das Fr\u00fchlingsfest ist. Tausende Menschen nutzten das sonnige Wetter, um \u00fcber den Wasen zu schlendern, Fahrgesch\u00e4fte auszuprobieren und die kulinarischen Angebote zu genie\u00dfen. Familien, Freundesgruppen und internationale G\u00e4ste pr\u00e4gten das bunte Bild auf dem Festgel\u00e4nde.<\/p>\n<p>Guido von Vacano zeigte sich beeindruckt vom gelungenen Auftakt: Die Mischung aus regionalem Publikum und G\u00e4sten aus aller Welt mache den besonderen Reiz des Festes aus. Schon w\u00e4hrend der offiziellen Veranstaltung am Vormittag habe sich der Platz zunehmend gef\u00fcllt und eine fr\u00f6hliche, ausgelassene Atmosph\u00e4re entwickelt.<\/p>\n<p>Auch Christian Eisenhardt, seit Anfang April Leiter der Kernbereiche Eigenveranstaltungen und Feste bei in.Stuttgart, zog eine positive Bilanz. Bereits vor der offiziellen \u00d6ffnung um 11 Uhr h\u00e4tten sich zahlreiche Besucher an den Eing\u00e4ngen versammelt. Die Stimmung sei von Beginn an hervorragend gewesen.<\/p>\n<p>Nach diesem erfolgreichen Start stehen die Zeichen f\u00fcr die kommenden Wochen klar auf Feierlaune. Wenn das Wetter mitspielt, d\u00fcrfte das Stuttgarter Fr\u00fchlingsfest auch weiterhin ein Publikumsmagnet bleiben.<\/p>\n<div id=\"attachment_125541\" style=\"width: 610px\" class=\"wp-caption alignleft\"><img aria-describedby=\"caption-attachment-125541\" loading=\"lazy\" src=\"https:\/\/www.n-news.de\/wp-content\/uploads\/2026\/04\/Fruehlingsfest2026_Foto_in.Stuttgart_DennisHamann.jpg\" alt=\"\" width=\"600\" height=\"400\" class=\"size-full wp-image-125541\" srcset=\"https:\/\/www.n-news.de\/wp-content\/uploads\/2026\/04\/Fruehlingsfest2026_Foto_in.Stuttgart_DennisHamann.jpg 600w, https:\/\/www.n-news.de\/wp-content\/uploads\/2026\/04\/Fruehlingsfest2026_Foto_in.Stuttgart_DennisHamann-300x200.jpg 300w\" sizes=\"(max-width: 600px) 100vw, 600px\" \/><p id=\"caption-attachment-125541\" class=\"wp-caption-text\">Fr\u00fchlingsfest. Foto: in.Stuttgart\/Dennis Hamann<\/p><\/div>\n<p><strong>Alle Termine auf einen Blick:<\/strong><br \/>\nMontag, 20. April VVS-Wasentag<br \/>\nMittwoch, 22. April Familientag<br \/>\nSamstag, 25. April Alb-Fashion-Day im Albdorf<br \/>\nDienstag, 28. April VfB-Wasentag<br \/>\nMittwoch, 29. April Familientag<br \/>\nDonnerstag, 30. April, 10.30 Uhr \u00d6kumenischer Wasengottesdienst<br \/>\nFreitag, 1. Mai Maifeiertag im Albdorf<br \/>\nMittwoch, 6. Mai Familientag mit gro\u00dfem Maskottchentreffen<br \/>\nSonntag, 10. Mai, 21.30 Uhr Gro\u00dfes Musikfeuerwerk<\/p>\n<p>\u00d6ffnungszeiten:<br \/>\nMontag\u2013Donnerstag: 12\u201323 Uhr<br \/>\nFreitag: 12\u201324 Uhr<br \/>\nSamstag: 11\u201324 Uhr<br \/>\nSonntag: 11\u201323 Uhr<\/p>\n<p>Sonder\u00f6ffnungszeiten:<br \/>\nDonnerstag, 30. April: 12\u201324 Uhr<br \/>\nFreitag, 1. Mai: 11\u201324 Uhr<\/p>\n<div class=\"twoclick_social_bookmarks_post_125539 social_share_privacy clearfix 1.6.4 locale-de_DE sprite-de_DE\"><\/div><div class=\"twoclick-js\"><script type=\"text\/javascript\">\/* <![CDATA[ *\/\njQuery(document).ready(function($){if($('.twoclick_social_bookmarks_post_125539')){$('.twoclick_social_bookmarks_post_125539').socialSharePrivacy({\"services\":{\"facebook\":{\"status\":\"on\",\"txt_info\":\"\",\"perma_option\":\"off\",\"action\":\"like\",\"language\":\"de_DE\"},\"twitter\":{\"reply_to\":\"nnews_de\",\"tweet_text\":\"%20Fantastischer%20Auftakt%3A%20Mehr%20als%20200.000%20G%C3%A4ste%20str%C3%B6men%20auf%20das%20...\",\"status\":\"on\",\"txt_info\":\"\",\"perma_option\":\"off\",\"language\":\"de\",\"referrer_track\":\"\"},\"gplus\":{\"status\":\"on\",\"txt_info\":\"\",\"perma_option\":\"off\",\"referrer_track\":\"\"},\"pinterest\":{\"status\":\"on\",\"the_excerpt\":\"Fantastischer Auftakt: Mehr als 200.000 G\\u00e4ste str\\u00f6men auf das Stuttgarter Fr\\u00fchlingsfest &raquo; #fruehlingsfest #instuttgart\\r\\n\\r\\nBesser h\\u00e4tte der Start kaum laufen ...\",\"txt_info\":\"\",\"perma_option\":\"off\",\"media\":\"https:\\\/\\\/www.n-news.de\\\/wp-content\\\/uploads\\\/2026\\\/04\\\/Fruehlingsfest2026_Foto_in.Stuttgart_DennisHamann.jpg\"},\"linkedin\":{\"status\":\"on\",\"txt_info\":\"2 Klicks f\\u00fcr mehr Datenschutz: Erst wenn Sie hier klicken, wird der Button aktiv und Sie k\\u00f6nnen Ihre Empfehlung an LinkedIn senden. Schon beim Aktivieren werden Daten an Dritte \\u00fcbertragen - siehe <em>i<\\\/em>.\",\"perma_option\":\"off\"}},\"txt_help\":\"\",\"settings_perma\":\"\",\"info_link\":\"\",\"uri\":\"https:\\\/\\\/www.n-news.de\\\/?p=125539\",\"post_id\":125539,\"post_title_referrer_track\":\"Fantastischer+Auftakt%3A+Mehr+als+200.000+G%C3%A4ste+str%C3%B6men+auf+das+Stuttgarter+Fr%C3%BChlingsfest\",\"display_infobox\":\"on\"});}});\n\/* ]]> *\/<\/script><\/div>","protected":false},"excerpt":{"rendered":"<p>#fruehlingsfest #instuttgart Besser h\u00e4tte der Start kaum laufen k\u00f6nnen: Bei strahlendem Sonnenschein ist das 86. Stuttgarter Fr\u00fchlingsfest am Samstag, 18. April, offiziell er\u00f6ffnet worden. Schon am ersten Wochenende zog es mehr als 200.000 Besucherinnen und Besucher auf den Cannstatter Wasen. Traditionell wurde das Fest mit dem Fassanstich er\u00f6ffnet. \u201eWasen-B\u00fcrgermeister\u201c Thomas Fuhrmann bewies dabei Zielgenauigkeit \u2013 [&hellip;]<\/p>\n","protected":false},"author":2,"featured_media":125541,"comment_status":"closed","ping_status":"closed","sticky":false,"template":"","format":"standard","meta":[],"categories":[1,65,4],"tags":[110,106],"_links":{"self":[{"href":"https:\/\/www.n-news.de\/index.php?rest_route=\/wp\/v2\/posts\/125539"}],"collection":[{"href":"https:\/\/www.n-news.de\/index.php?rest_route=\/wp\/v2\/posts"}],"about":[{"href":"https:\/\/www.n-news.de\/index.php?rest_route=\/wp\/v2\/types\/post"}],"author":[{"embeddable":true,"href":"https:\/\/www.n-news.de\/index.php?rest_route=\/wp\/v2\/users\/2"}],"replies":[{"embeddable":true,"href":"https:\/\/www.n-news.de\/index.php?rest_route=%2Fwp%2Fv2%2Fcomments&post=125539"}],"version-history":[{"count":1,"href":"https:\/\/www.n-news.de\/index.php?rest_route=\/wp\/v2\/posts\/125539\/revisions"}],"predecessor-version":[{"id":125542,"href":"https:\/\/www.n-news.de\/index.php?rest_route=\/wp\/v2\/posts\/125539\/revisions\/125542"}],"wp:featuredmedia":[{"embeddable":true,"href":"https:\/\/www.n-news.de\/index.php?rest_route=\/wp\/v2\/media\/125541"}],"wp:attachment":[{"href":"https:\/\/www.n-news.de\/index.php?rest_route=%2Fwp%2Fv2%2Fmedia&parent=125539"}],"wp:term":[{"taxonomy":"category","embeddable":true,"href":"https:\/\/www.n-news.de\/index.php?rest_route=%2Fwp%2Fv2%2Fcategories&post=125539"},{"taxonomy":"post_tag","embeddable":true,"href":"https:\/\/www.n-news.de\/index.php?rest_route=%2Fwp%2Fv2%2Ftags&post=125539"}],"curies":[{"name":"wp","href":"https:\/\/api.w.org\/{rel}","templated":true}]}}