{"id":125221,"date":"2026-03-16T11:46:56","date_gmt":"2026-03-16T10:46:56","guid":{"rendered":"https:\/\/www.n-news.de\/?p=125221"},"modified":"2026-03-16T13:34:50","modified_gmt":"2026-03-16T12:34:50","slug":"stadtpalais-und-stuttgarter-ballett-zeigen-die-geschichte-des-ballettwunders","status":"publish","type":"post","link":"https:\/\/www.n-news.de\/?p=125221","title":{"rendered":"StadtPalais und Stuttgarter Ballett zeigen die Geschichte des \u201eBallettwunders\u201c"},"content":{"rendered":"<p>#StadtPalais  #JohnCranko<\/p>\n<p><strong>Ab dem 19. M\u00e4rz widmet sich das StadtPalais \u2013 Museum f\u00fcr Stuttgart erstmals umfassend der Geschichte des Stuttgarter Balletts. Die gro\u00dfe Sonderausstellung \u201eBallettwunder\u201c erz\u00e4hlt, wie sich aus einer regionalen Tanztruppe eine Kompanie von Weltrang entwickelte. In Kooperation mit dem Stuttgarter Ballett zeigt das Museum eine visuell eindrucksvolle Ausstellung \u00fcber die Anf\u00e4nge, den internationalen Durchbruch und die Gegenwart des Stuttgarter Tanzes.<\/strong><\/p>\n<p>Der entscheidende Moment in dieser Geschichte liegt im Jahr 1969. Bei einem Gastspiel an der Metropolitan Opera in New York sorgt das Ensemble weltweit f\u00fcr Aufsehen. Internationale Medien sprechen vom \u201eStuttgart Ballet Miracle\u201c, dem Stuttgarter Ballettwunder. Ma\u00dfgeblich gepr\u00e4gt wurde diese Entwicklung vom damaligen Ballettdirektor und Choreograf John Cranko. Seit seinem Amtsantritt 1961 formte er das Ensemble zu einer international gefeierten Kompanie. T\u00e4nzerinnen und T\u00e4nzer wie Marcia Hayd\u00e9e, Birgit Keil, Richard Cragun und Egon Madsen wurden zu Stars der internationalen Ballettszene.<\/p>\n<div id=\"attachment_125222\" style=\"width: 610px\" class=\"wp-caption alignleft\"><img aria-describedby=\"caption-attachment-125222\" loading=\"lazy\" src=\"https:\/\/www.n-news.de\/wp-content\/uploads\/2026\/03\/Elisa-Badenes-Foto-Roman-Novitzky-Rechte-Stuttgarter-Ballett.jpg\" alt=\"\" width=\"600\" height=\"411\" class=\"size-full wp-image-125222\" srcset=\"https:\/\/www.n-news.de\/wp-content\/uploads\/2026\/03\/Elisa-Badenes-Foto-Roman-Novitzky-Rechte-Stuttgarter-Ballett.jpg 600w, https:\/\/www.n-news.de\/wp-content\/uploads\/2026\/03\/Elisa-Badenes-Foto-Roman-Novitzky-Rechte-Stuttgarter-Ballett-300x206.jpg 300w\" sizes=\"(max-width: 600px) 100vw, 600px\" \/><p id=\"caption-attachment-125222\" class=\"wp-caption-text\">Elisa Badenes als Odette und Henrik Erikson als Siegfried<br \/>Elisa Badenes als Odette und Henrik Erikson als Siegfried (2024).<br \/>Foto &copy; Roman Novitzky, Rechte: Stuttgarter Ballett<\/p><\/div>\n<p>Die Ausstellung im StadtPalais verbindet historische Einblicke mit einem besonderen Ausstellungserlebnis. Kost\u00fcme, B\u00fchnenbildentw\u00fcrfe sowie gro\u00dffl\u00e4chige Licht- und Videoprojektionen lassen die Geschichte des Stuttgarter Balletts lebendig werden. Besucherinnen und Besucher k\u00f6nnen so nicht nur die Entwicklung der Kompanie nachvollziehen, sondern auch die Atmosph\u00e4re von Tanz und Bewegung im Raum erleben.<\/p>\n<p>Dabei reicht der Blick weit zur\u00fcck. Schon im 18. Jahrhundert spielte Tanz in Stuttgart eine wichtige Rolle. Damals wurde der ber\u00fchmte Choreograf Jean Georges Noverre von Herzog Carl Eugen an den w\u00fcrttembergischen Hof berufen. Rund zwei Jahrhunderte sp\u00e4ter begann unter John Cranko der internationale Aufstieg des Stuttgarter Balletts. Auch nach Crankos pl\u00f6tzlichem Tod im Jahr 1973 setzte sich diese Erfolgsgeschichte fort. Die sogenannte \u201eStuttgarter Ballettfamilie\u201c blieb seinem k\u00fcnstlerischen Erbe verbunden und entwickelte den Stil der Kompanie weiter.<\/p>\n<p>In der Ausstellung wird deshalb nicht nur Crankos Zeit gew\u00fcrdigt. Erstmals beleuchtet sie auch die Arbeit seiner Nachfolger \u2013 darunter Glen Tetley, Marcia Hayd\u00e9e, Reid Anderson und der heutige Intendant Tamas Detrich. Damit zeigt die Schau, wie sich das Stuttgarter Ballett bis heute weiterentwickelt hat.<\/p>\n<p>Die Ausstellung l\u00e4uft bis zum 4. April 2027 im StadtPalais in Stuttgart. Neben der Ausstellung selbst gibt es ein umfangreiches Begleitprogramm mit F\u00fchrungen, Workshops und Veranstaltungen. Besonders gefragt d\u00fcrften die Insider-F\u00fchrungen der ehemaligen Solistin Sonia Santiago sein, die pers\u00f6nliche Einblicke in das Leben auf und hinter der B\u00fchne gibt.<\/p>\n<p>Mit \u201eBallettwunder\u201c w\u00fcrdigt das StadtPalais die besondere Bedeutung des Tanzes f\u00fcr Stuttgart. Die Ausstellung macht deutlich, warum die Stadt bis heute als eine der wichtigsten Ballettmetropolen Europas gilt.<\/p>\n<div class=\"twoclick_social_bookmarks_post_125221 social_share_privacy clearfix 1.6.4 locale-de_DE sprite-de_DE\"><\/div><div class=\"twoclick-js\"><script type=\"text\/javascript\">\/* <![CDATA[ *\/\njQuery(document).ready(function($){if($('.twoclick_social_bookmarks_post_125221')){$('.twoclick_social_bookmarks_post_125221').socialSharePrivacy({\"services\":{\"facebook\":{\"status\":\"on\",\"txt_info\":\"\",\"perma_option\":\"off\",\"action\":\"like\",\"language\":\"de_DE\"},\"twitter\":{\"reply_to\":\"nnews_de\",\"tweet_text\":\"%20StadtPalais%20und%20Stuttgarter%20Ballett%20zeigen%20die%20Geschichte%20des%20...\",\"status\":\"on\",\"txt_info\":\"\",\"perma_option\":\"off\",\"language\":\"de\",\"referrer_track\":\"\"},\"gplus\":{\"status\":\"on\",\"txt_info\":\"\",\"perma_option\":\"off\",\"referrer_track\":\"\"},\"pinterest\":{\"status\":\"on\",\"the_excerpt\":\"StadtPalais und Stuttgarter Ballett zeigen die Geschichte des \\u201eBallettwunders\\u201c &raquo; #StadtPalais  #JohnCranko\\r\\n\\r\\nAb dem 19. M\\u00e4rz widmet sich das Stadt ...\",\"txt_info\":\"\",\"perma_option\":\"off\",\"media\":\"https:\\\/\\\/www.n-news.de\\\/wp-content\\\/uploads\\\/2026\\\/03\\\/Elisa-Badenes-Foto-Roman-Novitzky-Rechte-Stuttgarter-Ballett.jpg\"},\"linkedin\":{\"status\":\"on\",\"txt_info\":\"2 Klicks f\\u00fcr mehr Datenschutz: Erst wenn Sie hier klicken, wird der Button aktiv und Sie k\\u00f6nnen Ihre Empfehlung an LinkedIn senden. Schon beim Aktivieren werden Daten an Dritte \\u00fcbertragen - siehe <em>i<\\\/em>.\",\"perma_option\":\"off\"}},\"txt_help\":\"\",\"settings_perma\":\"\",\"info_link\":\"\",\"uri\":\"https:\\\/\\\/www.n-news.de\\\/?p=125221\",\"post_id\":125221,\"post_title_referrer_track\":\"StadtPalais+und+Stuttgarter+Ballett+zeigen+die+Geschichte+des+%E2%80%9EBallettwunders%E2%80%9C\",\"display_infobox\":\"on\"});}});\n\/* ]]> *\/<\/script><\/div>","protected":false},"excerpt":{"rendered":"<p>#StadtPalais #JohnCranko Ab dem 19. M\u00e4rz widmet sich das StadtPalais \u2013 Museum f\u00fcr Stuttgart erstmals umfassend der Geschichte des Stuttgarter Balletts. Die gro\u00dfe Sonderausstellung \u201eBallettwunder\u201c erz\u00e4hlt, wie sich aus einer regionalen Tanztruppe eine Kompanie von Weltrang entwickelte. In Kooperation mit dem Stuttgarter Ballett zeigt das Museum eine visuell eindrucksvolle Ausstellung \u00fcber die Anf\u00e4nge, den internationalen [&hellip;]<\/p>\n","protected":false},"author":2,"featured_media":125222,"comment_status":"closed","ping_status":"closed","sticky":false,"template":"","format":"standard","meta":[],"categories":[1,65],"tags":[123],"_links":{"self":[{"href":"https:\/\/www.n-news.de\/index.php?rest_route=\/wp\/v2\/posts\/125221"}],"collection":[{"href":"https:\/\/www.n-news.de\/index.php?rest_route=\/wp\/v2\/posts"}],"about":[{"href":"https:\/\/www.n-news.de\/index.php?rest_route=\/wp\/v2\/types\/post"}],"author":[{"embeddable":true,"href":"https:\/\/www.n-news.de\/index.php?rest_route=\/wp\/v2\/users\/2"}],"replies":[{"embeddable":true,"href":"https:\/\/www.n-news.de\/index.php?rest_route=%2Fwp%2Fv2%2Fcomments&post=125221"}],"version-history":[{"count":1,"href":"https:\/\/www.n-news.de\/index.php?rest_route=\/wp\/v2\/posts\/125221\/revisions"}],"predecessor-version":[{"id":125223,"href":"https:\/\/www.n-news.de\/index.php?rest_route=\/wp\/v2\/posts\/125221\/revisions\/125223"}],"wp:featuredmedia":[{"embeddable":true,"href":"https:\/\/www.n-news.de\/index.php?rest_route=\/wp\/v2\/media\/125222"}],"wp:attachment":[{"href":"https:\/\/www.n-news.de\/index.php?rest_route=%2Fwp%2Fv2%2Fmedia&parent=125221"}],"wp:term":[{"taxonomy":"category","embeddable":true,"href":"https:\/\/www.n-news.de\/index.php?rest_route=%2Fwp%2Fv2%2Fcategories&post=125221"},{"taxonomy":"post_tag","embeddable":true,"href":"https:\/\/www.n-news.de\/index.php?rest_route=%2Fwp%2Fv2%2Ftags&post=125221"}],"curies":[{"name":"wp","href":"https:\/\/api.w.org\/{rel}","templated":true}]}}