{"id":125122,"date":"2026-03-13T15:09:36","date_gmt":"2026-03-13T14:09:36","guid":{"rendered":"https:\/\/www.n-news.de\/?p=125122"},"modified":"2026-03-13T09:14:52","modified_gmt":"2026-03-13T08:14:52","slug":"schwaebische-alb-auf-wander-erfolgskurs","status":"publish","type":"post","link":"https:\/\/www.n-news.de\/?p=125122","title":{"rendered":"Schw\u00e4bische Alb auf Wander-Erfolgskurs"},"content":{"rendered":"<p>#schwaebischealb #albcard<\/p>\n<p>Nach Platz 3 beim trekking-Award nun im Rennen um Deutschlands sch\u00f6nsten Wanderweg<\/p>\n<p><strong>Die Schw\u00e4bische Alb geh\u00f6rt zu den beliebtesten Wanderregionen im deutschsprachigen Raum. Das best\u00e4tigt die aktuelle Leserwahl des renommierten trekking-Magazins: Mehr als 35.000 Leserinnen und Leser haben abgestimmt und die Schw\u00e4bische Alb auf Platz drei der sch\u00f6nsten Wanderregionen gew\u00e4hlt. Vor ihr liegen lediglich die Allg\u00e4uer Alpen und die Zugspitz-Region.<\/strong><\/p>\n<p>Mit \u00fcber 90 zertifizierten Premium- und Qualit\u00e4tswanderwegen bietet die Region ideale Bedingungen f\u00fcr Wanderbegeisterte. Spektakul\u00e4re Aussichtsfelsen, idyllische Flusst\u00e4ler und naturbelassene Pfade pr\u00e4gen das Landschaftsbild. Die Mischung aus urspr\u00fcnglicher Natur und gewachsener Kulturlandschaft macht die Schw\u00e4bische Alb seit Jahren zu einem gefragten Ziel f\u00fcr Aktivurlauber.<\/p>\n<blockquote><p>Heiko Zeeb, Themenmanager Wandern beim Schw\u00e4bische Alb Tourismus (SAT), freut sich \u00fcber die Auszeichnung: \u201eWir freuen uns sehr \u00fcber den Platz auf dem Treppchen. Wandern ist eines der touristischen Herzst\u00fccke der Schw\u00e4bischen Alb. Dass die fachkundige Leserschaft des trekking-Magazins die Alb so weit vorne sieht, ist eine wunderbare Wertsch\u00e4tzung f\u00fcr alle Menschen, die mit ihrer Arbeit und ihrem Engagement zu diesem attraktiven Wanderangebot der Region beitragen.\u201c<\/p><\/blockquote>\n<div id=\"attachment_125123\" style=\"width: 610px\" class=\"wp-caption alignleft\"><img aria-describedby=\"caption-attachment-125123\" loading=\"lazy\" src=\"https:\/\/www.n-news.de\/wp-content\/uploads\/2026\/03\/Wanderregion-Schwaebische-Alb-Copyright-SAT-L.-Huang.jpg\" alt=\"\" width=\"600\" height=\"400\" class=\"size-full wp-image-125123\" srcset=\"https:\/\/www.n-news.de\/wp-content\/uploads\/2026\/03\/Wanderregion-Schwaebische-Alb-Copyright-SAT-L.-Huang.jpg 600w, https:\/\/www.n-news.de\/wp-content\/uploads\/2026\/03\/Wanderregion-Schwaebische-Alb-Copyright-SAT-L.-Huang-300x200.jpg 300w\" sizes=\"(max-width: 600px) 100vw, 600px\" \/><p id=\"caption-attachment-125123\" class=\"wp-caption-text\">Wanderregion Schw\u00e4bische Alb. Foto &copy; SAT, L. Huang<\/p><\/div>\n<p><strong>\u201ehochgehpilgert\u201c im Rennen um Deutschlands sch\u00f6nsten Wanderweg<\/strong><br \/>\nDer n\u00e4chste Wettbewerb steht bereits an. Bei der Wahl des Wandermagazins zu \u201eDeutschlands sch\u00f6nsten Wanderwegen\u201c ist in diesem Jahr der Premiumwanderweg \u201ehochgehpilgert\u201c in der Kategorie Tagestouren nominiert.<\/p>\n<p>Die rund 13 Kilometer lange Rundtour startet und endet in Zwiefalten und zeigt eindrucksvoll die landschaftliche und kulturelle Vielfalt der Schw\u00e4bischen Alb. Wandernde passieren weite Wacholderheiden, offene Weidelandschaften und naturnahe Pfade, die sich entlang von Felsen, Quellen und kleinen Schluchten durch die Region schl\u00e4ngeln. Immer wieder er\u00f6ffnen sich dabei weite Ausblicke \u00fcber die charakteristische Alb-Landschaft.<\/p>\n<p>Zu den besonderen H\u00f6hepunkten entlang der Strecke z\u00e4hlt die Wimsener H\u00f6hle \u2013 die einzige mit dem Boot befahrbare Wasserh\u00f6hle Deutschlands. Ein weiteres pr\u00e4gendes Element der Tour ist das barocke M\u00fcnster in Zwiefalten mit seinen kunstvollen Deckenfresken, das dem Weg auch seinen spirituellen Charakter verleiht.<\/p>\n<p>Anl\u00e4sslich des 20-j\u00e4hrigen Jubil\u00e4ums des Wettbewerbs hat eine Expertenjury aus insgesamt 103 Bewerbungen die 20 besten Wanderwege Deutschlands ausgew\u00e4hlt. Nominiert sind jeweils zehn Tagestouren und zehn Mehrtagestouren. Noch bis zum 30. Juni 2026 k\u00f6nnen Wanderfans online \u00fcber ihre Favoriten abstimmen.<\/p>\n<p><strong>Tourismusmotor Schw\u00e4bische Alb<\/strong><br \/>\nDie Auszeichnungen unterstreichen die wachsende Bedeutung der Schw\u00e4bischen Alb als touristische Destination. Der Schw\u00e4bische Alb Tourismusverband (SAT) koordiniert als Dachorganisation die touristische Entwicklung der Region mit ihren zehn Landkreisen, einem Stadtkreis sowie rund 160 St\u00e4dten und Gemeinden.<\/p>\n<p>Zu den zentralen Aufgaben z\u00e4hlen die Entwicklung touristischer Infrastruktur, Marketing und \u00d6ffentlichkeitsarbeit sowie die Zusammenarbeit mit landes- und bundesweiten Institutionen. Inhaltlich konzentriert sich der Verband auf vier zentrale Themenfelder: Wandern, Radfahren, St\u00e4dte sowie Kultur und Abenteuer.<\/p>\n<p>Die Attraktivit\u00e4t der Region zeigt sich auch in den Zahlen: Im Jahr 2024 wurden im Verbandsgebiet fast sechs Millionen \u00dcbernachtungen gez\u00e4hlt. Einen wichtigen Beitrag dazu leistet seit 2020 die AlbCard. Sie gilt als fl\u00e4chenm\u00e4\u00dfig gr\u00f6\u00dfte touristische G\u00e4stekarte Deutschlands und erm\u00f6glicht kostenlosen Eintritt in rund 180 Sehensw\u00fcrdigkeiten sowie freie Nutzung des \u00f6ffentlichen Nahverkehrs im gesamten Verbandsgebiet.<\/p>\n<p>Auch kulturell und historisch hat die Region einiges zu bieten. Gleich f\u00fcnf UNESCO-Auszeichnungen w\u00fcrdigen die besondere Bedeutung der Schw\u00e4bischen Alb. Schon vor rund 40.000 Jahren entstanden hier die ber\u00fchmten Eiszeitkunstfiguren \u2013 ein fr\u00fches Zeugnis menschlicher Kreativit\u00e4t. Eine Inspiration, die bis heute anh\u00e4lt.<\/p>\n<p>Quelle \/ Mehr Infos: <a href=\"http:\/\/www.schwaebischealb.de\" rel=\"noopener noreferrer\" target=\"_blank\">www.schwaebischealb.de<\/a><\/p>\n<div class=\"twoclick_social_bookmarks_post_125122 social_share_privacy clearfix 1.6.4 locale-de_DE sprite-de_DE\"><\/div><div class=\"twoclick-js\"><script type=\"text\/javascript\">\/* <![CDATA[ *\/\njQuery(document).ready(function($){if($('.twoclick_social_bookmarks_post_125122')){$('.twoclick_social_bookmarks_post_125122').socialSharePrivacy({\"services\":{\"facebook\":{\"status\":\"on\",\"txt_info\":\"\",\"perma_option\":\"off\",\"action\":\"like\",\"language\":\"de_DE\"},\"twitter\":{\"reply_to\":\"nnews_de\",\"tweet_text\":\"Schw%C3%A4bische%20Alb%20auf%20Wander-Erfolgskurs%20%C2%BB%20N-News.de\",\"status\":\"on\",\"txt_info\":\"\",\"perma_option\":\"off\",\"language\":\"de\",\"referrer_track\":\"\"},\"gplus\":{\"status\":\"on\",\"txt_info\":\"\",\"perma_option\":\"off\",\"referrer_track\":\"\"},\"pinterest\":{\"status\":\"on\",\"the_excerpt\":\"Schw\\u00e4bische Alb auf Wander-Erfolgskurs &raquo; #schwaebischealb #albcard\\r\\n\\r\\nNach Platz 3 beim trekking-Award nun  ...\",\"txt_info\":\"\",\"perma_option\":\"off\",\"media\":\"https:\\\/\\\/www.n-news.de\\\/wp-content\\\/uploads\\\/2026\\\/03\\\/Wanderregion-Schwaebische-Alb-Copyright-SAT-L.-Huang.jpg\"},\"linkedin\":{\"status\":\"on\",\"txt_info\":\"2 Klicks f\\u00fcr mehr Datenschutz: Erst wenn Sie hier klicken, wird der Button aktiv und Sie k\\u00f6nnen Ihre Empfehlung an LinkedIn senden. Schon beim Aktivieren werden Daten an Dritte \\u00fcbertragen - siehe <em>i<\\\/em>.\",\"perma_option\":\"off\"}},\"txt_help\":\"\",\"settings_perma\":\"\",\"info_link\":\"\",\"uri\":\"https:\\\/\\\/www.n-news.de\\\/?p=125122\",\"post_id\":125122,\"post_title_referrer_track\":\"Schw%C3%A4bische+Alb+auf+Wander-Erfolgskurs\",\"display_infobox\":\"on\"});}});\n\/* ]]> *\/<\/script><\/div>","protected":false},"excerpt":{"rendered":"<p>#schwaebischealb #albcard Nach Platz 3 beim trekking-Award nun im Rennen um Deutschlands sch\u00f6nsten Wanderweg Die Schw\u00e4bische Alb geh\u00f6rt zu den beliebtesten Wanderregionen im deutschsprachigen Raum. Das best\u00e4tigt die aktuelle Leserwahl des renommierten trekking-Magazins: Mehr als 35.000 Leserinnen und Leser haben abgestimmt und die Schw\u00e4bische Alb auf Platz drei der sch\u00f6nsten Wanderregionen gew\u00e4hlt. Vor ihr liegen [&hellip;]<\/p>\n","protected":false},"author":2,"featured_media":125123,"comment_status":"closed","ping_status":"closed","sticky":false,"template":"","format":"standard","meta":[],"categories":[1,66],"tags":[224,173],"_links":{"self":[{"href":"https:\/\/www.n-news.de\/index.php?rest_route=\/wp\/v2\/posts\/125122"}],"collection":[{"href":"https:\/\/www.n-news.de\/index.php?rest_route=\/wp\/v2\/posts"}],"about":[{"href":"https:\/\/www.n-news.de\/index.php?rest_route=\/wp\/v2\/types\/post"}],"author":[{"embeddable":true,"href":"https:\/\/www.n-news.de\/index.php?rest_route=\/wp\/v2\/users\/2"}],"replies":[{"embeddable":true,"href":"https:\/\/www.n-news.de\/index.php?rest_route=%2Fwp%2Fv2%2Fcomments&post=125122"}],"version-history":[{"count":1,"href":"https:\/\/www.n-news.de\/index.php?rest_route=\/wp\/v2\/posts\/125122\/revisions"}],"predecessor-version":[{"id":125124,"href":"https:\/\/www.n-news.de\/index.php?rest_route=\/wp\/v2\/posts\/125122\/revisions\/125124"}],"wp:featuredmedia":[{"embeddable":true,"href":"https:\/\/www.n-news.de\/index.php?rest_route=\/wp\/v2\/media\/125123"}],"wp:attachment":[{"href":"https:\/\/www.n-news.de\/index.php?rest_route=%2Fwp%2Fv2%2Fmedia&parent=125122"}],"wp:term":[{"taxonomy":"category","embeddable":true,"href":"https:\/\/www.n-news.de\/index.php?rest_route=%2Fwp%2Fv2%2Fcategories&post=125122"},{"taxonomy":"post_tag","embeddable":true,"href":"https:\/\/www.n-news.de\/index.php?rest_route=%2Fwp%2Fv2%2Ftags&post=125122"}],"curies":[{"name":"wp","href":"https:\/\/api.w.org\/{rel}","templated":true}]}}