{"id":125119,"date":"2026-03-13T11:05:24","date_gmt":"2026-03-13T10:05:24","guid":{"rendered":"https:\/\/www.n-news.de\/?p=125119"},"modified":"2026-03-13T09:09:30","modified_gmt":"2026-03-13T08:09:30","slug":"stuttgarter-besen-2026-die-gewinner-stehen-fest","status":"publish","type":"post","link":"https:\/\/www.n-news.de\/?p=125119","title":{"rendered":"Stuttgarter Besen 2026: Die Gewinner stehen fest"},"content":{"rendered":"<p>#stuttgarterbesen #swr #renitenztheater<\/p>\n<p><strong>Gro\u00dfe B\u00fchne, scharfe Pointen und ein begeistertes Publikum: Beim diesj\u00e4hrigen Wettbewerb um den Stuttgarter Besen im Renitenztheater Stuttgart wurden die besten Kleink\u00fcnstlerinnen des Jahres ausgezeichnet. Vier Acts konnten Jury und Publikum \u00fcberzeugen und sicherten sich Preisgelder in H\u00f6he von insgesamt 8.200 Euro, gestiftet von der Stadt Stuttgart. Die Auftritte der Preistr\u00e4gerinnen werden zudem auf verschiedenen Plattformen des SWR pr\u00e4sentiert.<\/strong><\/p>\n<p>Den Goldenen Besen und damit den ersten Platz der Jury gewann der \u00f6sterreichische Kabarettist Romeo Kaltenbrunner. In seinem Programm nahm der Ober\u00f6sterreicher mit scharfem Humor gesellschaftliche Eigenheiten ins Visier. Ob naturweintrinkende Hipster aus seiner Nachbarschaft oder die oft geh\u00f6rte Frage \u201eUnd woher kommen Sie wirklich?\u201c \u2013 Kaltenbrunner verband pointierte Beobachtungen mit einer sp\u00fcrbaren Portion Bitterkeit. Jurypr\u00e4sident Mathias Richling lobte besonders seine emotionale Glaubw\u00fcrdigkeit und die F\u00e4higkeit, ernste Themen mit Humor zu verbinden.<\/p>\n<p>Der Silberne Besen ging an AnnPhie Fritz, Kabarettistin und Theatermacherin, die in Berlin und Wien lebt. In ihrem Auftritt verband sie feministische Perspektiven mit politischen und gesellschaftskritischen Themen. Leichtere Passagen wechselten sich mit ernsteren Momenten ab. Die Jury \u00fcberzeugte besonders ihre pr\u00e4zise K\u00f6rpersprache auf der B\u00fchne und die klare inhaltliche Haltung.<\/p>\n<p>Den H\u00f6lzernen Besen erhielt Fabian Lampert aus K\u00f6ln. Der junge Stand-up-Comedian zeigte, wie sich pers\u00f6nliche Herausforderungen in humorvolle Geschichten verwandeln lassen. In seinem Programm sprach er offen \u00fcber Allergien und gesundheitliche Einschr\u00e4nkungen und machte daraus pointenreiche Unterhaltung. Sein Motto: \u201eWenn man \u00fcber seine Schw\u00e4chen lachen kann, ist die Welt ein besserer Ort.\u201c F\u00fcr diese Haltung und seine authentische B\u00fchnenpr\u00e4senz wurde er von der Jury ausgezeichnet.<\/p>\n<div id=\"attachment_125120\" style=\"width: 610px\" class=\"wp-caption alignleft\"><img aria-describedby=\"caption-attachment-125120\" loading=\"lazy\" src=\"https:\/\/www.n-news.de\/wp-content\/uploads\/2026\/03\/Stuttgarter_Besen_2026_@SWRPatricia-Neligan.jpg\" alt=\"\" width=\"600\" height=\"396\" class=\"size-full wp-image-125120\" srcset=\"https:\/\/www.n-news.de\/wp-content\/uploads\/2026\/03\/Stuttgarter_Besen_2026_@SWRPatricia-Neligan.jpg 600w, https:\/\/www.n-news.de\/wp-content\/uploads\/2026\/03\/Stuttgarter_Besen_2026_@SWRPatricia-Neligan-300x198.jpg 300w\" sizes=\"(max-width: 600px) 100vw, 600px\" \/><p id=\"caption-attachment-125120\" class=\"wp-caption-text\">SWR STUTTGARTER BESEN 2026, &#8222;Der Wettbewerb&#8220;, am Sonntag (05.04.26) um 22:45 Uhr im SWR.<br \/>(v.l.n.r.) Bl\u0161Zinger (Gerhard-Woyda-Publikumspreis), AnnPhie Fritz (Silberner Besen), Romeo Kaltenbrunner (Goldener Besen), Fabian Lampert (H\u0161lzerner Besen) \u00a9 SWR\/Patricia Neligan, honorarfrei &#8211; Verwendung gem\u0160\u00a7 der AGB im engen inhaltlichen, redaktionellen Zusammenhang mit genannter SWR-Sendung bei Nennung &#8222;Bild: SWR\/Patricia Neligan\u00d2 (S2+). SWR Presse\/Bildkommunikation, Baden-Baden, Tel: 07221\/929-26868, foto@swr.de<\/p><\/div>\n<p>Der Gerhard-Woyda-Publikumspreis ging an das \u00f6sterreichische Duo Bl\u00f6Zinger. Robert Bl\u00f6chl und Roland Penzinger begeisterten das Publikum mit einer kabarettistischen Spielszenen \u00fcber eine Reise in einem altersschwachen Auto. Mit absurden Figuren, viel schauspielerischem Einsatz und einer guten Portion Slapstick sammelten sie die meisten Stimmen des Abends.<\/p>\n<p>\u00dcber die Vergabe der Besenpreise entschied eine f\u00fcnfk\u00f6pfige Jury unter dem Vorsitz des Kabarettisten Mathias Richling. Neben ihm geh\u00f6rten Adrienne Braun (Stuttgarter Zeitung), Elisabeth Stratka (ORF, Leitung Feuilleton), Martin M\u00fcller (SWR) und Roland Mahr (Intendant des Renitenztheaters) zum Gremium. Bewertet wurden Originalit\u00e4t, B\u00fchnenpr\u00e4senz und Textqualit\u00e4t der Auftritte.<\/p>\n<p>Wer die Gewinner noch einmal erleben m\u00f6chte, hat dazu bald Gelegenheit: Die Gala des Stuttgarter Besen 2026 wird am Ostersonntag, 5. April, um 22.45 Uhr im SWR Fernsehen ausgestrahlt. Die Sendungen mit den einzelnen Gewinnerprogrammen folgen am 5. und 12. Mai jeweils um 22.30 Uhr. Bereits vorher sind die Beitr\u00e4ge online first in der ARD-Mediathek zu sehen. Auch im Radio widmet sich SWR Kultur dem Wettbewerb \u2013 mit einer Sendung am 20. M\u00e4rz um 22.30 Uhr.<\/p>\n<div class=\"twoclick_social_bookmarks_post_125119 social_share_privacy clearfix 1.6.4 locale-de_DE sprite-de_DE\"><\/div><div class=\"twoclick-js\"><script type=\"text\/javascript\">\/* <![CDATA[ *\/\njQuery(document).ready(function($){if($('.twoclick_social_bookmarks_post_125119')){$('.twoclick_social_bookmarks_post_125119').socialSharePrivacy({\"services\":{\"facebook\":{\"status\":\"on\",\"txt_info\":\"\",\"perma_option\":\"off\",\"action\":\"like\",\"language\":\"de_DE\"},\"twitter\":{\"reply_to\":\"nnews_de\",\"tweet_text\":\"Stuttgarter%20Besen%202026%3A%20Die%20Gewinner%20stehen%20fest%20%C2%BB%20N-News.de\",\"status\":\"on\",\"txt_info\":\"\",\"perma_option\":\"off\",\"language\":\"de\",\"referrer_track\":\"\"},\"gplus\":{\"status\":\"on\",\"txt_info\":\"\",\"perma_option\":\"off\",\"referrer_track\":\"\"},\"pinterest\":{\"status\":\"on\",\"the_excerpt\":\"Stuttgarter Besen 2026: Die Gewinner stehen fest &raquo; #stuttgarterbesen #swr #renitenztheater\\r\\n\\r\\nGro\\u00dfe B\\u00fchne, scharfe Po ...\",\"txt_info\":\"\",\"perma_option\":\"off\",\"media\":\"https:\\\/\\\/www.n-news.de\\\/wp-content\\\/uploads\\\/2026\\\/03\\\/Stuttgarter_Besen_2026_@SWRPatricia-Neligan.jpg\"},\"linkedin\":{\"status\":\"on\",\"txt_info\":\"2 Klicks f\\u00fcr mehr Datenschutz: Erst wenn Sie hier klicken, wird der Button aktiv und Sie k\\u00f6nnen Ihre Empfehlung an LinkedIn senden. Schon beim Aktivieren werden Daten an Dritte \\u00fcbertragen - siehe <em>i<\\\/em>.\",\"perma_option\":\"off\"}},\"txt_help\":\"\",\"settings_perma\":\"\",\"info_link\":\"\",\"uri\":\"https:\\\/\\\/www.n-news.de\\\/?p=125119\",\"post_id\":125119,\"post_title_referrer_track\":\"Stuttgarter+Besen+2026%3A+Die+Gewinner+stehen+fest\",\"display_infobox\":\"on\"});}});\n\/* ]]> *\/<\/script><\/div>","protected":false},"excerpt":{"rendered":"<p>#stuttgarterbesen #swr #renitenztheater Gro\u00dfe B\u00fchne, scharfe Pointen und ein begeistertes Publikum: Beim diesj\u00e4hrigen Wettbewerb um den Stuttgarter Besen im Renitenztheater Stuttgart wurden die besten Kleink\u00fcnstlerinnen des Jahres ausgezeichnet. Vier Acts konnten Jury und Publikum \u00fcberzeugen und sicherten sich Preisgelder in H\u00f6he von insgesamt 8.200 Euro, gestiftet von der Stadt Stuttgart. Die Auftritte der Preistr\u00e4gerinnen werden [&hellip;]<\/p>\n","protected":false},"author":2,"featured_media":125120,"comment_status":"closed","ping_status":"closed","sticky":false,"template":"","format":"standard","meta":[],"categories":[1,65],"tags":[93,120,288],"_links":{"self":[{"href":"https:\/\/www.n-news.de\/index.php?rest_route=\/wp\/v2\/posts\/125119"}],"collection":[{"href":"https:\/\/www.n-news.de\/index.php?rest_route=\/wp\/v2\/posts"}],"about":[{"href":"https:\/\/www.n-news.de\/index.php?rest_route=\/wp\/v2\/types\/post"}],"author":[{"embeddable":true,"href":"https:\/\/www.n-news.de\/index.php?rest_route=\/wp\/v2\/users\/2"}],"replies":[{"embeddable":true,"href":"https:\/\/www.n-news.de\/index.php?rest_route=%2Fwp%2Fv2%2Fcomments&post=125119"}],"version-history":[{"count":1,"href":"https:\/\/www.n-news.de\/index.php?rest_route=\/wp\/v2\/posts\/125119\/revisions"}],"predecessor-version":[{"id":125121,"href":"https:\/\/www.n-news.de\/index.php?rest_route=\/wp\/v2\/posts\/125119\/revisions\/125121"}],"wp:featuredmedia":[{"embeddable":true,"href":"https:\/\/www.n-news.de\/index.php?rest_route=\/wp\/v2\/media\/125120"}],"wp:attachment":[{"href":"https:\/\/www.n-news.de\/index.php?rest_route=%2Fwp%2Fv2%2Fmedia&parent=125119"}],"wp:term":[{"taxonomy":"category","embeddable":true,"href":"https:\/\/www.n-news.de\/index.php?rest_route=%2Fwp%2Fv2%2Fcategories&post=125119"},{"taxonomy":"post_tag","embeddable":true,"href":"https:\/\/www.n-news.de\/index.php?rest_route=%2Fwp%2Fv2%2Ftags&post=125119"}],"curies":[{"name":"wp","href":"https:\/\/api.w.org\/{rel}","templated":true}]}}