{"id":124713,"date":"2026-01-30T11:51:31","date_gmt":"2026-01-30T10:51:31","guid":{"rendered":"https:\/\/www.n-news.de\/?p=124713"},"modified":"2026-01-25T20:00:47","modified_gmt":"2026-01-25T19:00:47","slug":"vendee-atlantik-eine-genussregion-fuer-alle-sinne","status":"publish","type":"post","link":"https:\/\/www.n-news.de\/?p=124713","title":{"rendered":"Vend\u00e9e Atlantik \u2013 eine Genussregion f\u00fcr alle Sinne"},"content":{"rendered":"<p>#Atlantikk\u00fcste #Vend\u00e9eAtlantik<\/p>\n<p>Wo Ozean, Terroir und gro\u00dfe K\u00fcche eine gemeinsame Sprache sprechen<\/p>\n<p><strong>An der Atlantikk\u00fcste der Vend\u00e9e spielt das Meer die Hauptrolle. Es rauscht leise, riecht nach Salz und Jod und taucht Str\u00e4nde, Salzg\u00e4rten und Inseln in ein besonderes Licht. Auf mehr als 250 Kilometern K\u00fcste, zwischen feinem Sand, Bocage-Landschaften und den Inseln Noirmoutier und \u00cele d\u2019Yeu, zeigt sich eine Region, die man nicht nur sieht \u2013 sondern schmeckt.<\/strong><\/p>\n<p><strong>Wenn das Meer auf den Teller trifft<\/strong><br \/>\nIn der Vend\u00e9e bleibt der Ozean nicht am Horizont. Er landet direkt auf dem Teller. Austern werden mit Blick aufs Wasser ge\u00f6ffnet, Sardinen kommen frisch vom Boot auf den Grill, Queller knackt salzig zwischen den Z\u00e4hnen. Die K\u00fcche folgt hier dem Rhythmus der Gezeiten und lebt von der N\u00e4he zu Fischern, Muschelz\u00fcchtern und Gem\u00fcseg\u00e4rtnern. Auf den M\u00e4rkten, in kleinen Hafenbistros und in kreativen Adressen wie \u00c9lise, Poissons &#038; Braise auf Noirmoutier wird gekocht, was gerade da ist. Oft lagen Fisch und Meeresfr\u00fcchte nur wenige Stunden zuvor noch im Atlantik. Auf der \u00cele d\u2019Yeu wird Genuss zur Gemeinschaft: Bei der F\u00eate de la Morgate teilen Einheimische und G\u00e4ste das traditionelle Tintenfischragout \u2013 einfach, kr\u00e4ftig, ehrlich.<\/p>\n<p><strong>Sternek\u00fcche mit Bodenhaftung<\/strong><br \/>\nDie Vend\u00e9e hat sich still und konsequent zu einer der spannendsten Gourmetregionen Frankreichs entwickelt. Ein Drei-Sterne-Restaurant und sieben weitere Michelin-Sterne pr\u00e4gen heute die kulinarische Landkarte. An der Spitze steht La Marine** von Alexandre Couillon auf Noirmoutier. Seine K\u00fcche ist radikal lokal. Muscheln, Krustentiere, Kr\u00e4uter und Gem\u00fcse aus dem eigenen Garten. Keine Effekte, keine Ablenkung. Stattdessen klare Aromen, pr\u00e4zise Technik und ein tiefer Respekt vor der Landschaft.<\/p>\n<p>Auch andere K\u00f6che setzen starke Akzente:<br \/>\n&#8211; Simon Bessonnet (La Maison Desamy, Mareuil-sur-Lay)<br \/>\n&#8211; Nathan Cretney (Les Reflets, La Roche-sur-Yon)<br \/>\n&#8211; Boris Harispe (L\u2019Abissiou, Les Sables-d\u2019Olonne)<br \/>\n&#8211; Jean-Marc P\u00e9rochon (Les Brisants, Br\u00e9tignolles-sur-Mer)<br \/>\n&#8211; Nicolas Coutand (Les Gen\u00eats, Brem-sur-Mer)<br \/>\n&#8211; Xavier Giraudet (La Robe, Montaigu)<\/p>\n<p>Was sie verbindet, ist eine K\u00fcche, die modern denkt, aber im Boden der Vend\u00e9e verwurzelt bleibt.<\/p>\n<div id=\"attachment_124714\" style=\"width: 610px\" class=\"wp-caption alignleft\"><img aria-describedby=\"caption-attachment-124714\" loading=\"lazy\" src=\"https:\/\/www.n-news.de\/wp-content\/uploads\/2026\/01\/2370_casse-croutevendeenpouzaug-3_5760x3840.jpg\" alt=\"\" width=\"600\" height=\"400\" class=\"size-full wp-image-124714\" srcset=\"https:\/\/www.n-news.de\/wp-content\/uploads\/2026\/01\/2370_casse-croutevendeenpouzaug-3_5760x3840.jpg 600w, https:\/\/www.n-news.de\/wp-content\/uploads\/2026\/01\/2370_casse-croutevendeenpouzaug-3_5760x3840-300x200.jpg 300w\" sizes=\"(max-width: 600px) 100vw, 600px\" \/><p id=\"caption-attachment-124714\" class=\"wp-caption-text\">Casse-Cro\u00fbte Vend\u00e9en Pouzauges. Foto Quelle: En Vend\u00e9e<\/p><\/div>\n<p><strong>Vom Feld bis auf den Teller<\/strong><br \/>\nHinter der K\u00fcste beginnt eine andere Genusswelt. H\u00f6fe, Manufakturen und Permakultur-G\u00e4rten erz\u00e4hlen vom Zusammenspiel von Land und Meer. In der Ferme du Marais Girard oder der Ferme d\u2019\u00c9milie entstehen Produkte und Gerichte direkt aus dem Garten. Saisonal, nachhaltig, ohne Umwege. Wei\u00dfe Bohnen, handwerklich hergestellter Cidre, lokale Weine, Destillate und S\u00fc\u00dfwaren geh\u00f6ren ebenso zur Identit\u00e4t der Region wie Fisch und Meeresfr\u00fcchte. Genuss ist hier kein Trend, sondern Teil des kulturellen Erbes.<\/p>\n<p><strong>Kunst, Handwerk und Kulinarik im Dialog<\/strong><br \/>\nIn der Vend\u00e9e treffen sich K\u00fcche und Kunst auf Augenh\u00f6he. Ein sch\u00f6nes Beispiel ist die Zusammenarbeit zwischen dem MOF-Koch Benjamin Patissier und der MOF-Floristin Isabelle Brethom\u00e9. Im Kr\u00e4utergarten des Restaurants wachsen essbare und dekorative Pflanzen Seite an Seite. Was auf dem Teller landet, beginnt oft als Idee im Beet. Es ist ein stilles, aber kraftvolles Sinnbild f\u00fcr die kreative Seele der Region.<\/p>\n<p><strong>Eine Region, die man schmeckt und f\u00fchlt<\/strong><br \/>\nOb bei einem Bootsausflug, auf dem Markt, bei einem Dorffest oder an einer Sterntafel \u2013 Genuss ist in der Vend\u00e9e Teil des Alltags. Man teilt, probiert, erz\u00e4hlt. Mit Respekt vor der Natur und gro\u00dfer Wertsch\u00e4tzung f\u00fcr handwerkliche Arbeit.<\/p>\n<p><strong>Die Vend\u00e9e ist kein lautes Reiseziel. Aber eines, das bleibt.<\/strong><\/p>\n<p><strong>Praktische Informationen<\/strong><br \/>\nDie Vend\u00e9e ist ein franz\u00f6sisches D\u00e9partement an der Atlantikk\u00fcste und nach dem gleichnamigen Fluss benannt. Mit 6.720 km\u00b2 ist es mehr als doppelt so gro\u00df wie das Saarland und z\u00e4hlt rund 671.000 Einwohner. Hauptstadt ist La Roche-sur-Yon mit etwa 53.000 Einwohnern.<\/p>\n<p>Die Region geh\u00f6rt zu den sonnenreichsten Frankreichs. Die K\u00fcste misst 250 Kilometer, davon 140 Kilometer Sandstrand. Zur Vend\u00e9e geh\u00f6ren 18 Seeb\u00e4der, acht Yachth\u00e4fen sowie die Inseln \u00cele d\u2019Yeu und Noirmoutier. J\u00e4hrlich finden mehr als 500 Feste und Veranstaltungen statt, darunter die weltber\u00fchmte Segelregatta Vend\u00e9e Globe.<\/p>\n<p>\u00dcber 1.800 Kilometer Radwege, mehr als 300 touristische Attraktionen und der Themenpark Puy du Fou mit \u00fcber zwei Millionen Besuchern pro Jahr machen die Region vielseitig. Die Hauptsaison dauert von April bis Oktober und umfasst rund 92 Prozent der 36 Millionen j\u00e4hrlichen \u00dcbernachtungen.<\/p>\n<p>Von Frankfurt sind es etwa 1.000 Kilometer in die Vend\u00e9e. Gute Autobahnverbindungen, Bahnanschl\u00fcsse nach La Roche-sur-Yon und Les Sables-d\u2019Olonne sowie Fl\u00fcge nach Nantes oder La Rochelle sorgen f\u00fcr eine unkomplizierte Anreise.<\/p>\n<p>Allgemeine touristische Informationen:<br \/>\nEn Vend\u00e9e<br \/>\n33 rue de l\u2019Atlantique, CS 80206<br \/>\nF-85005 La Roche-sur-Yon Cedex<br \/>\n<a href=\"http:\/\/www.en-vendee.com\" rel=\"noopener noreferrer\" target=\"_blank\">www.en-vendee.com<\/a><\/p>\n<div class=\"twoclick_social_bookmarks_post_124713 social_share_privacy clearfix 1.6.4 locale-de_DE sprite-de_DE\"><\/div><div class=\"twoclick-js\"><script type=\"text\/javascript\">\/* <![CDATA[ *\/\njQuery(document).ready(function($){if($('.twoclick_social_bookmarks_post_124713')){$('.twoclick_social_bookmarks_post_124713').socialSharePrivacy({\"services\":{\"facebook\":{\"status\":\"on\",\"txt_info\":\"\",\"perma_option\":\"off\",\"action\":\"like\",\"language\":\"de_DE\"},\"twitter\":{\"reply_to\":\"nnews_de\",\"tweet_text\":\"%20Vend%C3%A9e%20Atlantik%20%E2%80%93%20eine%20Genussregion%20f%C3%BCr%20alle%20Sinne%20%C2%BB%20...\",\"status\":\"on\",\"txt_info\":\"\",\"perma_option\":\"off\",\"language\":\"de\",\"referrer_track\":\"\"},\"gplus\":{\"status\":\"on\",\"txt_info\":\"\",\"perma_option\":\"off\",\"referrer_track\":\"\"},\"pinterest\":{\"status\":\"on\",\"the_excerpt\":\"Vend\\u00e9e Atlantik \\u2013 eine Genussregion f\\u00fcr alle Sinne &raquo; #Atlantikk\\u00fcste #Vend\\u00e9eAtlantik\\r\\n\\r\\nWo Ozean, Terroir und gro\\u00dfe K\\u00fcch ...\",\"txt_info\":\"\",\"perma_option\":\"off\",\"media\":\"https:\\\/\\\/www.n-news.de\\\/wp-content\\\/uploads\\\/2026\\\/01\\\/2370_casse-croutevendeenpouzaug-3_5760x3840.jpg\"},\"linkedin\":{\"status\":\"on\",\"txt_info\":\"2 Klicks f\\u00fcr mehr Datenschutz: Erst wenn Sie hier klicken, wird der Button aktiv und Sie k\\u00f6nnen Ihre Empfehlung an LinkedIn senden. Schon beim Aktivieren werden Daten an Dritte \\u00fcbertragen - siehe <em>i<\\\/em>.\",\"perma_option\":\"off\"}},\"txt_help\":\"\",\"settings_perma\":\"\",\"info_link\":\"\",\"uri\":\"https:\\\/\\\/www.n-news.de\\\/?p=124713\",\"post_id\":124713,\"post_title_referrer_track\":\"Vend%C3%A9e+Atlantik+%E2%80%93+eine+Genussregion+f%C3%BCr+alle+Sinne\",\"display_infobox\":\"on\"});}});\n\/* ]]> *\/<\/script><\/div>","protected":false},"excerpt":{"rendered":"<p>#Atlantikk\u00fcste #Vend\u00e9eAtlantik Wo Ozean, Terroir und gro\u00dfe K\u00fcche eine gemeinsame Sprache sprechen An der Atlantikk\u00fcste der Vend\u00e9e spielt das Meer die Hauptrolle. Es rauscht leise, riecht nach Salz und Jod und taucht Str\u00e4nde, Salzg\u00e4rten und Inseln in ein besonderes Licht. Auf mehr als 250 Kilometern K\u00fcste, zwischen feinem Sand, Bocage-Landschaften und den Inseln Noirmoutier und [&hellip;]<\/p>\n","protected":false},"author":2,"featured_media":124714,"comment_status":"closed","ping_status":"closed","sticky":false,"template":"","format":"standard","meta":[],"categories":[1],"tags":[174,192],"_links":{"self":[{"href":"https:\/\/www.n-news.de\/index.php?rest_route=\/wp\/v2\/posts\/124713"}],"collection":[{"href":"https:\/\/www.n-news.de\/index.php?rest_route=\/wp\/v2\/posts"}],"about":[{"href":"https:\/\/www.n-news.de\/index.php?rest_route=\/wp\/v2\/types\/post"}],"author":[{"embeddable":true,"href":"https:\/\/www.n-news.de\/index.php?rest_route=\/wp\/v2\/users\/2"}],"replies":[{"embeddable":true,"href":"https:\/\/www.n-news.de\/index.php?rest_route=%2Fwp%2Fv2%2Fcomments&post=124713"}],"version-history":[{"count":1,"href":"https:\/\/www.n-news.de\/index.php?rest_route=\/wp\/v2\/posts\/124713\/revisions"}],"predecessor-version":[{"id":124715,"href":"https:\/\/www.n-news.de\/index.php?rest_route=\/wp\/v2\/posts\/124713\/revisions\/124715"}],"wp:featuredmedia":[{"embeddable":true,"href":"https:\/\/www.n-news.de\/index.php?rest_route=\/wp\/v2\/media\/124714"}],"wp:attachment":[{"href":"https:\/\/www.n-news.de\/index.php?rest_route=%2Fwp%2Fv2%2Fmedia&parent=124713"}],"wp:term":[{"taxonomy":"category","embeddable":true,"href":"https:\/\/www.n-news.de\/index.php?rest_route=%2Fwp%2Fv2%2Fcategories&post=124713"},{"taxonomy":"post_tag","embeddable":true,"href":"https:\/\/www.n-news.de\/index.php?rest_route=%2Fwp%2Fv2%2Ftags&post=124713"}],"curies":[{"name":"wp","href":"https:\/\/api.w.org\/{rel}","templated":true}]}}