{"id":124626,"date":"2026-01-27T15:23:25","date_gmt":"2026-01-27T14:23:25","guid":{"rendered":"https:\/\/www.n-news.de\/?p=124626"},"modified":"2026-01-25T10:43:36","modified_gmt":"2026-01-25T09:43:36","slug":"ein-viertel-der-deutschen-offen-fuer-ar-brillen","status":"publish","type":"post","link":"https:\/\/www.n-news.de\/?p=124626","title":{"rendered":"Ein Viertel der Deutschen offen f\u00fcr AR-Brillen"},"content":{"rendered":"<p>#bitkom<\/p>\n<p><strong>Technik auf der Nase statt in der Hand: Smarte Brillen, mit denen man zum Beispiel Musik h\u00f6ren, telefonieren, Fotos aufnehmen oder per Sprachbefehl das Internet nutzen kann, sind seit einiger Zeit im Handel erh\u00e4ltlich. 39 Prozent der Deutschen sind grunds\u00e4tzlich offen, solche Ger\u00e4te zu tragen. Als n\u00e4chste Stufe gelten Augmented-Reality-Brillen, die dar\u00fcber hinaus virtuelle Inhalte in das reale Sichtfeld einblenden k\u00f6nnen und auch auf der heute in Las Vegas beginnenden Consumer Electronics Show (CES) vorgestellt werden. Insgesamt kann sich rund ein Viertel (26 Prozent) der Deutschen vorstellen, k\u00fcnftig eine solche AR-Brille zu nutzen. Das sind Ergebnisse einer repr\u00e4sentativen Befragung unter 1.209 Personen in Deutschland ab 16 Jahren im Auftrag des Digitalverbands Bitkom.<\/strong><\/p>\n<p><div id=\"attachment_124630\" style=\"width: 410px\" class=\"wp-caption alignleft\"><img aria-describedby=\"caption-attachment-124630\" loading=\"lazy\" src=\"https:\/\/www.n-news.de\/wp-content\/uploads\/2026\/01\/2026-01-25-10.42.11.jpg\" alt=\"\" width=\"400\" height=\"600\" class=\"size-full wp-image-124630\" srcset=\"https:\/\/www.n-news.de\/wp-content\/uploads\/2026\/01\/2026-01-25-10.42.11.jpg 400w, https:\/\/www.n-news.de\/wp-content\/uploads\/2026\/01\/2026-01-25-10.42.11-200x300.jpg 200w\" sizes=\"(max-width: 400px) 100vw, 400px\" \/><p id=\"caption-attachment-124630\" class=\"wp-caption-text\">Frau mit AR-Brille<\/p><\/div><br \/>\nDabei gibt es deutliche Unterschiede zwischen den Altersklassen. Besonders gro\u00df ist das Interesse an AR-Brillen bei den 16- bis 29-J\u00e4hrigen: Hier k\u00f6nnen sich 35 Prozent vorstellen, eine AR-Brille zu tragen. Auch bei den 30- bis 49-J\u00e4hrigen ist die Zustimmung mit 34 Prozent \u00fcberdurchschnittlich. Unter den 50- bis 64-J\u00e4hrigen sind 23 Prozent offen, in der Gruppe ab 65 Jahren nur 15 Prozent. \u201eDie Entwicklung von alltagstauglichen AR-Brillen f\u00fcr den Massenmarkt l\u00e4uft auf Hochtouren. Wenn Technik, Komfort und Preis in ein ausgewogenes Verh\u00e4ltnis kommen, k\u00f6nnten AR-Brillen in wenigen Jahren so allt\u00e4glich sein wie das Smartphone\u201c, sagt Dr. Sebastian Kl\u00f6\u00df, Experte f\u00fcr Consumer Technology beim Bitkom.<\/p>\n<p>Knapp die H\u00e4lfte der Bev\u00f6lkerung sieht schon heute einen Mehrwert in smarten Brillen \u2013 unabh\u00e4ngig davon, ob sie eine visuelle (AR-)Komponente besitzen oder wie bisher lediglich \u00fcber Lautsprecher Informationen ausgeben. 47 Prozent der Deutschen k\u00f6nnten sich vorstellen, smarte Brillen zu verwenden, um Informationen zu historischen Geb\u00e4uden in der Umgebung zu erhalten. Relativ hoch ist mit 42 Prozent auch der Anteil derer, die eine solche Brille gerne f\u00fcr Wegbeschreibungen nutzen w\u00fcrde. Mit nur 18 Prozent ist die M\u00f6glichkeit, via Brille Informationen zu Menschen in der Umgebung zu erhalten, deutlich weniger gefragt.<\/p>\n<p>Dass solche Brillen potenziell unbemerkt filmen oder fotografieren k\u00f6nnen, ist f\u00fcr viele zugleich ein unangenehmer Gedanke: 60 Prozent der Deutschen sagen, dass sie diese Vorstellung beunruhigt. \u201eDie Hersteller smarter Brillen sind sich der damit verbundenen Herausforderungen durchaus bewusst. Aktuelle Modelle verf\u00fcgen deshalb h\u00e4ufig \u00fcber sichtbare Statusanzeigen, etwa eine gut erkennbare LED, die signalisiert, wenn damit ein Video aufgenommen oder ein Foto gemacht wird. Das soll f\u00fcr mehr Transparenz und Sicherheit sorgen\u201c, so Kl\u00f6\u00df.<\/p>\n<p>Hinweis zur Methodik: Grundlage der Angaben ist eine Umfrage, die Bitkom Research im Auftrag des Digitalverbands Bitkom durchgef\u00fchrt hat. Dazu wurden 1.209 Personen in Deutschland ab 16 Jahren telefonisch befragt. Die Umfrage ist repr\u00e4sentativ. Die Befragung fand im Zeitraum von KW 20 bis KW 23 2025 statt. Die Fragestellungen lauteten: \u201eHaben Sie bereits eine Smarte Brille genutzt?\u201c und \u201eK\u00f6nnen Sie sich vorstellen, eine alltagstaugliche AR-Brille zu tragen?\u201c sowie \u201eInwieweit treffen die folgenden Aussagen zu Brillen, die Ihnen virtuelle oder sprachliche Inhalte wiedergeben k\u00f6nnen, auf Sie zu?\u201c<\/p>\n<div class=\"twoclick_social_bookmarks_post_124626 social_share_privacy clearfix 1.6.4 locale-de_DE sprite-de_DE\"><\/div><div class=\"twoclick-js\"><script type=\"text\/javascript\">\/* <![CDATA[ *\/\njQuery(document).ready(function($){if($('.twoclick_social_bookmarks_post_124626')){$('.twoclick_social_bookmarks_post_124626').socialSharePrivacy({\"services\":{\"facebook\":{\"status\":\"on\",\"txt_info\":\"\",\"perma_option\":\"off\",\"action\":\"like\",\"language\":\"de_DE\"},\"twitter\":{\"reply_to\":\"nnews_de\",\"tweet_text\":\"Ein%20Viertel%20der%20Deutschen%20offen%20f%C3%BCr%20AR-Brillen%20%C2%BB%20N-News.de\",\"status\":\"on\",\"txt_info\":\"\",\"perma_option\":\"off\",\"language\":\"de\",\"referrer_track\":\"\"},\"gplus\":{\"status\":\"on\",\"txt_info\":\"\",\"perma_option\":\"off\",\"referrer_track\":\"\"},\"pinterest\":{\"status\":\"on\",\"the_excerpt\":\"Ein Viertel der Deutschen offen f\\u00fcr AR-Brillen &raquo; #bitkom\\r\\n\\r\\nTechnik auf der Nase statt in der Hand: Smarte Brillen, ...\",\"txt_info\":\"\",\"perma_option\":\"off\",\"media\":\"https:\\\/\\\/www.n-news.de\\\/wp-content\\\/uploads\\\/2026\\\/01\\\/2026-01-25-10.42.11.jpg\"},\"linkedin\":{\"status\":\"on\",\"txt_info\":\"2 Klicks f\\u00fcr mehr Datenschutz: Erst wenn Sie hier klicken, wird der Button aktiv und Sie k\\u00f6nnen Ihre Empfehlung an LinkedIn senden. Schon beim Aktivieren werden Daten an Dritte \\u00fcbertragen - siehe <em>i<\\\/em>.\",\"perma_option\":\"off\"}},\"txt_help\":\"\",\"settings_perma\":\"\",\"info_link\":\"\",\"uri\":\"https:\\\/\\\/www.n-news.de\\\/?p=124626\",\"post_id\":124626,\"post_title_referrer_track\":\"Ein+Viertel+der+Deutschen+offen+f%C3%BCr+AR-Brillen\",\"display_infobox\":\"on\"});}});\n\/* ]]> *\/<\/script><\/div>","protected":false},"excerpt":{"rendered":"<p>#bitkom Technik auf der Nase statt in der Hand: Smarte Brillen, mit denen man zum Beispiel Musik h\u00f6ren, telefonieren, Fotos aufnehmen oder per Sprachbefehl das Internet nutzen kann, sind seit einiger Zeit im Handel erh\u00e4ltlich. 39 Prozent der Deutschen sind grunds\u00e4tzlich offen, solche Ger\u00e4te zu tragen. Als n\u00e4chste Stufe gelten Augmented-Reality-Brillen, die dar\u00fcber hinaus virtuelle [&hellip;]<\/p>\n","protected":false},"author":2,"featured_media":124630,"comment_status":"closed","ping_status":"closed","sticky":false,"template":"","format":"standard","meta":[],"categories":[1],"tags":[92,28],"_links":{"self":[{"href":"https:\/\/www.n-news.de\/index.php?rest_route=\/wp\/v2\/posts\/124626"}],"collection":[{"href":"https:\/\/www.n-news.de\/index.php?rest_route=\/wp\/v2\/posts"}],"about":[{"href":"https:\/\/www.n-news.de\/index.php?rest_route=\/wp\/v2\/types\/post"}],"author":[{"embeddable":true,"href":"https:\/\/www.n-news.de\/index.php?rest_route=\/wp\/v2\/users\/2"}],"replies":[{"embeddable":true,"href":"https:\/\/www.n-news.de\/index.php?rest_route=%2Fwp%2Fv2%2Fcomments&post=124626"}],"version-history":[{"count":1,"href":"https:\/\/www.n-news.de\/index.php?rest_route=\/wp\/v2\/posts\/124626\/revisions"}],"predecessor-version":[{"id":124631,"href":"https:\/\/www.n-news.de\/index.php?rest_route=\/wp\/v2\/posts\/124626\/revisions\/124631"}],"wp:featuredmedia":[{"embeddable":true,"href":"https:\/\/www.n-news.de\/index.php?rest_route=\/wp\/v2\/media\/124630"}],"wp:attachment":[{"href":"https:\/\/www.n-news.de\/index.php?rest_route=%2Fwp%2Fv2%2Fmedia&parent=124626"}],"wp:term":[{"taxonomy":"category","embeddable":true,"href":"https:\/\/www.n-news.de\/index.php?rest_route=%2Fwp%2Fv2%2Fcategories&post=124626"},{"taxonomy":"post_tag","embeddable":true,"href":"https:\/\/www.n-news.de\/index.php?rest_route=%2Fwp%2Fv2%2Ftags&post=124626"}],"curies":[{"name":"wp","href":"https:\/\/api.w.org\/{rel}","templated":true}]}}