{"id":124592,"date":"2026-01-20T17:22:56","date_gmt":"2026-01-20T16:22:56","guid":{"rendered":"https:\/\/www.n-news.de\/?p=124592"},"modified":"2026-01-20T17:57:45","modified_gmt":"2026-01-20T16:57:45","slug":"kultuer-mit-schaebisch-lieben-erfolgreiche-veranstaltungsreihe-gestartet","status":"publish","type":"post","link":"https:\/\/www.n-news.de\/?p=124592","title":{"rendered":"Kult\u00fcr: Mit &#8222;Schw\u00e4bisch lieben&#8220; erfolgreiche Veranstaltungsreihe gestartet"},"content":{"rendered":"<p>#altekanzlei #kult\u00fcr<\/p>\n<p><strong>Mit einem gelungenen Auftakt ist am Montag, 19. Januar 2026, die neue Veranstaltungsreihe \u201eKULT\u00dcR am Schlossplatz\u201c in der Alten Kanzlei gestartet. Rund f\u00fcnfzig gut gelaunte G\u00e4ste fanden sich im ersten Stock des historischen Geb\u00e4udes ein und erlebten einen Abend, der zeigte, wie gut Kultur, Kulinarik und Geselligkeit zusammenpassen.<\/strong><\/p>\n<p>Schon beim Ankommen war sp\u00fcrbar: Diese Reihe will mehr sein als ein klassischer Kulturabend. Nach einem Glas Willkommenssekt nahmen die Besucherinnen und Besucher in den stilvollen Bankettr\u00e4umen Platz, wo ein regional inspiriertes Drei-G\u00e4nge-Men\u00fc serviert wurde. Schw\u00e4bische K\u00fcche mit Liebe zum Detail, dazu kurze Gespr\u00e4che am Tisch \u2013 der Rahmen war gesetzt f\u00fcr einen entspannten, genussvollen Montagabend.<\/p>\n<p>Auf der B\u00fchne sorgten Elisabeth Kabatek und Ilona Nowak mit ihrem Programm \u201eSchw\u00e4bisch lieben\u201c f\u00fcr beste Unterhaltung. Die Bestseller-Autorin und die S\u00e4ngerin bewiesen eindrucksvoll, dass der schw\u00e4bische Dialekt weit mehr kann als bodenst\u00e4ndig sein. Mit viel Witz, musikalischem Gesp\u00fcr und einem feinen Blick f\u00fcr Alltagsbeobachtungen n\u00e4herten sie sich der Liebe in all ihren Spielarten. Ob augenzwinkernde Liebeserkl\u00e4rungen, selbstironische Pointen oder poetische Lieder \u2013 das Publikum lachte herzlich und h\u00f6rte ebenso aufmerksam zu, wenn leisere T\u00f6ne angeschlagen wurden.<\/p>\n<div id=\"attachment_124594\" style=\"width: 610px\" class=\"wp-caption alignleft\"><img aria-describedby=\"caption-attachment-124594\" loading=\"lazy\" src=\"https:\/\/www.n-news.de\/wp-content\/uploads\/2026\/01\/2026-01-19-19.15.06_Radiant.jpg\" alt=\"\" width=\"600\" height=\"400\" class=\"size-full wp-image-124594\" srcset=\"https:\/\/www.n-news.de\/wp-content\/uploads\/2026\/01\/2026-01-19-19.15.06_Radiant.jpg 600w, https:\/\/www.n-news.de\/wp-content\/uploads\/2026\/01\/2026-01-19-19.15.06_Radiant-300x200.jpg 300w\" sizes=\"(max-width: 600px) 100vw, 600px\" \/><p id=\"caption-attachment-124594\" class=\"wp-caption-text\">&#8222;Kult\u00fcr&#8220; mit Elisabeth Kabatek&#8230;<\/p><\/div>\n<p>Besonders charmant war die Mischung aus Text und Musik, aus schr\u00e4gen Formulierungen und ehrlichen Gef\u00fchlen. S\u00e4tze, die im Schw\u00e4bischen zun\u00e4chst rau klingen, entpuppten sich als \u00fcberraschend z\u00e4rtlich. Kein Wunder also, dass Kabatek und Nowak f\u00fcr ihr Musik-Kabarett bereits mit dem Sebastian-Blau-Preis ausgezeichnet wurden. Der Applaus am Ende des Abends fiel entsprechend herzlich aus.<\/p>\n<p>Mit dieser Premiere hat KULT\u00dcR am Schlossplatz eindrucksvoll gezeigt, welches Potenzial in dem neuen Format steckt. Ein Abend, drei G\u00e4nge und eine B\u00fchne \u2013 diese Kombination ging auf. Die Alte Kanzlei erwies sich dabei als idealer Ort: zentral gelegen zwischen Schlossplatz und Schillerplatz, geschichtstr\u00e4chtig und zugleich angenehm ungezwungen.<\/p>\n<p>Die neue Reihe wird k\u00fcnftig einmal im Monat an einem Montagabend stattfinden und ein wechselndes Programm aus Comedy, Kabarett, Musik, Theater und Lesung bieten. Immer begleitet von einem regionalen Drei-G\u00e4nge-Men\u00fc und dem Anspruch, den Wochenstart ein St\u00fcck sch\u00f6ner zu machen.<\/p>\n<p>Nach dem gelungenen Auftakt darf man gespannt sein auf die kommenden Termine:<br \/>\nAm Montag, 16. Februar 2026, steht ein Abend mit Wolfgang Selj\u00e9 auf dem Programm, gefolgt von PantoMagic am Montag, 16. M\u00e4rz 2026.<\/p>\n<p>Wer Kultur gerne in entspannter Atmosph\u00e4re erlebt, gutes Essen sch\u00e4tzt und den Montag neu entdecken m\u00f6chte, d\u00fcrfte bei KULT\u00dcR am Schlossplatz genau richtig sein. Weitere Informationen zur Reihe finden sich unter: <a href=\"https:\/\/alte-kanzlei-stuttgart.de\/kultuer-am-schlossplatz\/\" rel=\"noopener noreferrer\" target=\"_blank\">https:\/\/alte-kanzlei-stuttgart.de\/kultuer-am-schlossplatz\/<\/a><\/p>\n<div id=\"attachment_124593\" style=\"width: 610px\" class=\"wp-caption alignleft\"><img aria-describedby=\"caption-attachment-124593\" loading=\"lazy\" src=\"https:\/\/www.n-news.de\/wp-content\/uploads\/2026\/01\/DS300444_Radiant.jpg\" alt=\"\" width=\"600\" height=\"401\" class=\"size-full wp-image-124593\" srcset=\"https:\/\/www.n-news.de\/wp-content\/uploads\/2026\/01\/DS300444_Radiant.jpg 600w, https:\/\/www.n-news.de\/wp-content\/uploads\/2026\/01\/DS300444_Radiant-300x201.jpg 300w\" sizes=\"(max-width: 600px) 100vw, 600px\" \/><p id=\"caption-attachment-124593\" class=\"wp-caption-text\">&#8230;und Ilona Nowak in der Alten Kanzlei Stuttgart<\/p><\/div>\n<div class=\"twoclick_social_bookmarks_post_124592 social_share_privacy clearfix 1.6.4 locale-de_DE sprite-de_DE\"><\/div><div class=\"twoclick-js\"><script type=\"text\/javascript\">\/* <![CDATA[ *\/\njQuery(document).ready(function($){if($('.twoclick_social_bookmarks_post_124592')){$('.twoclick_social_bookmarks_post_124592').socialSharePrivacy({\"services\":{\"facebook\":{\"status\":\"on\",\"txt_info\":\"\",\"perma_option\":\"off\",\"action\":\"like\",\"language\":\"de_DE\"},\"twitter\":{\"reply_to\":\"nnews_de\",\"tweet_text\":\"%20Kult%C3%BCr%3A%20Mit%20%E2%80%9ESchw%C3%A4bisch%20lieben%E2%80%9C%20erfolgreiche%20...\",\"status\":\"on\",\"txt_info\":\"\",\"perma_option\":\"off\",\"language\":\"de\",\"referrer_track\":\"\"},\"gplus\":{\"status\":\"on\",\"txt_info\":\"\",\"perma_option\":\"off\",\"referrer_track\":\"\"},\"pinterest\":{\"status\":\"on\",\"the_excerpt\":\"Kult\\u00fcr: Mit &#8222;Schw\\u00e4bisch lieben&#8220; erfolgreiche Veranstaltungsreihe gestartet &raquo; #altekanzlei #kult\\u00fcr\\r\\n\\r\\nMit einem gelungenen Auftakt ist am Montag ...\",\"txt_info\":\"\",\"perma_option\":\"off\",\"media\":\"https:\\\/\\\/www.n-news.de\\\/wp-content\\\/uploads\\\/2026\\\/01\\\/2026-01-19-19.15.06_Radiant.jpg\"},\"linkedin\":{\"status\":\"on\",\"txt_info\":\"2 Klicks f\\u00fcr mehr Datenschutz: Erst wenn Sie hier klicken, wird der Button aktiv und Sie k\\u00f6nnen Ihre Empfehlung an LinkedIn senden. Schon beim Aktivieren werden Daten an Dritte \\u00fcbertragen - siehe <em>i<\\\/em>.\",\"perma_option\":\"off\"}},\"txt_help\":\"\",\"settings_perma\":\"\",\"info_link\":\"\",\"uri\":\"https:\\\/\\\/www.n-news.de\\\/?p=124592\",\"post_id\":124592,\"post_title_referrer_track\":\"Kult%C3%BCr%3A+Mit+%26%238222%3BSchw%C3%A4bisch+lieben%26%238220%3B+erfolgreiche+Veranstaltungsreihe+gestartet\",\"display_infobox\":\"on\"});}});\n\/* ]]> *\/<\/script><\/div>","protected":false},"excerpt":{"rendered":"<p>#altekanzlei #kult\u00fcr Mit einem gelungenen Auftakt ist am Montag, 19. Januar 2026, die neue Veranstaltungsreihe \u201eKULT\u00dcR am Schlossplatz\u201c in der Alten Kanzlei gestartet. Rund f\u00fcnfzig gut gelaunte G\u00e4ste fanden sich im ersten Stock des historischen Geb\u00e4udes ein und erlebten einen Abend, der zeigte, wie gut Kultur, Kulinarik und Geselligkeit zusammenpassen. Schon beim Ankommen war sp\u00fcrbar: [&hellip;]<\/p>\n","protected":false},"author":2,"featured_media":124594,"comment_status":"closed","ping_status":"closed","sticky":false,"template":"","format":"standard","meta":[],"categories":[1,65],"tags":[163],"_links":{"self":[{"href":"https:\/\/www.n-news.de\/index.php?rest_route=\/wp\/v2\/posts\/124592"}],"collection":[{"href":"https:\/\/www.n-news.de\/index.php?rest_route=\/wp\/v2\/posts"}],"about":[{"href":"https:\/\/www.n-news.de\/index.php?rest_route=\/wp\/v2\/types\/post"}],"author":[{"embeddable":true,"href":"https:\/\/www.n-news.de\/index.php?rest_route=\/wp\/v2\/users\/2"}],"replies":[{"embeddable":true,"href":"https:\/\/www.n-news.de\/index.php?rest_route=%2Fwp%2Fv2%2Fcomments&post=124592"}],"version-history":[{"count":2,"href":"https:\/\/www.n-news.de\/index.php?rest_route=\/wp\/v2\/posts\/124592\/revisions"}],"predecessor-version":[{"id":124596,"href":"https:\/\/www.n-news.de\/index.php?rest_route=\/wp\/v2\/posts\/124592\/revisions\/124596"}],"wp:featuredmedia":[{"embeddable":true,"href":"https:\/\/www.n-news.de\/index.php?rest_route=\/wp\/v2\/media\/124594"}],"wp:attachment":[{"href":"https:\/\/www.n-news.de\/index.php?rest_route=%2Fwp%2Fv2%2Fmedia&parent=124592"}],"wp:term":[{"taxonomy":"category","embeddable":true,"href":"https:\/\/www.n-news.de\/index.php?rest_route=%2Fwp%2Fv2%2Fcategories&post=124592"},{"taxonomy":"post_tag","embeddable":true,"href":"https:\/\/www.n-news.de\/index.php?rest_route=%2Fwp%2Fv2%2Ftags&post=124592"}],"curies":[{"name":"wp","href":"https:\/\/api.w.org\/{rel}","templated":true}]}}