{"id":124584,"date":"2026-01-20T11:48:53","date_gmt":"2026-01-20T10:48:53","guid":{"rendered":"https:\/\/www.n-news.de\/?p=124584"},"modified":"2026-01-18T12:52:33","modified_gmt":"2026-01-18T11:52:33","slug":"grosse-gartenmythen-gartenbauexperte-klaert-auf-presseinformation-des-blgl","status":"publish","type":"post","link":"https:\/\/www.n-news.de\/?p=124584","title":{"rendered":"Gro\u00dfe Gartenmythen: Gartenbauexperte kl\u00e4rt auf \u2013 Presseinformation des BLGL"},"content":{"rendered":"<p>#Gartenmythen<\/p>\n<p><strong>Die Planungen f\u00fcr die neue Gartensaison laufen bereits und bei der Recherche zur richtigen Vorbereitung des Gartenjahres sto\u00dfen Gartenbegeisterte immer wieder auf kuriose Tipps oder Bauernregeln. Um keine Fehler zu begehen, nimmt Dr. Lutz Popp, Gartenbauexperte vom Bayerischen Landesverband f\u00fcr Gartenbau und Landespflege e.V. (BLGL), f\u00fcnf weit verbreitete Mythen unter die Lupe und kl\u00e4rt auf, was an den Ratschl\u00e4gen dran ist.<\/strong><\/p>\n<p><strong>Mythos: Kaffee sch\u00fctzt vor Schnecken<\/strong><br \/>\nKaffee hat \u2013 wie so viele andere landl\u00e4ufig immer wieder genannte Substanzen oder Ma\u00dfnahmen \u2013 keine gesicherte Wirkung gegen Schnecken. Laut Pflanzenschutzgesetz ist das Ausbringen von Kaffeesud, ebenso wie anderer, selbst zusammengebrauter Pflanzenschutzmittel (\u201eHausmittel\u201c) sogar verboten. Gartenbauexperte Dr. Lutz Popp r\u00e4t, zu Alternativen zu greifen: \u201eEs gibt deutlich effektivere Methoden, um Schneckensch\u00e4den an den Pflanzen zu vermeiden, etwa Absammeln, Bierfallen oder Schneckenz\u00e4une. Wessen Gartengr\u00f6\u00dfe es zul\u00e4sst, kann auch H\u00fchner und Laufenten als Schneckenvertilger einsetzen. Im Idealfall kombiniert man viele verschiedene Ma\u00dfnahmen miteinander.\u201c<\/p>\n<div id=\"attachment_124585\" style=\"width: 550px\" class=\"wp-caption aligncenter\"><img aria-describedby=\"caption-attachment-124585\" loading=\"lazy\" src=\"https:\/\/www.n-news.de\/wp-content\/uploads\/2026\/01\/pixabay_runner-ducks-5417617_1280.jpg\" alt=\"\" width=\"540\" height=\"360\" class=\"size-full wp-image-124585\" srcset=\"https:\/\/www.n-news.de\/wp-content\/uploads\/2026\/01\/pixabay_runner-ducks-5417617_1280.jpg 540w, https:\/\/www.n-news.de\/wp-content\/uploads\/2026\/01\/pixabay_runner-ducks-5417617_1280-300x200.jpg 300w\" sizes=\"(max-width: 540px) 100vw, 540px\" \/><p id=\"caption-attachment-124585\" class=\"wp-caption-text\">Kaffee gegen Schnecken? Am wirksamsten sind H\u00fchner oder Laufenten als nat\u00fcrliche Schneckenj\u00e4ger. Quelle: pixabay<\/p><\/div>\n<p><strong>Mythos: Viel D\u00fcnger = optimaler Ertrag<\/strong><br \/>\nDieser Mythos stimmt nicht: D\u00fcngergaben erh\u00f6hen den Ertrag nur dann, wenn der Boden mit N\u00e4hrstoffen unterversorgt ist, und auch nur so weit, bis ein \u201eS\u00e4ttigungspunkt\u201c erreicht wird. Bei dessen \u00dcberschreiten stagniert der Ertrag oder sinkt bei noch h\u00f6herer D\u00fcngung sogar ab. Viele Untersuchungen der letzten Jahre und Jahrzehnte haben ergeben, dass die meisten Gartenfl\u00e4chen in Deutschland durch langj\u00e4hrig zu hohe D\u00fcngergaben stark \u00fcberd\u00fcngt sind \u2013 mit negativen Auswirkungen auf den Ertrag, die Pflanzenqualit\u00e4t und die Umwelt, z. B. Nitrat im Grundwasser. Dr. Popp empfiehlt, vor D\u00fcngungsma\u00dfnahmen eine Bodenanalyse durchzuf\u00fchren, die Aufschluss \u00fcber den tats\u00e4chlichen Bedarf an N\u00e4hrstoffen gibt.<\/p>\n<p><strong>Mythos: Kompost stinkt immer<\/strong><br \/>\nAuch dies ist falsch! Richtig aufgesetzter und \u201egepflegter\u201c Kompost riecht angenehm erdig oder nach Waldboden. Gestank tritt meist nur dann auf, wenn der Kompost zu feucht ist, unter Sauerstoffmangel leidet und anaerobe Prozesse ablaufen. \u201eUrsache hierf\u00fcr sind zu viele weiche und feuchte Abf\u00e4lle. Der Kompost soll deshalb von Anfang an mit trockenem, strukturreichem Material versetzt werden. Au\u00dferdem ist der Kompost in regelm\u00e4\u00dfigen Abst\u00e4nden umzusetzen, am besten mit einer Grabgabel. So kann immer wieder ausreichend Sauerstoff eintreten, die Bildung verdichteter Klumpen vermieden und der mikrobiologische Rotteprozess aerob am Laufen gehalten werden\u201c, so der Experte des BLGL.<\/p>\n<p><strong>Mythos: Tomaten reifen schneller, wenn man sie ins Haus bringt<\/strong><br \/>\nRichtig \u2013 sofern es drau\u00dfen bedingt durch das Voranschreiten der Jahreszeiten an Sonne und W\u00e4rme fehlt. Im Herbst bei niedrigen Tages- und vor allem Nachttemperaturen k\u00f6nnen Tomaten gr\u00fcn oder leicht gelblich bis orange geerntet und ins Haus gebracht werden, denn Temperaturen um 20 \u00b0C beschleunigen die Reife deutlich. Dr. Popps Tipp: \u201eDie Tomaten sollten in einer trockenen Schachtel oder Papiert\u00fcte gelagert werden, am besten in Gesellschaft von einer reifen Banane oder einem Apfel, denn diese produzieren das Reifegas Ethylen. Ein heller Standort mit starkem Lichteinfall ist nicht n\u00f6tig, jedoch eine regelm\u00e4\u00dfige Kontrolle, um eventuell faulende Fr\u00fcchte fr\u00fchzeitig auszusortieren.\u201c<\/p>\n<p><strong>Mythos: Verbl\u00fchte Stauden umgehend zur\u00fcckschneiden<\/strong><br \/>\nFalsch, denn das Belassen verbl\u00fchter Stauden sorgt f\u00fcr den Verbleib n\u00e4hrstoffreicher St\u00e4ngel- und Blattmassen auf den Beeten. Zus\u00e4tzlich stellen verbl\u00fchte Pflanzen samt ihrer Fruchtst\u00e4nde R\u00fcckzugs- und Lebensraum sowie Nahrungsangebote f\u00fcr viele Kleintiere dar. Erst im ausgehenden Winter oder beginnenden Fr\u00fchjahr sind die dann leichten, trockenen St\u00e4ngel zu entfernen \u2013 die Methode vereint also einen hohen \u00f6kologischen Wert mit weniger Arbeitsaufwand und verbessert die Bodenqualit\u00e4t. \u201eNur wenn es zu F\u00e4ulnis kommt, das Aussamen ausbreitungsfreudiger Arten verhindert werden oder eventuell eine Nachbl\u00fcte angeregt werden soll, ist ein umgehender R\u00fcckschnitt notwendig\u201c, informiert Dr. Popp.<\/p>\n<p>Die Analyse zeigt: Die Beratung durch einen Experten hilft dabei, Halb- oder Falschwissen zu enttarnen und Tipps zu erfahren, die wirklich funktionieren. Wenn durch falsche Ratschl\u00e4ge versprochene Ergebnisse im Garten nicht eintreten, entsteht schnell Frust. Das Aufkl\u00e4ren von Mythen tr\u00e4gt deshalb nicht nur dazu bei, den Garten nachhaltiger und effizienter zu gestalten, sondern bringt letztlich auch mehr Freude am G\u00e4rtnern.<\/p>\n<p>Quelle \/ Mehr Informationen gibt es unter: <a href=\"https:\/\/www.gartenbauvereine.org\/\" rel=\"noopener noreferrer\" target=\"_blank\">https:\/\/www.gartenbauvereine.org\/<\/a><\/p>\n<div class=\"twoclick_social_bookmarks_post_124584 social_share_privacy clearfix 1.6.4 locale-de_DE sprite-de_DE\"><\/div><div class=\"twoclick-js\"><script type=\"text\/javascript\">\/* <![CDATA[ *\/\njQuery(document).ready(function($){if($('.twoclick_social_bookmarks_post_124584')){$('.twoclick_social_bookmarks_post_124584').socialSharePrivacy({\"services\":{\"facebook\":{\"status\":\"on\",\"txt_info\":\"\",\"perma_option\":\"off\",\"action\":\"like\",\"language\":\"de_DE\"},\"twitter\":{\"reply_to\":\"nnews_de\",\"tweet_text\":\"%20Gro%C3%9Fe%20Gartenmythen%3A%20Gartenbauexperte%20kl%C3%A4rt%20auf%20%E2%80%93%20...\",\"status\":\"on\",\"txt_info\":\"\",\"perma_option\":\"off\",\"language\":\"de\",\"referrer_track\":\"\"},\"gplus\":{\"status\":\"on\",\"txt_info\":\"\",\"perma_option\":\"off\",\"referrer_track\":\"\"},\"pinterest\":{\"status\":\"on\",\"the_excerpt\":\"Gro\\u00dfe Gartenmythen: Gartenbauexperte kl\\u00e4rt auf \\u2013 Presseinformation des BLGL &raquo; #Gartenmythen\\r\\n\\r\\nDie Planungen f\\u00fcr die neue Gartensaison laufen be ...\",\"txt_info\":\"\",\"perma_option\":\"off\",\"media\":\"https:\\\/\\\/www.n-news.de\\\/wp-content\\\/uploads\\\/2026\\\/01\\\/pixabay_runner-ducks-5417617_1280.jpg\"},\"linkedin\":{\"status\":\"on\",\"txt_info\":\"2 Klicks f\\u00fcr mehr Datenschutz: Erst wenn Sie hier klicken, wird der Button aktiv und Sie k\\u00f6nnen Ihre Empfehlung an LinkedIn senden. Schon beim Aktivieren werden Daten an Dritte \\u00fcbertragen - siehe <em>i<\\\/em>.\",\"perma_option\":\"off\"}},\"txt_help\":\"\",\"settings_perma\":\"\",\"info_link\":\"\",\"uri\":\"https:\\\/\\\/www.n-news.de\\\/?p=124584\",\"post_id\":124584,\"post_title_referrer_track\":\"Gro%C3%9Fe+Gartenmythen%3A+Gartenbauexperte+kl%C3%A4rt+auf+%E2%80%93+Presseinformation+des+BLGL\",\"display_infobox\":\"on\"});}});\n\/* ]]> *\/<\/script><\/div>","protected":false},"excerpt":{"rendered":"<p>#Gartenmythen Die Planungen f\u00fcr die neue Gartensaison laufen bereits und bei der Recherche zur richtigen Vorbereitung des Gartenjahres sto\u00dfen Gartenbegeisterte immer wieder auf kuriose Tipps oder Bauernregeln. Um keine Fehler zu begehen, nimmt Dr. Lutz Popp, Gartenbauexperte vom Bayerischen Landesverband f\u00fcr Gartenbau und Landespflege e.V. (BLGL), f\u00fcnf weit verbreitete Mythen unter die Lupe und kl\u00e4rt [&hellip;]<\/p>\n","protected":false},"author":2,"featured_media":124585,"comment_status":"closed","ping_status":"closed","sticky":false,"template":"","format":"standard","meta":[],"categories":[1,43],"tags":[309],"_links":{"self":[{"href":"https:\/\/www.n-news.de\/index.php?rest_route=\/wp\/v2\/posts\/124584"}],"collection":[{"href":"https:\/\/www.n-news.de\/index.php?rest_route=\/wp\/v2\/posts"}],"about":[{"href":"https:\/\/www.n-news.de\/index.php?rest_route=\/wp\/v2\/types\/post"}],"author":[{"embeddable":true,"href":"https:\/\/www.n-news.de\/index.php?rest_route=\/wp\/v2\/users\/2"}],"replies":[{"embeddable":true,"href":"https:\/\/www.n-news.de\/index.php?rest_route=%2Fwp%2Fv2%2Fcomments&post=124584"}],"version-history":[{"count":1,"href":"https:\/\/www.n-news.de\/index.php?rest_route=\/wp\/v2\/posts\/124584\/revisions"}],"predecessor-version":[{"id":124586,"href":"https:\/\/www.n-news.de\/index.php?rest_route=\/wp\/v2\/posts\/124584\/revisions\/124586"}],"wp:featuredmedia":[{"embeddable":true,"href":"https:\/\/www.n-news.de\/index.php?rest_route=\/wp\/v2\/media\/124585"}],"wp:attachment":[{"href":"https:\/\/www.n-news.de\/index.php?rest_route=%2Fwp%2Fv2%2Fmedia&parent=124584"}],"wp:term":[{"taxonomy":"category","embeddable":true,"href":"https:\/\/www.n-news.de\/index.php?rest_route=%2Fwp%2Fv2%2Fcategories&post=124584"},{"taxonomy":"post_tag","embeddable":true,"href":"https:\/\/www.n-news.de\/index.php?rest_route=%2Fwp%2Fv2%2Ftags&post=124584"}],"curies":[{"name":"wp","href":"https:\/\/api.w.org\/{rel}","templated":true}]}}