{"id":124289,"date":"2025-12-17T13:28:36","date_gmt":"2025-12-17T12:28:36","guid":{"rendered":"https:\/\/www.n-news.de\/?p=124289"},"modified":"2025-12-17T13:29:29","modified_gmt":"2025-12-17T12:29:29","slug":"nachbericht-till-lindemann-meine-welt-tour-2025-in-stuttgart","status":"publish","type":"post","link":"https:\/\/www.n-news.de\/?p=124289","title":{"rendered":"Nachbericht: Till Lindemann \u2013 \u201eMeine Welt\u201c-Tour 2025 in Stuttgart"},"content":{"rendered":"<p>#TillLindemann #musiccircusconcertgmbh<\/p>\n<p><strong>Es war genau das Konzert, das man von Till Lindemann erwartet hat. Und vielleicht genau deshalb so wirkungsvoll. Am 16. Dezember 2025 verwandelte er die mit 10.000 Fans randvolle Stuttgarter Schleyer-Halle in seine ganz eigene B\u00fchne zwischen Industrial-Wucht, Theater, Sex, Provokation und dunkler Poesie. Die Halle war voll, die Erwartung hoch und Lindemann lieferte.<\/strong><\/p>\n<p>Schon mit dem Intro \u201eMeine Welt\u201c machte er klar, wer hier die Regeln bestimmt. Kaltes Licht, schwere Beats, eine B\u00fchne wie ein dystopisches Tableau. Danach ging es ohne Umwege in die Vollen. \u201eFat\u201c, \u201eSchweiss\u201c und \u201eAltes Fleisch\u201c brachten fr\u00fch die rohe, k\u00f6rperliche Seite seiner Soloarbeiten auf den Punkt. Das Publikum war sofort drin, viele Texte wurden Wort f\u00fcr Wort mitgesungen.<\/p>\n<div id=\"attachment_124290\" style=\"width: 410px\" class=\"wp-caption alignleft\"><img aria-describedby=\"caption-attachment-124290\" loading=\"lazy\" src=\"https:\/\/www.n-news.de\/wp-content\/uploads\/2025\/12\/DS309154-001.jpg\" alt=\"\" width=\"400\" height=\"600\" class=\"size-full wp-image-124290\" srcset=\"https:\/\/www.n-news.de\/wp-content\/uploads\/2025\/12\/DS309154-001.jpg 400w, https:\/\/www.n-news.de\/wp-content\/uploads\/2025\/12\/DS309154-001-200x300.jpg 200w\" sizes=\"(max-width: 400px) 100vw, 400px\" \/><p id=\"caption-attachment-124290\" class=\"wp-caption-text\">Till Lindemann in Stuttgart vor 10.000 Fans<\/p><\/div>\n<p><strong>Gro\u00dfe Foto-Galerie und Setlist bei uns: <a href=\"http:\/\/www.schechler.com\/mk\/2025\/12\/16\/till-lindemann\/\" rel=\"noopener noreferrer\" target=\"_blank\">Hier klicken!<\/a><\/strong><\/p>\n<p>Schockeffekte, Sex und Provokation geh\u00f6rten an diesem Abend fest dazu. T\u00e4nzerinnen, explizite Bilder, gewagte Showelemente. All das wirkte kalkuliert, aber nie beliebig. Lindemann wei\u00df, wie man Bilder erzeugt, die h\u00e4ngen bleiben. Der Skandal von vor zwei Jahren war dabei sp\u00fcrbar. Er lag wie ein Nebel \u00fcber dem Abend, unausgesprochen, aber pr\u00e4sent. Lindemann ignoriert ihn nicht, er kommentiert ihn auch nicht. Er spielt einfach weiter. Provokant wie eh und je.<\/p>\n<p>Musikalisch spannte die Setlist einen weiten Bogen durch seinen Werdegang abseits von Rammstein. \u201eGolden Shower\u201c, \u201eBlut\u201c und \u201eAllesfresser\u201c zeigten die \u00fcberzeichnete Lust an Grenz\u00fcberschreitungen, w\u00e4hrend \u201eSport frei\u201c und \u201eProstitution\u201c mit martialischer Direktheit punkteten. Sp\u00e4testens bei \u201ePraise Abort\u201c wurde klar, warum Lindemanns Solo-Projekt f\u00fcr viele mehr ist als nur ein Nebenweg. Hier spricht ein K\u00fcnstler, der seit Jahrzehnten konsequent seine eigene Sprache pflegt.<\/p>\n<p>Ein H\u00f6hepunkt des Abends war \u201ePlatz Eins\u201c. Arrogant, ironisch, selbstreflexiv. Lindemann inszeniert sich hier bewusst als Karikatur seiner selbst und trifft damit einen Nerv. Auch \u201eSkills in Pills\u201c und \u201eDu hast kein Herz\u201c sorgten f\u00fcr lautstarke Reaktionen im Publikum.<\/p>\n<p>Im Zugabenblock zeigte sich Lindemann dann etwas facettenreicher. \u201e\u00dcbers Meer\u201c brachte kurz Ruhe in die Halle, bevor mit \u201eKnebel\u201c und \u201eFish On\u201c wieder rohe Energie dominierte. Der Abschluss mit \u201eIch hasse Kinder\u201c war konsequent. Provokant, bitterb\u00f6se und genau der Schlag ins Gesicht, den viele erwartet hatten. Support erfolgte durch Aesthetic Perfection, ein US-amerikanisches Elektronik-Musikprojekt um Daniel Graves.<\/p>\n<p><img loading=\"lazy\" src=\"https:\/\/www.n-news.de\/wp-content\/uploads\/2025\/12\/DS309406-001.jpg\" alt=\"\" width=\"600\" height=\"400\" class=\"alignleft size-full wp-image-124292\" srcset=\"https:\/\/www.n-news.de\/wp-content\/uploads\/2025\/12\/DS309406-001.jpg 600w, https:\/\/www.n-news.de\/wp-content\/uploads\/2025\/12\/DS309406-001-300x200.jpg 300w\" sizes=\"(max-width: 600px) 100vw, 600px\" \/><\/p>\n<p>Till Lindemanns Weg vom Lyriker und Rammstein-Frontmann zum kompromisslosen Solo-K\u00fcnstler zieht sich durch diesen Abend wie ein roter Faden. Er hat sich nie angepasst, nie entsch\u00e4rft. Auch 2025 nicht. Die \u201eMeine Welt\u201c-Tour zeigt einen K\u00fcnstler, der sich seiner Wirkung bewusst ist und sie gezielt einsetzt. Stuttgart bekam eine monumentale, verst\u00f6rende und beeindruckende Show. Kein Konzert f\u00fcr alle. Aber ein Abend, der h\u00e4ngen bleibt.<br \/>\nMK Schechler<\/p>\n<p>Lokaler Veranstalter:<br \/>\nMusic Circus Concertb\u00fcro<br \/>\nCharlottenplatz 17<br \/>\n70173 Stuttgart<br \/>\n<a href=\"http:\/\/www.musiccircus.de\" target=\"_blank\" rel=\"noopener noreferrer\">www.musiccircus.de<\/a><\/p>\n<div class=\"twoclick_social_bookmarks_post_124289 social_share_privacy clearfix 1.6.4 locale-de_DE sprite-de_DE\"><\/div><div class=\"twoclick-js\"><script type=\"text\/javascript\">\/* <![CDATA[ *\/\njQuery(document).ready(function($){if($('.twoclick_social_bookmarks_post_124289')){$('.twoclick_social_bookmarks_post_124289').socialSharePrivacy({\"services\":{\"facebook\":{\"status\":\"on\",\"txt_info\":\"\",\"perma_option\":\"off\",\"action\":\"like\",\"language\":\"de_DE\"},\"twitter\":{\"reply_to\":\"nnews_de\",\"tweet_text\":\"%20Nachbericht%3A%20Till%20Lindemann%20%E2%80%93%20%E2%80%9EMeine%20Welt%E2%80%9C-Tour%202025%20...\",\"status\":\"on\",\"txt_info\":\"\",\"perma_option\":\"off\",\"language\":\"de\",\"referrer_track\":\"\"},\"gplus\":{\"status\":\"on\",\"txt_info\":\"\",\"perma_option\":\"off\",\"referrer_track\":\"\"},\"pinterest\":{\"status\":\"on\",\"the_excerpt\":\"Nachbericht: Till Lindemann \\u2013 \\u201eMeine Welt\\u201c-Tour 2025 in Stuttgart &raquo; #TillLindemann #musiccircusconcertgmbh\\r\\n\\r\\nEs war genau das Konzert ...\",\"txt_info\":\"\",\"perma_option\":\"off\",\"media\":\"https:\\\/\\\/www.n-news.de\\\/wp-content\\\/uploads\\\/2025\\\/12\\\/DS309154-001.jpg\"},\"linkedin\":{\"status\":\"on\",\"txt_info\":\"2 Klicks f\\u00fcr mehr Datenschutz: Erst wenn Sie hier klicken, wird der Button aktiv und Sie k\\u00f6nnen Ihre Empfehlung an LinkedIn senden. Schon beim Aktivieren werden Daten an Dritte \\u00fcbertragen - siehe <em>i<\\\/em>.\",\"perma_option\":\"off\"}},\"txt_help\":\"\",\"settings_perma\":\"\",\"info_link\":\"\",\"uri\":\"https:\\\/\\\/www.n-news.de\\\/?p=124289\",\"post_id\":124289,\"post_title_referrer_track\":\"Nachbericht%3A+Till+Lindemann+%E2%80%93+%E2%80%9EMeine+Welt%E2%80%9C-Tour+2025+in+Stuttgart\",\"display_infobox\":\"on\"});}});\n\/* ]]> *\/<\/script><\/div>","protected":false},"excerpt":{"rendered":"<p>#TillLindemann #musiccircusconcertgmbh Es war genau das Konzert, das man von Till Lindemann erwartet hat. Und vielleicht genau deshalb so wirkungsvoll. Am 16. Dezember 2025 verwandelte er die mit 10.000 Fans randvolle Stuttgarter Schleyer-Halle in seine ganz eigene B\u00fchne zwischen Industrial-Wucht, Theater, Sex, Provokation und dunkler Poesie. Die Halle war voll, die Erwartung hoch und Lindemann [&hellip;]<\/p>\n","protected":false},"author":2,"featured_media":124290,"comment_status":"closed","ping_status":"closed","sticky":false,"template":"","format":"standard","meta":[],"categories":[1,65],"tags":[48],"_links":{"self":[{"href":"https:\/\/www.n-news.de\/index.php?rest_route=\/wp\/v2\/posts\/124289"}],"collection":[{"href":"https:\/\/www.n-news.de\/index.php?rest_route=\/wp\/v2\/posts"}],"about":[{"href":"https:\/\/www.n-news.de\/index.php?rest_route=\/wp\/v2\/types\/post"}],"author":[{"embeddable":true,"href":"https:\/\/www.n-news.de\/index.php?rest_route=\/wp\/v2\/users\/2"}],"replies":[{"embeddable":true,"href":"https:\/\/www.n-news.de\/index.php?rest_route=%2Fwp%2Fv2%2Fcomments&post=124289"}],"version-history":[{"count":2,"href":"https:\/\/www.n-news.de\/index.php?rest_route=\/wp\/v2\/posts\/124289\/revisions"}],"predecessor-version":[{"id":124294,"href":"https:\/\/www.n-news.de\/index.php?rest_route=\/wp\/v2\/posts\/124289\/revisions\/124294"}],"wp:featuredmedia":[{"embeddable":true,"href":"https:\/\/www.n-news.de\/index.php?rest_route=\/wp\/v2\/media\/124290"}],"wp:attachment":[{"href":"https:\/\/www.n-news.de\/index.php?rest_route=%2Fwp%2Fv2%2Fmedia&parent=124289"}],"wp:term":[{"taxonomy":"category","embeddable":true,"href":"https:\/\/www.n-news.de\/index.php?rest_route=%2Fwp%2Fv2%2Fcategories&post=124289"},{"taxonomy":"post_tag","embeddable":true,"href":"https:\/\/www.n-news.de\/index.php?rest_route=%2Fwp%2Fv2%2Ftags&post=124289"}],"curies":[{"name":"wp","href":"https:\/\/api.w.org\/{rel}","templated":true}]}}