{"id":124225,"date":"2025-12-08T14:02:05","date_gmt":"2025-12-08T13:02:05","guid":{"rendered":"https:\/\/www.n-news.de\/?p=124225"},"modified":"2025-12-08T18:25:57","modified_gmt":"2025-12-08T17:25:57","slug":"veranstaltungstipp-seal-bringt-seine-klassiker-live-zurueck-auf-die-buehne","status":"publish","type":"post","link":"https:\/\/www.n-news.de\/?p=124225","title":{"rendered":"Veranstaltungstipp: Seal bringt seine Klassiker live zur\u00fcck auf die B\u00fchne"},"content":{"rendered":"<p>#WinterbachZeltspektakel #SEAL<\/p>\n<p><strong>Im Juli 2026 steht ein besonderes Musikereignis an. Seal kommt f\u00fcr vier Open Air Konzerte nach Deutschland und feiert mehr als 30 Jahre seiner legend\u00e4ren Alben Seal I und Seal II. Seine Stimme ist seit Jahrzehnten eines der st\u00e4rksten Markenzeichen der Pop und Soul Musik. Songs wie \u201eCrazy\u201c, \u201eKiller\u201c und \u201eKiss From A Rose\u201c haben Generationen begleitet und machen seine Shows zu einem sicheren Highlight des Sommers.<\/strong><\/p>\n<p>Die Tour f\u00fchrt ihn nach K\u00f6ln, Berlin, Hamburg und Winterbach. Jede Location bietet ihren eigenen Charme, von der Rheinpromenade am Tanzbrunnen bis zum stimmungsvollen Stadtpark in Hamburg. Wer Seal einmal live erlebt hat, wei\u00df, wie nah er sein Publikum mitnimmt und wie m\u00fchelos er gro\u00dfe Emotionen auf die B\u00fchne bringt.<\/p>\n<p>Tickets gibt es ab dem 10. Dezember im exklusiven Presale bei Eventim, ab dem 12. Dezember auch an allen offiziellen Vorverkaufsstellen. Wer einen Abend mit gro\u00dfem Sound und zeitlosen Songs sucht, sollte sich diesen Termin vormerken.<\/p>\n<div id=\"attachment_124226\" style=\"width: 610px\" class=\"wp-caption alignleft\"><img aria-describedby=\"caption-attachment-124226\" loading=\"lazy\" src=\"https:\/\/www.n-news.de\/wp-content\/uploads\/2025\/12\/7_cr.Shervin-Lainez.jpg\" alt=\"\" width=\"600\" height=\"536\" class=\"size-full wp-image-124226\" srcset=\"https:\/\/www.n-news.de\/wp-content\/uploads\/2025\/12\/7_cr.Shervin-Lainez.jpg 600w, https:\/\/www.n-news.de\/wp-content\/uploads\/2025\/12\/7_cr.Shervin-Lainez-300x268.jpg 300w\" sizes=\"(max-width: 600px) 100vw, 600px\" \/><p id=\"caption-attachment-124226\" class=\"wp-caption-text\">Seal. Foto &copy; .Shervin Lainez<\/p><\/div>\n<p>Termine im \u00dcberblick:<br \/>\n20.07.2026 K\u00f6ln, Tanzbrunnen<br \/>\n23.07.2026 Berlin, Zitadelle<br \/>\n24.07.2026 Hamburg, Stadtpark<br \/>\n<strong>28.07.2026 Winterbach, Zeltspektakel<\/strong><\/p>\n<p>Ein Sommerhighlight f\u00fcr alle, die gute Musik lieben.<\/p>\n<p>Quelle \/ Tickets:<br \/>\nKulturinitiative Rock Winterbach e.V.<br \/>\n<a href=\"http:\/\/www.kulturinitiative-rock.de\" rel=\"noopener noreferrer\" target=\"_blank\">www.kulturinitiative-rock.de<\/a><br \/>\n<a href=\"http:\/\/www.zeltspektakel.com\" rel=\"noopener noreferrer\" target=\"_blank\">www.zeltspektakel.com<\/a><\/p>\n<div class=\"twoclick_social_bookmarks_post_124225 social_share_privacy clearfix 1.6.4 locale-de_DE sprite-de_DE\"><\/div><div class=\"twoclick-js\"><script type=\"text\/javascript\">\/* <![CDATA[ *\/\njQuery(document).ready(function($){if($('.twoclick_social_bookmarks_post_124225')){$('.twoclick_social_bookmarks_post_124225').socialSharePrivacy({\"services\":{\"facebook\":{\"status\":\"on\",\"txt_info\":\"\",\"perma_option\":\"off\",\"action\":\"like\",\"language\":\"de_DE\"},\"twitter\":{\"reply_to\":\"nnews_de\",\"tweet_text\":\"%20Veranstaltungstipp%3A%20Seal%20bringt%20seine%20Klassiker%20live%20zur%C3%BCck%20auf%20die%20...\",\"status\":\"on\",\"txt_info\":\"\",\"perma_option\":\"off\",\"language\":\"de\",\"referrer_track\":\"\"},\"gplus\":{\"status\":\"on\",\"txt_info\":\"\",\"perma_option\":\"off\",\"referrer_track\":\"\"},\"pinterest\":{\"status\":\"on\",\"the_excerpt\":\"Veranstaltungstipp: Seal bringt seine Klassiker live zur\\u00fcck auf die B\\u00fchne &raquo; #WinterbachZeltspektakel #SEAL\\r\\n\\r\\nIm Juli 2026 steht ein besondere ...\",\"txt_info\":\"\",\"perma_option\":\"off\",\"media\":\"https:\\\/\\\/www.n-news.de\\\/wp-content\\\/uploads\\\/2025\\\/12\\\/7_cr.Shervin-Lainez.jpg\"},\"linkedin\":{\"status\":\"on\",\"txt_info\":\"2 Klicks f\\u00fcr mehr Datenschutz: Erst wenn Sie hier klicken, wird der Button aktiv und Sie k\\u00f6nnen Ihre Empfehlung an LinkedIn senden. Schon beim Aktivieren werden Daten an Dritte \\u00fcbertragen - siehe <em>i<\\\/em>.\",\"perma_option\":\"off\"}},\"txt_help\":\"\",\"settings_perma\":\"\",\"info_link\":\"\",\"uri\":\"https:\\\/\\\/www.n-news.de\\\/?p=124225\",\"post_id\":124225,\"post_title_referrer_track\":\"Veranstaltungstipp%3A+Seal+bringt+seine+Klassiker+live+zur%C3%BCck+auf+die+B%C3%BChne\",\"display_infobox\":\"on\"});}});\n\/* ]]> *\/<\/script><\/div>","protected":false},"excerpt":{"rendered":"<p>#WinterbachZeltspektakel #SEAL Im Juli 2026 steht ein besonderes Musikereignis an. Seal kommt f\u00fcr vier Open Air Konzerte nach Deutschland und feiert mehr als 30 Jahre seiner legend\u00e4ren Alben Seal I und Seal II. Seine Stimme ist seit Jahrzehnten eines der st\u00e4rksten Markenzeichen der Pop und Soul Musik. Songs wie \u201eCrazy\u201c, \u201eKiller\u201c und \u201eKiss From A [&hellip;]<\/p>\n","protected":false},"author":2,"featured_media":124226,"comment_status":"closed","ping_status":"closed","sticky":false,"template":"","format":"standard","meta":[],"categories":[1,4],"tags":[350],"_links":{"self":[{"href":"https:\/\/www.n-news.de\/index.php?rest_route=\/wp\/v2\/posts\/124225"}],"collection":[{"href":"https:\/\/www.n-news.de\/index.php?rest_route=\/wp\/v2\/posts"}],"about":[{"href":"https:\/\/www.n-news.de\/index.php?rest_route=\/wp\/v2\/types\/post"}],"author":[{"embeddable":true,"href":"https:\/\/www.n-news.de\/index.php?rest_route=\/wp\/v2\/users\/2"}],"replies":[{"embeddable":true,"href":"https:\/\/www.n-news.de\/index.php?rest_route=%2Fwp%2Fv2%2Fcomments&post=124225"}],"version-history":[{"count":0,"href":"https:\/\/www.n-news.de\/index.php?rest_route=\/wp\/v2\/posts\/124225\/revisions"}],"wp:featuredmedia":[{"embeddable":true,"href":"https:\/\/www.n-news.de\/index.php?rest_route=\/wp\/v2\/media\/124226"}],"wp:attachment":[{"href":"https:\/\/www.n-news.de\/index.php?rest_route=%2Fwp%2Fv2%2Fmedia&parent=124225"}],"wp:term":[{"taxonomy":"category","embeddable":true,"href":"https:\/\/www.n-news.de\/index.php?rest_route=%2Fwp%2Fv2%2Fcategories&post=124225"},{"taxonomy":"post_tag","embeddable":true,"href":"https:\/\/www.n-news.de\/index.php?rest_route=%2Fwp%2Fv2%2Ftags&post=124225"}],"curies":[{"name":"wp","href":"https:\/\/api.w.org\/{rel}","templated":true}]}}