{"id":124221,"date":"2025-12-09T07:41:40","date_gmt":"2025-12-09T06:41:40","guid":{"rendered":"https:\/\/www.n-news.de\/?p=124221"},"modified":"2025-12-07T17:02:00","modified_gmt":"2025-12-07T16:02:00","slug":"alpenblick-holt-sich-die-drei-loewen-ein-starkes-zeichen-fuer-regionalitaet-im-suedschwarzwald","status":"publish","type":"post","link":"https:\/\/www.n-news.de\/?p=124221","title":{"rendered":"Alpenblick holt sich die Drei L\u00f6wen: Ein starkes Zeichen f\u00fcr Regionalit\u00e4t im S\u00fcdschwarzwald"},"content":{"rendered":"<p>#alpenblick #tmbw #dreiloewen<\/p>\n<p><strong>Das Bio- und Wellnesshotel Alpenblick hat einen besonderen Grund zum Feiern. F\u00fcr seinen klaren Fokus auf Regionalit\u00e4t, Nachhaltigkeit und hausgemachte Qualit\u00e4t wurde das Hotel jetzt mit dem Qualit\u00e4tssiegel Drei L\u00f6wen des Landes Baden-W\u00fcrttemberg ausgezeichnet. Ein Moment, der im ganzen Haus sp\u00fcrbar war.<\/strong><\/p>\n<p>In einer kleinen, aber feinen Feierstunde \u00fcberreichte Staatssekret\u00e4rin Sabine Kurtz vom Ministerium f\u00fcr Ern\u00e4hrung das Siegel an das Hoteliersehepaar Renate und Ferdinand Thoma. Sie w\u00fcrdigte den Einsatz des Hauses f\u00fcr umweltbewussten und hochwertigen Tourismus im S\u00fcdschwarzwald. Ein Lob, das genau ins Herz traf.<\/p>\n<p>Ferdinand und Renate Thoma nutzten die Gelegenheit f\u00fcr ein herzliches Dankesch\u00f6n. Ihre Worte richteten sich an die Staatssekret\u00e4rin und an die vielen G\u00e4ste, die diesen Erfolg m\u00f6glich gemacht haben. B\u00fcrgermeister Sebastian Stiegeler war vor Ort, ebenso Corinna Steinkopf aus dem Landratsamt Waldshut, Stefan Junghanns vom Projektrat der Schmeck den S\u00fcden Gastronomen, Kreisrat Ingo Bauer, Touristinfo-Leiter Martin Zumkeller, Regina Autenrieth vom Dehoga sowie zahlreiche treue Bio-Lieferanten.<\/p>\n<div id=\"attachment_124222\" style=\"width: 610px\" class=\"wp-caption alignleft\"><img aria-describedby=\"caption-attachment-124222\" loading=\"lazy\" src=\"https:\/\/www.n-news.de\/wp-content\/uploads\/2025\/12\/thumbnail_IMG_1570.jpg\" alt=\"\" width=\"600\" height=\"400\" class=\"size-full wp-image-124222\" srcset=\"https:\/\/www.n-news.de\/wp-content\/uploads\/2025\/12\/thumbnail_IMG_1570.jpg 600w, https:\/\/www.n-news.de\/wp-content\/uploads\/2025\/12\/thumbnail_IMG_1570-300x200.jpg 300w\" sizes=\"(max-width: 600px) 100vw, 600px\" \/><p id=\"caption-attachment-124222\" class=\"wp-caption-text\">Mit dem Qualit\u00e4tssiegel \u201e3 L\u00f6wen\u201c nahmen das Hoteliers Ehepaar Ferdinand Thoma und Renate Thoma aus den H\u00e4nden von (zweite von links) Staatssekret\u00e4rin Sabine Kurtz und Stefan Junghanns (rechts) eine ganz besondere Auszeichnung entgegen. Foto &copy; Cornelia Liebwein<\/p><\/div>\n<p>Die Zahlen zeigen, wie konsequent der Alpenblick seine Linie verfolgt. Rund 30.000 Eier, 400 Kilogramm Weideh\u00e4hnchen und 2000 Kilogramm Kartoffeln landen j\u00e4hrlich in der K\u00fcche. Fast alles davon kommt direkt aus der Region. Gleiches gilt f\u00fcr die Weine und sogar f\u00fcr die S\u00e4fte. Regionalit\u00e4t ist hier nicht nur ein Wort, sondern eine t\u00e4gliche Entscheidung.<\/p>\n<p>Mit dem Drei L\u00f6wen Siegel erh\u00e4lt das Hotel nun den offiziellen Beweis f\u00fcr das, was G\u00e4ste schon lange sp\u00fcren. Der Alpenblick steht f\u00fcr ehrliches Handwerk, kurze Wege und eine K\u00fcche, die aus \u00dcberzeugung nah an der Heimat bleibt. Ein Gewinn f\u00fcr den Tourismus im S\u00fcdschwarzwald und ein starkes Zeichen f\u00fcr nachhaltige Gastfreundschaft.<\/p>\n<p>Unsere Redaktion war bereits vor Ort, bei Interesse schauen Sie: <a href=\"https:\/\/www.n-news.de\/?p=120017\" rel=\"noopener noreferrer\" target=\"_blank\">Hier klicken!<\/a><\/p>\n<div class=\"twoclick_social_bookmarks_post_124221 social_share_privacy clearfix 1.6.4 locale-de_DE sprite-de_DE\"><\/div><div class=\"twoclick-js\"><script type=\"text\/javascript\">\/* <![CDATA[ *\/\njQuery(document).ready(function($){if($('.twoclick_social_bookmarks_post_124221')){$('.twoclick_social_bookmarks_post_124221').socialSharePrivacy({\"services\":{\"facebook\":{\"status\":\"on\",\"txt_info\":\"\",\"perma_option\":\"off\",\"action\":\"like\",\"language\":\"de_DE\"},\"twitter\":{\"reply_to\":\"nnews_de\",\"tweet_text\":\"%20Alpenblick%20holt%20sich%20die%20Drei%20L%C3%B6wen%3A%20Ein%20starkes%20Zeichen%20f%C3%BCr%20...\",\"status\":\"on\",\"txt_info\":\"\",\"perma_option\":\"off\",\"language\":\"de\",\"referrer_track\":\"\"},\"gplus\":{\"status\":\"on\",\"txt_info\":\"\",\"perma_option\":\"off\",\"referrer_track\":\"\"},\"pinterest\":{\"status\":\"on\",\"the_excerpt\":\"Alpenblick holt sich die Drei L\\u00f6wen: Ein starkes Zeichen f\\u00fcr Regionalit\\u00e4t im S\\u00fcdschwarzwald &raquo; #alpenblick #tmbw #dreiloewen\\r\\n\\r\\nDas Bio- und Wellnesshotel Alpenb ...\",\"txt_info\":\"\",\"perma_option\":\"off\",\"media\":\"https:\\\/\\\/www.n-news.de\\\/wp-content\\\/uploads\\\/2025\\\/12\\\/thumbnail_IMG_1570.jpg\"},\"linkedin\":{\"status\":\"on\",\"txt_info\":\"2 Klicks f\\u00fcr mehr Datenschutz: Erst wenn Sie hier klicken, wird der Button aktiv und Sie k\\u00f6nnen Ihre Empfehlung an LinkedIn senden. Schon beim Aktivieren werden Daten an Dritte \\u00fcbertragen - siehe <em>i<\\\/em>.\",\"perma_option\":\"off\"}},\"txt_help\":\"\",\"settings_perma\":\"\",\"info_link\":\"\",\"uri\":\"https:\\\/\\\/www.n-news.de\\\/?p=124221\",\"post_id\":124221,\"post_title_referrer_track\":\"Alpenblick+holt+sich+die+Drei+L%C3%B6wen%3A+Ein+starkes+Zeichen+f%C3%BCr+Regionalit%C3%A4t+im+S%C3%BCdschwarzwald\",\"display_infobox\":\"on\"});}});\n\/* ]]> *\/<\/script><\/div>","protected":false},"excerpt":{"rendered":"<p>#alpenblick #tmbw #dreiloewen Das Bio- und Wellnesshotel Alpenblick hat einen besonderen Grund zum Feiern. F\u00fcr seinen klaren Fokus auf Regionalit\u00e4t, Nachhaltigkeit und hausgemachte Qualit\u00e4t wurde das Hotel jetzt mit dem Qualit\u00e4tssiegel Drei L\u00f6wen des Landes Baden-W\u00fcrttemberg ausgezeichnet. Ein Moment, der im ganzen Haus sp\u00fcrbar war. In einer kleinen, aber feinen Feierstunde \u00fcberreichte Staatssekret\u00e4rin Sabine Kurtz [&hellip;]<\/p>\n","protected":false},"author":2,"featured_media":124222,"comment_status":"closed","ping_status":"closed","sticky":false,"template":"","format":"standard","meta":[],"categories":[1,66],"tags":[192,191],"_links":{"self":[{"href":"https:\/\/www.n-news.de\/index.php?rest_route=\/wp\/v2\/posts\/124221"}],"collection":[{"href":"https:\/\/www.n-news.de\/index.php?rest_route=\/wp\/v2\/posts"}],"about":[{"href":"https:\/\/www.n-news.de\/index.php?rest_route=\/wp\/v2\/types\/post"}],"author":[{"embeddable":true,"href":"https:\/\/www.n-news.de\/index.php?rest_route=\/wp\/v2\/users\/2"}],"replies":[{"embeddable":true,"href":"https:\/\/www.n-news.de\/index.php?rest_route=%2Fwp%2Fv2%2Fcomments&post=124221"}],"version-history":[{"count":0,"href":"https:\/\/www.n-news.de\/index.php?rest_route=\/wp\/v2\/posts\/124221\/revisions"}],"wp:featuredmedia":[{"embeddable":true,"href":"https:\/\/www.n-news.de\/index.php?rest_route=\/wp\/v2\/media\/124222"}],"wp:attachment":[{"href":"https:\/\/www.n-news.de\/index.php?rest_route=%2Fwp%2Fv2%2Fmedia&parent=124221"}],"wp:term":[{"taxonomy":"category","embeddable":true,"href":"https:\/\/www.n-news.de\/index.php?rest_route=%2Fwp%2Fv2%2Fcategories&post=124221"},{"taxonomy":"post_tag","embeddable":true,"href":"https:\/\/www.n-news.de\/index.php?rest_route=%2Fwp%2Fv2%2Ftags&post=124221"}],"curies":[{"name":"wp","href":"https:\/\/api.w.org\/{rel}","templated":true}]}}