{"id":124212,"date":"2025-12-06T10:14:42","date_gmt":"2025-12-06T09:14:42","guid":{"rendered":"https:\/\/www.n-news.de\/?p=124212"},"modified":"2025-12-07T11:16:34","modified_gmt":"2025-12-07T10:16:34","slug":"glanz-gold-und-gaensehaut-die-premiere-des-31-weltweihnachtscircus-stuttgart-hebt-den-wasen-auf-ein-neues-level","status":"publish","type":"post","link":"https:\/\/www.n-news.de\/?p=124212","title":{"rendered":"Glanz, Gold und G\u00e4nsehaut. Die Premiere des 31. Weltweihnachtscircus Stuttgart hebt den Wasen auf ein neues Level"},"content":{"rendered":"<p>#Weltweihnachtscircus #musiccircusconcertgmbh <\/p>\n<p><strong>Was f\u00fcr ein Abend. Schon beim Betreten des neuen, innenmastfreien Zeltes lag Spannung in der Luft. Stuttgart hat am Donnerstag erlebt, wie sich ein Circus neu erfindet. Gr\u00f6\u00dfer, gl\u00e4nzender und mutiger als je zuvor. Mehr als 200 Mitwirkende und \u00fcber 100 Artisten aus aller Welt verwandelten den Cannstatter Wasen in ein Fest aus Licht, Geschwindigkeit und purem K\u00f6nnen. Der Jubel war von der ersten bis zur letzten Minute ohrenbet\u00e4ubend. Und der 31. Weltweihnachtscircus hat eindrucksvoll gezeigt, warum er mit 128.000 erwarteten Besuchern der meistbesuchte Circus Europas ist.<\/strong><\/p>\n<p>Schon vor Showbeginn strahlte die Manege im Glanz der G\u00e4ste. Kabarettist Christoph Sonntag, Tatort-Star Richy M\u00fcller, Ex-Nationaltorwart Timo Hildebrand und viele weitere Prominente feierten die Er\u00f6ffnung mit. F\u00fcr einen G\u00e4nsehautmoment sorgte Stefanie Schuster, Pr\u00e4sidentin der Olg\u00e4le Stiftung. Sie dankte im Scheinwerferlicht Henk van der Meijden f\u00fcr die jahrzehntelange Unterst\u00fctzung. Auch dieses Jahr gehen die kompletten Einnahmen der Premiere an die Stiftung. Das Publikum reagierte mit Standing Ovations, noch bevor der erste Artist die Manege betreten hatte.<\/p>\n<p>Dann stieg die Energie weiter. Denn dieses Programm ist das gr\u00f6\u00dfte und am st\u00e4rksten ausgezeichnete in der Geschichte des Weltweihnachtscircus. Die Presse nennt es den Olymp der Circuskunst, einen Rausch grandioser Artistik, einen Ort, an dem sich die Besten der Besten treffen. Und das trifft genau ins Schwarze. Neun der achtzehn Acts tragen Gold. Die \u00fcbrigen wurden mit Silber und Bronze bei den gro\u00dfen Festivals der Welt geehrt. So viel geballte Spitzenklasse stand noch nie in einem einzigen Programm.<\/p>\n<p>Unter der Kuppel wurde das Publikum zu Zeugen von Momenten, die man nicht so leicht vergisst. Die Flying Gonz\u00e1lez rasten mit f\u00fcnfzehn Akrobaten \u00fcber das gr\u00f6\u00dfte fliegende Trapez der Welt. Die 22 Jongleure aus China verwandelten die Manege in ein vibrierendes Meer aus Rhythmus und Pr\u00e4zision. Dazu kamen gleich zwei Goldene Clown Gewinner aus Monte Carlo. Das Luftduo Flight of Passion schwebte durch das Zelt wie ein lebender Traum, w\u00e4hrend Shcherbak und Popov mit ihrer Parterre Akrobatik Singing in the Rain eine Eleganz auf die B\u00fchne brachten, die das Publikum f\u00f6rmlich anhielt.<\/p>\n<p>F\u00fcr echtes Staunen sorgten die Weltpremieren. Die ungarische Post der Zirkusprinzessin Angelina Richter, kombiniert mit Hindernissen, setzte eine v\u00f6llig neue Marke in der Reitkunst. Die Xian Group aus China brachte ihr akrobatisches Schwanensee zum Finale und erntete minutenlangen Applaus. Dazu der Elite Illusionist Sergey Stupakov, der selbst abgekl\u00e4rte Besucher ratlos zur\u00fccklie\u00df.<\/p>\n<p>Und dann kam er. Der Moment, \u00fcber den noch Wochen gesprochen wird. Der Weltrekord von Angelina Richter &#8222;Ungarische Post&#8220; mit 21 Pferden bei der Premiere. Die Manege bebte. Ebenso eindrucksvoll der Spitzentanz auf dem Kopf des Tanzpartners und Tulga, der scheinbar m\u00fchelos mit einem brennenden Holzstamm k\u00e4mpfte.<\/p>\n<p><strong>Gro\u00dfe Foto-Galerie bei uns: <a href=\"http:\/\/www.schechler.com\/mk\/2025\/12\/04\/31-weltweihnachtscircus\/\" rel=\"noopener noreferrer\" target=\"_blank\">Hier klicken!<\/a><\/strong><\/p>\n<div id=\"attachment_124214\" style=\"width: 610px\" class=\"wp-caption alignleft\"><img aria-describedby=\"caption-attachment-124214\" loading=\"lazy\" src=\"https:\/\/www.n-news.de\/wp-content\/uploads\/2025\/12\/DS308850_Radiant-001.jpg\" alt=\"\" width=\"600\" height=\"401\" class=\"size-full wp-image-124214\" srcset=\"https:\/\/www.n-news.de\/wp-content\/uploads\/2025\/12\/DS308850_Radiant-001.jpg 600w, https:\/\/www.n-news.de\/wp-content\/uploads\/2025\/12\/DS308850_Radiant-001-300x201.jpg 300w\" sizes=\"(max-width: 600px) 100vw, 600px\" \/><p id=\"caption-attachment-124214\" class=\"wp-caption-text\">Der Weltrekord von Angelina Richter &#8222;Ungarische Post&#8220; mit 21 Pferden<\/p><\/div>\n<p>Der Humor zeigte sich ebenfalls in H\u00f6chstform. Der italienische Clown David Vassallo feierte ein gl\u00e4nzendes Stuttgart Deb\u00fct. Equivokee lieferte Tempo und Timing auf den Punkt und Bauchredner Willer Nicolodi setzte mit seinem legend\u00e4ren Auftritt aus dem Moulin Rouge die Kirsche auf das Comedy Finale. Die Lichttanzgruppe Extreme Light holte das Publikum immer wieder in eine andere Welt und schickte helle Wellen durch das Zelt.<\/p>\n<p>Nach \u00fcber zwei Stunden zwischen Rasanz, Sch\u00f6nheit, Mut und Magie endete die Premiere mit einem tosenden Finale. Das Publikum f\u00fchlte sich getragen von einem Abend, der mehr war als Unterhaltung. Es war ein Erlebnis, das die Stadt verbindet.<\/p>\n<blockquote><p>Wer den Traum selbst erleben m\u00f6chte, hat vom 4. Dezember 2025 bis 6. Januar 2026 die Chance dazu. Der Cannstatter Wasen leuchtet. Stuttgart hat wieder Circus im Herzen. Und dieser Circus zeigt, was m\u00f6glich ist, wenn Talent, Leidenschaft und Fantasie die Manege \u00fcbernehmen.<br \/>\nMK Schechler<\/p><\/blockquote>\n<p>&#x1f3aa; 31. Weltweihnachtscircus<br \/>\n&#x1f39f; Termine: 4. Dezember 2025 \u2013 6. Januar 2026<br \/>\n&#x1f4cd; Ort: Cannstatter Wasen, Stuttgart<br \/>\n&#x1f310; Tickets &amp; Infos: <a href=\"http:\/\/weltweihnachtscircus.de\" target=\"_blank\" rel=\"noopener noreferrer\">weltweihnachtscircus.de<\/a><\/p>\n<p>Lokaler Veranstalter:<br \/>\nMusic Circus Concertb\u00fcro \u2013 Charlottenplatz 17 \u2013 70173 Stuttgart \u2013 <a href=\"http:\/\/www.musiccircus.de\" target=\"_blank\" rel=\"noopener noreferrer\">www.musiccircus.de<\/a><\/p>\n<div id=\"attachment_124213\" style=\"width: 610px\" class=\"wp-caption alignleft\"><img aria-describedby=\"caption-attachment-124213\" loading=\"lazy\" src=\"https:\/\/www.n-news.de\/wp-content\/uploads\/2025\/12\/2025-12-005.jpg\" alt=\"\" width=\"600\" height=\"400\" class=\"size-full wp-image-124213\" srcset=\"https:\/\/www.n-news.de\/wp-content\/uploads\/2025\/12\/2025-12-005.jpg 600w, https:\/\/www.n-news.de\/wp-content\/uploads\/2025\/12\/2025-12-005-300x200.jpg 300w\" sizes=\"(max-width: 600px) 100vw, 600px\" \/><p id=\"caption-attachment-124213\" class=\"wp-caption-text\">Gro\u00dfes Finale!<\/p><\/div>\n<div class=\"twoclick_social_bookmarks_post_124212 social_share_privacy clearfix 1.6.4 locale-de_DE sprite-de_DE\"><\/div><div class=\"twoclick-js\"><script type=\"text\/javascript\">\/* <![CDATA[ *\/\njQuery(document).ready(function($){if($('.twoclick_social_bookmarks_post_124212')){$('.twoclick_social_bookmarks_post_124212').socialSharePrivacy({\"services\":{\"facebook\":{\"status\":\"on\",\"txt_info\":\"\",\"perma_option\":\"off\",\"action\":\"like\",\"language\":\"de_DE\"},\"twitter\":{\"reply_to\":\"nnews_de\",\"tweet_text\":\"%20Glanz%2C%20Gold%20und%20G%C3%A4nsehaut.%20Die%20Premiere%20des%2031.%20Weltweihnachtscircus%20...\",\"status\":\"on\",\"txt_info\":\"\",\"perma_option\":\"off\",\"language\":\"de\",\"referrer_track\":\"\"},\"gplus\":{\"status\":\"on\",\"txt_info\":\"\",\"perma_option\":\"off\",\"referrer_track\":\"\"},\"pinterest\":{\"status\":\"on\",\"the_excerpt\":\"Glanz, Gold und G\\u00e4nsehaut. Die Premiere des 31. Weltweihnachtscircus Stuttgart hebt den Wasen auf ein neues Level &raquo; #Weltweihnachtscircus #musiccircusconcertgmbh \\r\\n\\r\\nWas f\\u00fcr ein Aben ...\",\"txt_info\":\"\",\"perma_option\":\"off\",\"media\":\"https:\\\/\\\/www.n-news.de\\\/wp-content\\\/uploads\\\/2025\\\/12\\\/DS308850_Radiant-001.jpg\"},\"linkedin\":{\"status\":\"on\",\"txt_info\":\"2 Klicks f\\u00fcr mehr Datenschutz: Erst wenn Sie hier klicken, wird der Button aktiv und Sie k\\u00f6nnen Ihre Empfehlung an LinkedIn senden. Schon beim Aktivieren werden Daten an Dritte \\u00fcbertragen - siehe <em>i<\\\/em>.\",\"perma_option\":\"off\"}},\"txt_help\":\"\",\"settings_perma\":\"\",\"info_link\":\"\",\"uri\":\"https:\\\/\\\/www.n-news.de\\\/?p=124212\",\"post_id\":124212,\"post_title_referrer_track\":\"Glanz%2C+Gold+und+G%C3%A4nsehaut.+Die+Premiere+des+31.+Weltweihnachtscircus+Stuttgart+hebt+den+Wasen+auf+ein+neues+Level\",\"display_infobox\":\"on\"});}});\n\/* ]]> *\/<\/script><\/div>","protected":false},"excerpt":{"rendered":"<p>#Weltweihnachtscircus #musiccircusconcertgmbh Was f\u00fcr ein Abend. Schon beim Betreten des neuen, innenmastfreien Zeltes lag Spannung in der Luft. Stuttgart hat am Donnerstag erlebt, wie sich ein Circus neu erfindet. Gr\u00f6\u00dfer, gl\u00e4nzender und mutiger als je zuvor. Mehr als 200 Mitwirkende und \u00fcber 100 Artisten aus aller Welt verwandelten den Cannstatter Wasen in ein Fest aus [&hellip;]<\/p>\n","protected":false},"author":2,"featured_media":124214,"comment_status":"closed","ping_status":"closed","sticky":false,"template":"","format":"standard","meta":[],"categories":[1,65,4],"tags":[48],"_links":{"self":[{"href":"https:\/\/www.n-news.de\/index.php?rest_route=\/wp\/v2\/posts\/124212"}],"collection":[{"href":"https:\/\/www.n-news.de\/index.php?rest_route=\/wp\/v2\/posts"}],"about":[{"href":"https:\/\/www.n-news.de\/index.php?rest_route=\/wp\/v2\/types\/post"}],"author":[{"embeddable":true,"href":"https:\/\/www.n-news.de\/index.php?rest_route=\/wp\/v2\/users\/2"}],"replies":[{"embeddable":true,"href":"https:\/\/www.n-news.de\/index.php?rest_route=%2Fwp%2Fv2%2Fcomments&post=124212"}],"version-history":[{"count":0,"href":"https:\/\/www.n-news.de\/index.php?rest_route=\/wp\/v2\/posts\/124212\/revisions"}],"wp:featuredmedia":[{"embeddable":true,"href":"https:\/\/www.n-news.de\/index.php?rest_route=\/wp\/v2\/media\/124214"}],"wp:attachment":[{"href":"https:\/\/www.n-news.de\/index.php?rest_route=%2Fwp%2Fv2%2Fmedia&parent=124212"}],"wp:term":[{"taxonomy":"category","embeddable":true,"href":"https:\/\/www.n-news.de\/index.php?rest_route=%2Fwp%2Fv2%2Fcategories&post=124212"},{"taxonomy":"post_tag","embeddable":true,"href":"https:\/\/www.n-news.de\/index.php?rest_route=%2Fwp%2Fv2%2Ftags&post=124212"}],"curies":[{"name":"wp","href":"https:\/\/api.w.org\/{rel}","templated":true}]}}