{"id":124162,"date":"2025-11-27T14:10:20","date_gmt":"2025-11-27T13:10:20","guid":{"rendered":"https:\/\/www.n-news.de\/?p=124162"},"modified":"2025-12-15T21:27:32","modified_gmt":"2025-12-15T20:27:32","slug":"veranstaltungstipp-till-lindemann-meine-welt-tour-2025-in-stuttgart","status":"publish","type":"post","link":"https:\/\/www.n-news.de\/?p=124162","title":{"rendered":"Veranstaltungstipp: Till Lindemann \u2013 \u201eMeine Welt\u201c-Tour 2025 in Stuttgart"},"content":{"rendered":"<p>#TillLindemann #musiccircusconcertgmbh<\/p>\n<p><strong>Die Fans von Till Lindemann k\u00f6nnen sich auf ein spektakul\u00e4res Live-Erlebnis einstellen: Am Dienstag, 16. Dezember 2025, macht der S\u00e4nger im Rahmen seiner neuen \u201eMeine Welt\u201c-Tour Halt in der Stuttgarter Schleyer-Halle. Um 20:00 Uhr beginnt die Show, die als eines der eindrucksvollsten Konzertformate des kommenden Winters gehandelt wird.<\/strong><\/p>\n<p>Nach den gro\u00dfen Erfolgen seiner vergangenen Solo-Tourneen pr\u00e4sentiert Lindemann erneut eine aufwendige Inszenierung, die im Herbst 2025 durch die gr\u00f6\u00dften Arenen Europas f\u00fchrt. Die Besucher d\u00fcrfen sich auf komplett neu designte B\u00fchnenshows, \u00fcberraschende dramaturgische Elemente und die gewohnt kraftvolle Mischung aus kraftvollen Industrial-Kl\u00e4ngen, poetischen Texten und markanter visueller Sprache freuen.<\/p>\n<div id=\"attachment_124163\" style=\"width: 610px\" class=\"wp-caption alignleft\"><img aria-describedby=\"caption-attachment-124163\" loading=\"lazy\" src=\"https:\/\/www.n-news.de\/wp-content\/uploads\/2025\/11\/Till_Lindemann_02_Photo_Till_Lindemann.jpg\" alt=\"\" width=\"600\" height=\"428\" class=\"size-full wp-image-124163\" srcset=\"https:\/\/www.n-news.de\/wp-content\/uploads\/2025\/11\/Till_Lindemann_02_Photo_Till_Lindemann.jpg 600w, https:\/\/www.n-news.de\/wp-content\/uploads\/2025\/11\/Till_Lindemann_02_Photo_Till_Lindemann-300x214.jpg 300w\" sizes=\"(max-width: 600px) 100vw, 600px\" \/><p id=\"caption-attachment-124163\" class=\"wp-caption-text\">Foto &copy; Till Lindemann<\/p><\/div>\n<p><strong>Eine Tour durch ganz Europa<\/strong><br \/>\nDie \u201eMeine Welt\u201c-Tour startet in Deutschland und wird u. a. in Leipzig, Frankfurt, Dortmund, Dresden, Hamburg und M\u00fcnchen zu sehen sein. Zus\u00e4tzlich f\u00fchrt die Reise durch zahlreiche europ\u00e4ische L\u00e4nder \u2013 darunter \u00d6sterreich, die Schweiz, Polen, die T\u00fcrkei, England sowie weitere internationale Stationen. Damit kn\u00fcpft Till Lindemann nahtlos an seine hochkar\u00e4tigen Europa-Tourneen der vergangenen Jahre an.<\/p>\n<p><strong>Stuttgart erwartet eine monumentale Show<\/strong><br \/>\nDie Schleyer-Halle z\u00e4hlt zu den gr\u00f6\u00dften Indoor-Spielst\u00e4tten im S\u00fcden Deutschlands und bietet den idealen Rahmen f\u00fcr die gro\u00dfformatige, technisch aufwendige Produktion. Fans k\u00f6nnen sich auf eine Mischung aus musikalischer Wucht, szenischer Bildkraft und der unverkennbaren B\u00fchnenpr\u00e4senz Lindemanns freuen.<\/p>\n<p>Veranstalter<br \/>\nLokaler Veranstalter ist das renommierte<br \/>\nMusic Circus Concertb\u00fcro<br \/>\nCharlottenplatz 17<br \/>\n70173 Stuttgart<br \/>\n<a href=\"http:\/\/www.musiccircus.de\" rel=\"noopener noreferrer\" target=\"_blank\">www.musiccircus.de<\/a><\/p>\n<p>Wer Ende 2025 ein Konzert der Superlative erleben m\u00f6chte, sollte sich diesen Termin sichern \u2013 die Nachfrage d\u00fcrfte enorm sein.<\/p>\n<div class=\"twoclick_social_bookmarks_post_124162 social_share_privacy clearfix 1.6.4 locale-de_DE sprite-de_DE\"><\/div><div class=\"twoclick-js\"><script type=\"text\/javascript\">\/* <![CDATA[ *\/\njQuery(document).ready(function($){if($('.twoclick_social_bookmarks_post_124162')){$('.twoclick_social_bookmarks_post_124162').socialSharePrivacy({\"services\":{\"facebook\":{\"status\":\"on\",\"txt_info\":\"\",\"perma_option\":\"off\",\"action\":\"like\",\"language\":\"de_DE\"},\"twitter\":{\"reply_to\":\"nnews_de\",\"tweet_text\":\"%20Veranstaltungstipp%3A%20Till%20Lindemann%20%E2%80%93%20%E2%80%9EMeine%20Welt%E2%80%9C-Tour%20...\",\"status\":\"on\",\"txt_info\":\"\",\"perma_option\":\"off\",\"language\":\"de\",\"referrer_track\":\"\"},\"gplus\":{\"status\":\"on\",\"txt_info\":\"\",\"perma_option\":\"off\",\"referrer_track\":\"\"},\"pinterest\":{\"status\":\"on\",\"the_excerpt\":\"Veranstaltungstipp: Till Lindemann \\u2013 \\u201eMeine Welt\\u201c-Tour 2025 in Stuttgart &raquo; #TillLindemann #musiccircusconcertgmbh\\r\\n\\r\\nDie Fans von Till Lindem ...\",\"txt_info\":\"\",\"perma_option\":\"off\",\"media\":\"https:\\\/\\\/www.n-news.de\\\/wp-content\\\/uploads\\\/2025\\\/11\\\/Till_Lindemann_02_Photo_Till_Lindemann.jpg\"},\"linkedin\":{\"status\":\"on\",\"txt_info\":\"2 Klicks f\\u00fcr mehr Datenschutz: Erst wenn Sie hier klicken, wird der Button aktiv und Sie k\\u00f6nnen Ihre Empfehlung an LinkedIn senden. Schon beim Aktivieren werden Daten an Dritte \\u00fcbertragen - siehe <em>i<\\\/em>.\",\"perma_option\":\"off\"}},\"txt_help\":\"\",\"settings_perma\":\"\",\"info_link\":\"\",\"uri\":\"https:\\\/\\\/www.n-news.de\\\/?p=124162\",\"post_id\":124162,\"post_title_referrer_track\":\"Veranstaltungstipp%3A+Till+Lindemann+%E2%80%93+%E2%80%9EMeine+Welt%E2%80%9C-Tour+2025+in+Stuttgart\",\"display_infobox\":\"on\"});}});\n\/* ]]> *\/<\/script><\/div>","protected":false},"excerpt":{"rendered":"<p>#TillLindemann #musiccircusconcertgmbh Die Fans von Till Lindemann k\u00f6nnen sich auf ein spektakul\u00e4res Live-Erlebnis einstellen: Am Dienstag, 16. Dezember 2025, macht der S\u00e4nger im Rahmen seiner neuen \u201eMeine Welt\u201c-Tour Halt in der Stuttgarter Schleyer-Halle. Um 20:00 Uhr beginnt die Show, die als eines der eindrucksvollsten Konzertformate des kommenden Winters gehandelt wird. Nach den gro\u00dfen Erfolgen seiner [&hellip;]<\/p>\n","protected":false},"author":2,"featured_media":124163,"comment_status":"closed","ping_status":"closed","sticky":false,"template":"","format":"standard","meta":[],"categories":[1,4],"tags":[48],"_links":{"self":[{"href":"https:\/\/www.n-news.de\/index.php?rest_route=\/wp\/v2\/posts\/124162"}],"collection":[{"href":"https:\/\/www.n-news.de\/index.php?rest_route=\/wp\/v2\/posts"}],"about":[{"href":"https:\/\/www.n-news.de\/index.php?rest_route=\/wp\/v2\/types\/post"}],"author":[{"embeddable":true,"href":"https:\/\/www.n-news.de\/index.php?rest_route=\/wp\/v2\/users\/2"}],"replies":[{"embeddable":true,"href":"https:\/\/www.n-news.de\/index.php?rest_route=%2Fwp%2Fv2%2Fcomments&post=124162"}],"version-history":[{"count":1,"href":"https:\/\/www.n-news.de\/index.php?rest_route=\/wp\/v2\/posts\/124162\/revisions"}],"predecessor-version":[{"id":124288,"href":"https:\/\/www.n-news.de\/index.php?rest_route=\/wp\/v2\/posts\/124162\/revisions\/124288"}],"wp:featuredmedia":[{"embeddable":true,"href":"https:\/\/www.n-news.de\/index.php?rest_route=\/wp\/v2\/media\/124163"}],"wp:attachment":[{"href":"https:\/\/www.n-news.de\/index.php?rest_route=%2Fwp%2Fv2%2Fmedia&parent=124162"}],"wp:term":[{"taxonomy":"category","embeddable":true,"href":"https:\/\/www.n-news.de\/index.php?rest_route=%2Fwp%2Fv2%2Fcategories&post=124162"},{"taxonomy":"post_tag","embeddable":true,"href":"https:\/\/www.n-news.de\/index.php?rest_route=%2Fwp%2Fv2%2Ftags&post=124162"}],"curies":[{"name":"wp","href":"https:\/\/api.w.org\/{rel}","templated":true}]}}