{"id":124099,"date":"2025-11-14T10:40:54","date_gmt":"2025-11-14T09:40:54","guid":{"rendered":"https:\/\/www.n-news.de\/?p=124099"},"modified":"2025-11-14T10:41:39","modified_gmt":"2025-11-14T09:41:39","slug":"now-on-view-neue-ausstellung-der-mercedes-benz-art-collection-im-mercedes-benz-museum-2","status":"publish","type":"post","link":"https:\/\/www.n-news.de\/?p=124099","title":{"rendered":"\u201eNow on View\u201c \u2013 neue Ausstellung der Mercedes-Benz Art Collection im Mercedes-Benz Museum"},"content":{"rendered":"<p>#mercedesbenzmuseum<\/p>\n<p>11. November 2025 bis Herbst 2027 | Mercedes-Benz Museum Stuttgart<\/p>\n<p><strong>Die Mercedes-Benz Art Collection erweitert ihre seit 2024 laufende Pr\u00e4sentationsreihe \u201eNow on View\u201c um ein neues Kapitel. Ab dem 11. November 2025 zeigt das Mercedes-Benz Museum rund 30 Werke von 22 internationalen K\u00fcnstlerinnen und K\u00fcnstlern, entstanden zwischen 1948 und heute. Die Arbeiten werden nicht separat gezeigt, sondern in die bestehende Dauerausstellung des Museums eingebettet \u2013 ein Format, das gezielt Reibungspunkte, Verbindungen und neue Perspektiven erzeugt.<\/strong><\/p>\n<p><strong>Ein Rundgang durch mehr als sieben Jahrzehnte Kunst<\/strong><br \/>\nDie Ausstellung spannt den Bogen von Willi Baumeisters Werk Ruhe und Bewegung (1948) bis zu aktuellen Positionen etwa von Selma Selman, Maximilian Pr\u00fcfer und Sung Tieu. Inhaltlich reicht das Spektrum von Naturbeobachtung \u00fcber gesellschaftliche Fragen bis hin zu radikalen Untersuchungen formaler \u00c4sthetik. Besonders eindrucksvoll: Maximilian Pr\u00fcfers \u201eFliegenbilder\u201c, die Insekten buchst\u00e4blich zu Co-Autoren machen. Ihre Bewegungsspuren erzeugen Strukturen, die gleichzeitig wissenschaftlich pr\u00e4zise und k\u00fcnstlerisch frei wirken. In einem seiner Arbeiten lassen Pr\u00fcfers Fliegen sogar Baumeisters Gr\u00fcndungswerk der Sammlung nachahmen \u2013 ein kluger Dialog zwischen Generationen und Methoden.<\/p>\n<p><strong>Identit\u00e4t, Herkunft und gesellschaftliche Realit\u00e4t<\/strong><br \/>\nK\u00fcnstlerinnen wie Sung Tieu, Paulo Nazareth und Selma Selman setzen sich mit Migration, kultureller Identit\u00e4t und postkolonialen Fragestellungen auseinander. Selmans Einsatz alter Mercedes-Benz-Autoteile als Bildtr\u00e4ger wirkt nicht wie ein dekorativer Effekt, sondern wie ein pers\u00f6nliches Statement: Die Materialien verweisen auf ihre Kindheit in einer bosnischen Schrotth\u00e4ndlerfamilie, in der ausrangierte Autos Lebensgrundlage, Arbeit und Zukunft bedeuteten.<\/p>\n<div id=\"attachment_124100\" style=\"width: 610px\" class=\"wp-caption alignleft\"><img aria-describedby=\"caption-attachment-124100\" loading=\"lazy\" src=\"https:\/\/www.n-news.de\/wp-content\/uploads\/2025\/11\/25C0297_003.jpg\" alt=\"\" width=\"600\" height=\"401\" class=\"size-full wp-image-124100\" srcset=\"https:\/\/www.n-news.de\/wp-content\/uploads\/2025\/11\/25C0297_003.jpg 600w, https:\/\/www.n-news.de\/wp-content\/uploads\/2025\/11\/25C0297_003-300x201.jpg 300w\" sizes=\"(max-width: 600px) 100vw, 600px\" \/><p id=\"caption-attachment-124100\" class=\"wp-caption-text\">Blick in die neue \u201eNow on View\u201c-Ausstellung im Mercedes-Benz Museum in Stuttgart \u2013 hier mit einem Werk von Finnegan Shannon, Do you want us here or not (KAH), 2023 &#8211; ongoing. Edelstahl, Lack, Mercedes-Benz Art Collection. \u00a9 Finnegan Shannon. Foto: J\u00fcrgen Altmann, Stuttgart.<\/p><\/div>\n<p><strong>Form, Struktur und das Erbe der Konkreten Kunst<\/strong><br \/>\nEinen weiteren Schwerpunkt bilden formalistische Positionen von Florina Lein\u00df, Gerold Miller und Simone Westerwinter. Westerwinters Arbeit Karo Star zeigt, wie ein simples Muster ins Wanken geraten kann. Ein pinkes Rechteck durchschneidet das geordnete Karo \u2013 ein kleiner Eingriff, der Gewohnheiten und Erwartungen hinterfragt.<\/p>\n<p><strong>Kunst im Dialog mit Technik und Geschichte<\/strong><br \/>\nDie besondere Pr\u00e4sentationsform macht die Ausstellung zu einem Erlebnis, das \u00fcber reine Kunstbetrachtung hinausgeht. Die Werke greifen Themen der jeweiligen Museumsr\u00e4ume auf und reagieren auf historische Fahrzeuge und technische Exponate. Ein Beispiel ist die leuchtend blaue Bank von Finnegan Shannon im Raum \u201eGalerie der Helfer\u201c. Ihr Satz \u201eI\u2019d like to linger here. Rest here if you agree.\u201c lenkt den Blick auf Barrierefreiheit und F\u00fcrsorge \u2013 ein klarer, unmissverst\u00e4ndlicher Kommentar zu sozialen Fragen inmitten einer Sammlung von Rettungsfahrzeugen.<\/p>\n<p><strong>K\u00fcnstlerinnen und K\u00fcnstler im \u00dcberblick<\/strong><br \/>\nWilli Baumeister, Max Bill, Emilio Chapela, Sergio Fermariello, Jos\u00e9 Heerkens, Gregor Hildebrandt, Tamara K.E., Imi Knoebel, Florina Lein\u00df, Sylvan Lionni, Gerold Miller, Paulo Nazareth, Nam June Paik, Jan van der Ploeg, Maximilian Pr\u00fcfer, Selma Selman, Finnegan Shannon, Sung Tieu, Guy Tillim, Franz Erhard Walther, Andy Warhol, Simone Westerwinter.<\/p>\n<p><strong>Angebot f\u00fcr Familien: Monatliche F\u00fchrungen<\/strong><br \/>\nAb dem 23. November 2025 findet einmal im Monat eine Familienf\u00fchrung f\u00fcr Erwachsene, Jugendliche und Kinder statt. Im Anschluss k\u00f6nnen Kinder im Lernort CAMPUS auf Ebene 0 selbst kreativ werden. Details zu Terminen und Anmeldung stehen unter <a href=\"http:\/\/mercedes-benz.com\/nowonview\" rel=\"noopener noreferrer\" target=\"_blank\">mercedes-benz.com\/nowonview<\/a> bereit.<\/p>\n<p><strong>Warum sich ein Besuch lohnt<\/strong><br \/>\nDie neue \u201eNow on View\u201c-Pr\u00e4sentation verbindet Kunst, Technik, Geschichte und gesellschaftliche Fragen auf eine Weise, die in Stuttgart einzigartig ist. Die Auswahl ist kompakt, aber inhaltlich breit. Die Verkn\u00fcpfung mit der Dauerausstellung macht den Museumsbesuch dynamisch und er\u00f6ffnet Gespr\u00e4chsstoff \u2013 egal, ob man wegen der Kunst oder der Autos kommt.<\/p>\n<p>Mehr Informationen zur Mercedes-Benz Art Collection sind im Internet verf\u00fcgbar unter <a href=\"http:\/\/mercedes-benz.art\" rel=\"noopener noreferrer\" target=\"_blank\">mercedes-benz.art<\/a>.<\/p>\n<div class=\"twoclick_social_bookmarks_post_124099 social_share_privacy clearfix 1.6.4 locale-de_DE sprite-de_DE\"><\/div><div class=\"twoclick-js\"><script type=\"text\/javascript\">\/* <![CDATA[ *\/\njQuery(document).ready(function($){if($('.twoclick_social_bookmarks_post_124099')){$('.twoclick_social_bookmarks_post_124099').socialSharePrivacy({\"services\":{\"facebook\":{\"status\":\"on\",\"txt_info\":\"\",\"perma_option\":\"off\",\"action\":\"like\",\"language\":\"de_DE\"},\"twitter\":{\"reply_to\":\"nnews_de\",\"tweet_text\":\"%20%E2%80%9ENow%20on%20View%E2%80%9C%20%E2%80%93%20neue%20Ausstellung%20der%20Mercedes-Benz%20Art%20...\",\"status\":\"on\",\"txt_info\":\"\",\"perma_option\":\"off\",\"language\":\"de\",\"referrer_track\":\"\"},\"gplus\":{\"status\":\"on\",\"txt_info\":\"\",\"perma_option\":\"off\",\"referrer_track\":\"\"},\"pinterest\":{\"status\":\"on\",\"the_excerpt\":\"\\u201eNow on View\\u201c \\u2013 neue Ausstellung der Mercedes-Benz Art Collection im Mercedes-Benz Museum &raquo; #mercedesbenzmuseum\\r\\n\\r\\n11. November 2025 bis Herbst 2027 | Mercede ...\",\"txt_info\":\"\",\"perma_option\":\"off\",\"media\":\"https:\\\/\\\/www.n-news.de\\\/wp-content\\\/uploads\\\/2025\\\/11\\\/25C0297_003.jpg\"},\"linkedin\":{\"status\":\"on\",\"txt_info\":\"2 Klicks f\\u00fcr mehr Datenschutz: Erst wenn Sie hier klicken, wird der Button aktiv und Sie k\\u00f6nnen Ihre Empfehlung an LinkedIn senden. Schon beim Aktivieren werden Daten an Dritte \\u00fcbertragen - siehe <em>i<\\\/em>.\",\"perma_option\":\"off\"}},\"txt_help\":\"\",\"settings_perma\":\"\",\"info_link\":\"\",\"uri\":\"https:\\\/\\\/www.n-news.de\\\/?p=124099\",\"post_id\":124099,\"post_title_referrer_track\":\"%E2%80%9ENow+on+View%E2%80%9C+%E2%80%93+neue+Ausstellung+der+Mercedes-Benz+Art+Collection+im+Mercedes-Benz+Museum\",\"display_infobox\":\"on\"});}});\n\/* ]]> *\/<\/script><\/div>","protected":false},"excerpt":{"rendered":"<p>#mercedesbenzmuseum 11. November 2025 bis Herbst 2027 | Mercedes-Benz Museum Stuttgart Die Mercedes-Benz Art Collection erweitert ihre seit 2024 laufende Pr\u00e4sentationsreihe \u201eNow on View\u201c um ein neues Kapitel. Ab dem 11. November 2025 zeigt das Mercedes-Benz Museum rund 30 Werke von 22 internationalen K\u00fcnstlerinnen und K\u00fcnstlern, entstanden zwischen 1948 und heute. Die Arbeiten werden nicht [&hellip;]<\/p>\n","protected":false},"author":2,"featured_media":124100,"comment_status":"closed","ping_status":"closed","sticky":false,"template":"","format":"standard","meta":[],"categories":[1,65,4],"tags":[252,149,123],"_links":{"self":[{"href":"https:\/\/www.n-news.de\/index.php?rest_route=\/wp\/v2\/posts\/124099"}],"collection":[{"href":"https:\/\/www.n-news.de\/index.php?rest_route=\/wp\/v2\/posts"}],"about":[{"href":"https:\/\/www.n-news.de\/index.php?rest_route=\/wp\/v2\/types\/post"}],"author":[{"embeddable":true,"href":"https:\/\/www.n-news.de\/index.php?rest_route=\/wp\/v2\/users\/2"}],"replies":[{"embeddable":true,"href":"https:\/\/www.n-news.de\/index.php?rest_route=%2Fwp%2Fv2%2Fcomments&post=124099"}],"version-history":[{"count":0,"href":"https:\/\/www.n-news.de\/index.php?rest_route=\/wp\/v2\/posts\/124099\/revisions"}],"wp:featuredmedia":[{"embeddable":true,"href":"https:\/\/www.n-news.de\/index.php?rest_route=\/wp\/v2\/media\/124100"}],"wp:attachment":[{"href":"https:\/\/www.n-news.de\/index.php?rest_route=%2Fwp%2Fv2%2Fmedia&parent=124099"}],"wp:term":[{"taxonomy":"category","embeddable":true,"href":"https:\/\/www.n-news.de\/index.php?rest_route=%2Fwp%2Fv2%2Fcategories&post=124099"},{"taxonomy":"post_tag","embeddable":true,"href":"https:\/\/www.n-news.de\/index.php?rest_route=%2Fwp%2Fv2%2Ftags&post=124099"}],"curies":[{"name":"wp","href":"https:\/\/api.w.org\/{rel}","templated":true}]}}