{"id":124083,"date":"2025-11-12T15:13:11","date_gmt":"2025-11-12T14:13:11","guid":{"rendered":"https:\/\/www.n-news.de\/?p=124083"},"modified":"2025-11-10T11:19:11","modified_gmt":"2025-11-10T10:19:11","slug":"retro-classics-2026-jubilaeumsausgabe-mit-automobilen-meilensteinen-in-stuttgart","status":"publish","type":"post","link":"https:\/\/www.n-news.de\/?p=124083","title":{"rendered":"RETRO CLASSICS\u00ae 2026 \u2013 Jubil\u00e4umsausgabe mit automobilen Meilensteinen in Stuttgart"},"content":{"rendered":"<p>#RETROCLASSICS<\/p>\n<p><strong>Vom 19. bis 22. Februar 2026 \u00f6ffnet die RETRO CLASSICS\u00ae zum 25. Mal ihre Tore in Stuttgart \u2013 und feiert ihr silbernes Jubil\u00e4um mit einer au\u00dfergew\u00f6hnlichen Mischung aus Historie, Leidenschaft und Fahrkultur. Die Messe f\u00fcr Fahrkultur pr\u00e4sentiert zum Jubil\u00e4um eine Vielzahl hochkar\u00e4tiger Sonderschauen, die gleich mehrere automobile Ikonen ehren.<\/strong><\/p>\n<p>Ein besonderes Highlight ist das 50-j\u00e4hrige Jubil\u00e4um der Mercedes-Benz Baureihe W123. Kaum ein Modell pr\u00e4gte das Stra\u00dfenbild der sp\u00e4ten 1970er- und fr\u00fchen 1980er-Jahre so stark wie dieser Klassiker mit Stern. Ob als Limousine, Coup\u00e9, T-Modell oder Taxi \u2013 der W123 gilt bis heute als Inbegriff deutscher Ingenieurskunst, Langlebigkeit und Eleganz. Die Sonderschau zeigt seltene Originalfahrzeuge, besondere Ausstattungsvarianten und liebevoll restaurierte Alltagshelden. Sie erz\u00e4hlt die Geschichte eines Erfolgsmodells, das weltweit zum Symbol f\u00fcr Zuverl\u00e4ssigkeit wurde.<\/p>\n<p>Nicht minder elegant pr\u00e4sentiert sich die Jubil\u00e4umsausstellung 50 Jahre BMW 6er E24. Der 1976 eingef\u00fchrte Grand Tourer verband Luxus, Sportlichkeit und Stil auf einzigartige Weise. Mit seiner charakteristischen Haifischnase und den kraftvollen Reihensechszylindern wurde der E24 zur Ikone bayerischer Fahrkultur. Besucher d\u00fcrfen sich auf exklusive Exponate und faszinierende Einblicke in die Geschichte dieses Designklassikers freuen.<\/p>\n<div id=\"attachment_124084\" style=\"width: 610px\" class=\"wp-caption alignleft\"><img aria-describedby=\"caption-attachment-124084\" loading=\"lazy\" src=\"https:\/\/www.n-news.de\/wp-content\/uploads\/2025\/11\/RC26_Anzeige_quer_02.jpg\" alt=\"\" width=\"600\" height=\"197\" class=\"size-full wp-image-124084\" srcset=\"https:\/\/www.n-news.de\/wp-content\/uploads\/2025\/11\/RC26_Anzeige_quer_02.jpg 600w, https:\/\/www.n-news.de\/wp-content\/uploads\/2025\/11\/RC26_Anzeige_quer_02-300x99.jpg 300w\" sizes=\"(max-width: 600px) 100vw, 600px\" \/><p id=\"caption-attachment-124084\" class=\"wp-caption-text\">Grafik: Veranstalter<\/p><\/div>\n<p>Auch Opel steht gleich doppelt im Rampenlicht: 40 Jahre Opel Omega A und 60 Jahre Opel Rekord C werden geb\u00fchrend gefeiert. Der Omega A \u2013 1987 \u201eAuto des Jahres\u201c \u2013 setzte mit aerodynamischer Linienf\u00fchrung, moderner Technik und hoher Alltagstauglichkeit Ma\u00dfst\u00e4be in der oberen Mittelklasse. Der Rekord C hingegen gilt als stilvolle Ikone der Wirtschaftswunderjahre: Mit seiner markanten \u201eCoke-Bottle-Line\u201c und seiner Vielseitigkeit wurde er zum Sinnbild des automobilen Aufbruchs der 1960er.<\/p>\n<p>Neben den Jubil\u00e4umsschauen bietet die RETRO CLASSICS\u00ae 2026 wieder ein abwechslungsreiches Rahmenprogramm: Die RETRO NIGHT\u00ae am Er\u00f6ffnungs-abend verspricht stilvolle Unterhaltung und Begegnungen unter Gleich-gesinnten. Am Samstag, den 21. Februar lockt die Classicbid Live-Auktion um 15 Uhr mit exklusiven Fahrzeugen. Eine gro\u00dfe Fahrzeugverkaufsb\u00f6rse l\u00e4dt zum St\u00f6bern, Staunen und Handeln ein. <\/p>\n<p>Der Einsteigermarkt bietet zudem besondere Klassiker bis zu 10.000 Euro an \u2013 hier ist f\u00fcr jeden etwas dabei, unabh\u00e4ngig von der Preisklasse. Erg\u00e4nzt wird das Angebot durch den internationalen Teilemarkt, die \u201eAutomania\u201c \u2013 Welt der Modellautos, und viele weitere Attraktionen.<\/p>\n<p>Die RETRO CLASSICS\u00ae 2026 ist damit mehr als eine Messe \u2013 sie ist ein emotionaler R\u00fcckblick auf 125 Jahre Automobilgeschichte und ein Treffpunkt f\u00fcr Enthusiasten, Sammler und Neugierige. Ein Jubil\u00e4um, das man nicht verpassen sollte.<\/p>\n<p>Quelle\/Weitere Informationen: <a href=\"http:\/\/www.retro-classics.de\" rel=\"noopener noreferrer\" target=\"_blank\">www.retro-classics.de<\/a><\/p>\n<div class=\"twoclick_social_bookmarks_post_124083 social_share_privacy clearfix 1.6.4 locale-de_DE sprite-de_DE\"><\/div><div class=\"twoclick-js\"><script type=\"text\/javascript\">\/* <![CDATA[ *\/\njQuery(document).ready(function($){if($('.twoclick_social_bookmarks_post_124083')){$('.twoclick_social_bookmarks_post_124083').socialSharePrivacy({\"services\":{\"facebook\":{\"status\":\"on\",\"txt_info\":\"\",\"perma_option\":\"off\",\"action\":\"like\",\"language\":\"de_DE\"},\"twitter\":{\"reply_to\":\"nnews_de\",\"tweet_text\":\"%20RETRO%20CLASSICS%C2%AE%202026%20%E2%80%93%20Jubil%C3%A4umsausgabe%20mit%20automobilen%20...\",\"status\":\"on\",\"txt_info\":\"\",\"perma_option\":\"off\",\"language\":\"de\",\"referrer_track\":\"\"},\"gplus\":{\"status\":\"on\",\"txt_info\":\"\",\"perma_option\":\"off\",\"referrer_track\":\"\"},\"pinterest\":{\"status\":\"on\",\"the_excerpt\":\"RETRO CLASSICS\\u00ae 2026 \\u2013 Jubil\\u00e4umsausgabe mit automobilen Meilensteinen in Stuttgart &raquo; #RETROCLASSICS\\r\\n\\r\\nVom 19. bis 22. Februar 2026 \\u00f6ffnet die RETRO CL ...\",\"txt_info\":\"\",\"perma_option\":\"off\",\"media\":\"https:\\\/\\\/www.n-news.de\\\/wp-content\\\/uploads\\\/2025\\\/11\\\/RC26_Anzeige_quer_02.jpg\"},\"linkedin\":{\"status\":\"on\",\"txt_info\":\"2 Klicks f\\u00fcr mehr Datenschutz: Erst wenn Sie hier klicken, wird der Button aktiv und Sie k\\u00f6nnen Ihre Empfehlung an LinkedIn senden. Schon beim Aktivieren werden Daten an Dritte \\u00fcbertragen - siehe <em>i<\\\/em>.\",\"perma_option\":\"off\"}},\"txt_help\":\"\",\"settings_perma\":\"\",\"info_link\":\"\",\"uri\":\"https:\\\/\\\/www.n-news.de\\\/?p=124083\",\"post_id\":124083,\"post_title_referrer_track\":\"RETRO+CLASSICS%C2%AE+2026+%E2%80%93+Jubil%C3%A4umsausgabe+mit+automobilen+Meilensteinen+in+Stuttgart\",\"display_infobox\":\"on\"});}});\n\/* ]]> *\/<\/script><\/div>","protected":false},"excerpt":{"rendered":"<p>#RETROCLASSICS Vom 19. bis 22. Februar 2026 \u00f6ffnet die RETRO CLASSICS\u00ae zum 25. Mal ihre Tore in Stuttgart \u2013 und feiert ihr silbernes Jubil\u00e4um mit einer au\u00dfergew\u00f6hnlichen Mischung aus Historie, Leidenschaft und Fahrkultur. Die Messe f\u00fcr Fahrkultur pr\u00e4sentiert zum Jubil\u00e4um eine Vielzahl hochkar\u00e4tiger Sonderschauen, die gleich mehrere automobile Ikonen ehren. Ein besonderes Highlight ist das [&hellip;]<\/p>\n","protected":false},"author":2,"featured_media":124084,"comment_status":"closed","ping_status":"closed","sticky":false,"template":"","format":"standard","meta":[],"categories":[1,65],"tags":[107,98],"_links":{"self":[{"href":"https:\/\/www.n-news.de\/index.php?rest_route=\/wp\/v2\/posts\/124083"}],"collection":[{"href":"https:\/\/www.n-news.de\/index.php?rest_route=\/wp\/v2\/posts"}],"about":[{"href":"https:\/\/www.n-news.de\/index.php?rest_route=\/wp\/v2\/types\/post"}],"author":[{"embeddable":true,"href":"https:\/\/www.n-news.de\/index.php?rest_route=\/wp\/v2\/users\/2"}],"replies":[{"embeddable":true,"href":"https:\/\/www.n-news.de\/index.php?rest_route=%2Fwp%2Fv2%2Fcomments&post=124083"}],"version-history":[{"count":0,"href":"https:\/\/www.n-news.de\/index.php?rest_route=\/wp\/v2\/posts\/124083\/revisions"}],"wp:featuredmedia":[{"embeddable":true,"href":"https:\/\/www.n-news.de\/index.php?rest_route=\/wp\/v2\/media\/124084"}],"wp:attachment":[{"href":"https:\/\/www.n-news.de\/index.php?rest_route=%2Fwp%2Fv2%2Fmedia&parent=124083"}],"wp:term":[{"taxonomy":"category","embeddable":true,"href":"https:\/\/www.n-news.de\/index.php?rest_route=%2Fwp%2Fv2%2Fcategories&post=124083"},{"taxonomy":"post_tag","embeddable":true,"href":"https:\/\/www.n-news.de\/index.php?rest_route=%2Fwp%2Fv2%2Ftags&post=124083"}],"curies":[{"name":"wp","href":"https:\/\/api.w.org\/{rel}","templated":true}]}}