{"id":124016,"date":"2025-11-03T15:35:24","date_gmt":"2025-11-03T14:35:24","guid":{"rendered":"https:\/\/www.n-news.de\/?p=124016"},"modified":"2025-11-01T11:42:30","modified_gmt":"2025-11-01T10:42:30","slug":"kulinart-stuttgart-2025-20-jahre-genuss-und-stil","status":"publish","type":"post","link":"https:\/\/www.n-news.de\/?p=124016","title":{"rendered":"kulinart Stuttgart 2025 \u2013 20 Jahre Genuss und Stil"},"content":{"rendered":"<p>#kulinart<\/p>\n<p>15.\u201316. November 2025 | Phoenixhalle im R\u00f6merkastell, Stuttgart<\/p>\n<p><strong>Die kulinart Stuttgart feiert Geburtstag \u2013 und das mit Stil! Seit 20 Jahren steht die Messe f\u00fcr Genuss, Design und Lebensart f\u00fcr Qualit\u00e4t, Handwerk und Leidenschaft. Zum Jubil\u00e4um verwandelt sich die Phoenixhalle im R\u00f6merkastell am Wochenende vom 15. bis 16. November 2025 erneut in ein Paradies f\u00fcr Genie\u00dferinnen und Genie\u00dfer.<\/strong><\/p>\n<p>Von feiner Feinkost bis zu edlen Weinen, von Designklassikern bis zu neuen Lifestyle-Ideen \u2013 die Jubil\u00e4umsausgabe verspricht ein Fest f\u00fcr alle Sinne. Besucher d\u00fcrfen sich auf langj\u00e4hrige Lieblingsaussteller ebenso freuen wie auf spannende Neuentdeckungen und junge Startups, die frischen Wind in die Genusswelt bringen.<\/p>\n<p>Mit dabei sind bew\u00e4hrte Partner wie Uhl Sch\u00f6ner Leben und KupkaGarten, die mit stilvollen Einrichtungsideen f\u00fcr Haus und Garten inspirieren, sowie das Lift Magazin als treuer Medienpartner. Auch kulinarische Stuttgarter Publikumslieblinge sind wieder vertreten: caviar and more, Ariane Schaub SPICES, LA FATTORIA Stuttgart, das Weingut Johann P. Beyer und viele mehr.<\/p>\n<div id=\"attachment_124017\" style=\"width: 610px\" class=\"wp-caption alignleft\"><img aria-describedby=\"caption-attachment-124017\" loading=\"lazy\" src=\"https:\/\/www.n-news.de\/wp-content\/uploads\/2025\/11\/Pressefoto_kulinart_4.jpg\" alt=\"\" width=\"600\" height=\"401\" class=\"size-full wp-image-124017\" srcset=\"https:\/\/www.n-news.de\/wp-content\/uploads\/2025\/11\/Pressefoto_kulinart_4.jpg 600w, https:\/\/www.n-news.de\/wp-content\/uploads\/2025\/11\/Pressefoto_kulinart_4-300x201.jpg 300w\" sizes=\"(max-width: 600px) 100vw, 600px\" \/><p id=\"caption-attachment-124017\" class=\"wp-caption-text\">kulinart Stuttgart. Fotografin: Katharina Bauer Photography<\/p><\/div>\n<p>Internationale Spezialit\u00e4ten sorgen f\u00fcr kulinarische Reisen durch Europa \u2013 etwa mit italienischen Delikatessen von Oltre L&#8217;Infinito, deren knusprige \u201ePatatas Nana\u201c l\u00e4ngst Kultstatus genie\u00dfen.<\/p>\n<p>Ob Feinkostliebhaber, Designfans oder Neugierige: Die kulinart Stuttgart 2025 l\u00e4dt dazu ein, zu probieren, zu genie\u00dfen und sich inspirieren zu lassen \u2013 ganz im Zeichen des \u201eJubil\u00e4ums des guten Geschmacks\u201c.<\/p>\n<p>Infos:<br \/>\n&#x1f4c5; 15.\u201316. November 2025<br \/>\n&#x1f4cd; Phoenixhalle im R\u00f6merkastell, Stuttgart<br \/>\n&#x1f310; <a href=\"http:\/\/www.kulinart-messe.de\" rel=\"noopener noreferrer\" target=\"_blank\">www.kulinart-messe.de<\/a><\/p>\n<div class=\"twoclick_social_bookmarks_post_124016 social_share_privacy clearfix 1.6.4 locale-de_DE sprite-de_DE\"><\/div><div class=\"twoclick-js\"><script type=\"text\/javascript\">\/* <![CDATA[ *\/\njQuery(document).ready(function($){if($('.twoclick_social_bookmarks_post_124016')){$('.twoclick_social_bookmarks_post_124016').socialSharePrivacy({\"services\":{\"facebook\":{\"status\":\"on\",\"txt_info\":\"\",\"perma_option\":\"off\",\"action\":\"like\",\"language\":\"de_DE\"},\"twitter\":{\"reply_to\":\"nnews_de\",\"tweet_text\":\"kulinart%20Stuttgart%202025%20%E2%80%93%2020%20Jahre%20Genuss%20und%20Stil%20%C2%BB%20N-News.de\",\"status\":\"on\",\"txt_info\":\"\",\"perma_option\":\"off\",\"language\":\"de\",\"referrer_track\":\"\"},\"gplus\":{\"status\":\"on\",\"txt_info\":\"\",\"perma_option\":\"off\",\"referrer_track\":\"\"},\"pinterest\":{\"status\":\"on\",\"the_excerpt\":\"kulinart Stuttgart 2025 \\u2013 20 Jahre Genuss und Stil &raquo; #kulinart\\r\\n\\r\\n15.\\u201316. November 2025 | Phoenixhalle im R\\u00f6merkastell, ...\",\"txt_info\":\"\",\"perma_option\":\"off\",\"media\":\"https:\\\/\\\/www.n-news.de\\\/wp-content\\\/uploads\\\/2025\\\/11\\\/Pressefoto_kulinart_4.jpg\"},\"linkedin\":{\"status\":\"on\",\"txt_info\":\"2 Klicks f\\u00fcr mehr Datenschutz: Erst wenn Sie hier klicken, wird der Button aktiv und Sie k\\u00f6nnen Ihre Empfehlung an LinkedIn senden. Schon beim Aktivieren werden Daten an Dritte \\u00fcbertragen - siehe <em>i<\\\/em>.\",\"perma_option\":\"off\"}},\"txt_help\":\"\",\"settings_perma\":\"\",\"info_link\":\"\",\"uri\":\"https:\\\/\\\/www.n-news.de\\\/?p=124016\",\"post_id\":124016,\"post_title_referrer_track\":\"kulinart+Stuttgart+2025+%E2%80%93+20+Jahre+Genuss+und+Stil\",\"display_infobox\":\"on\"});}});\n\/* ]]> *\/<\/script><\/div>","protected":false},"excerpt":{"rendered":"<p>#kulinart 15.\u201316. November 2025 | Phoenixhalle im R\u00f6merkastell, Stuttgart Die kulinart Stuttgart feiert Geburtstag \u2013 und das mit Stil! Seit 20 Jahren steht die Messe f\u00fcr Genuss, Design und Lebensart f\u00fcr Qualit\u00e4t, Handwerk und Leidenschaft. Zum Jubil\u00e4um verwandelt sich die Phoenixhalle im R\u00f6merkastell am Wochenende vom 15. bis 16. November 2025 erneut in ein Paradies [&hellip;]<\/p>\n","protected":false},"author":2,"featured_media":124017,"comment_status":"closed","ping_status":"closed","sticky":false,"template":"","format":"standard","meta":[],"categories":[1,65,4],"tags":[163],"_links":{"self":[{"href":"https:\/\/www.n-news.de\/index.php?rest_route=\/wp\/v2\/posts\/124016"}],"collection":[{"href":"https:\/\/www.n-news.de\/index.php?rest_route=\/wp\/v2\/posts"}],"about":[{"href":"https:\/\/www.n-news.de\/index.php?rest_route=\/wp\/v2\/types\/post"}],"author":[{"embeddable":true,"href":"https:\/\/www.n-news.de\/index.php?rest_route=\/wp\/v2\/users\/2"}],"replies":[{"embeddable":true,"href":"https:\/\/www.n-news.de\/index.php?rest_route=%2Fwp%2Fv2%2Fcomments&post=124016"}],"version-history":[{"count":0,"href":"https:\/\/www.n-news.de\/index.php?rest_route=\/wp\/v2\/posts\/124016\/revisions"}],"wp:featuredmedia":[{"embeddable":true,"href":"https:\/\/www.n-news.de\/index.php?rest_route=\/wp\/v2\/media\/124017"}],"wp:attachment":[{"href":"https:\/\/www.n-news.de\/index.php?rest_route=%2Fwp%2Fv2%2Fmedia&parent=124016"}],"wp:term":[{"taxonomy":"category","embeddable":true,"href":"https:\/\/www.n-news.de\/index.php?rest_route=%2Fwp%2Fv2%2Fcategories&post=124016"},{"taxonomy":"post_tag","embeddable":true,"href":"https:\/\/www.n-news.de\/index.php?rest_route=%2Fwp%2Fv2%2Ftags&post=124016"}],"curies":[{"name":"wp","href":"https:\/\/api.w.org\/{rel}","templated":true}]}}