{"id":122040,"date":"2026-03-27T15:17:06","date_gmt":"2026-03-27T14:17:06","guid":{"rendered":"https:\/\/www.n-news.de\/?p=122040"},"modified":"2026-02-15T18:04:24","modified_gmt":"2026-02-15T17:04:24","slug":"am-sonntag-werden-die-uhren-vorgestellt-zum-45-mal-geht-es-mit-mini-jetlag-in-die-sommerzeit","status":"publish","type":"post","link":"https:\/\/www.n-news.de\/?p=122040","title":{"rendered":"Am Sonntag werden die Uhren vorgestellt &#8211; Zum 45. Mal geht es mit Mini-Jetlag in die Sommerzeit"},"content":{"rendered":"<p>#Sommerzeit<\/p>\n<p><strong>Am Sonntagmorgen wird die Uhr um eine Stunde vorgestellt. F\u00fcr den K\u00f6rper ist die Umstellung, egal ob im M\u00e4rz oder im Oktober, etwas anstrengend &#8211; f\u00fcr den Geist aber auch. Seit 45 Jahren geht vielen die Umstellung so richtig auf den Zeiger. Und kaum jemand kann sich merken, in welche Richtung die Uhr gestellt wird. Wir haben hilfreiche Tipps, um das Zeitdilemma in den Griff zu bekommen.<\/strong><\/p>\n<p>Jedes Jahr wird die Uhr am letzten Sonntag im M\u00e4rz von 2 Uhr auf 3 Uhr vorgestellt. In diesem Jahr ist es der 30. M\u00e4rz. Dann wird es morgens sp\u00e4ter hell und abends sp\u00e4ter dunkel. Also nicht vergessen: Sommerzeit &#8211; von Samstag auf Sonntag eine Stunde weniger!<\/p>\n<p>Die Uhrenmanipuliererei bringt viele Menschen im Kopf \u201eaus dem Takt\u201c. In welche Richtung man den Zeiger denn nun drehen soll, ist eine allj\u00e4hrliche Herausforderung. Hinzu kommt die Erwartung, dass die gestohlene oder geschenkte Stunde \u201eetwas mit einem macht\u201c. Die Zeitumstellung ist in den K\u00f6pfen \u00fcberwiegend negativ besetzt.<\/p>\n<p>Seit 1980 beginnt die Sommerzeit mit einem Mini-Jetlag. Eine ganzj\u00e4hrige mitteleurop\u00e4ische Zeit (Normalzeit) w\u00e4re f\u00fcr uns biologisch eigentlich ges\u00fcnder, weil sie unserem Tagesrhythmus besser entspricht. Die \u201einnere Uhr\u201c, die den Stoffwechsel und den Schlaf-Wach-Rhythmus steuert, ger\u00e4t durch die Zeitumstellung durcheinander. Der K\u00f6rper braucht oft ein bis zwei Wochen, um sich an die neue Zeit anzupassen.<\/p>\n<p>Man mag die Zeitumstellung auch aus diesen Gr\u00fcnden einfach nicht und wehrt sich innerlich dagegen, weshalb man sich vielleicht auch gar nicht merken will, wie die Uhr gestellt werden soll. Diese Eselsbr\u00fccken k\u00f6nnten dennoch helfen:<\/p>\n<p><strong>Eselsbr\u00fccken zur Zeitumstellung:<\/strong><br \/>\nIm Fr\u00fchling werden die Gartenm\u00f6bel vor die T\u00fcr gestellt, im Herbst stellt man sie wieder zur\u00fcck. Genau diesem Rhythmus folgt auch die Uhr bei der Zeitumstellung. Die Uhrzeit wird immer in Richtung der Jahreszeit Sommer gestellt \u2013 im Fr\u00fchling nach vorne, im Herbst nach hinten. Zeitumstellung funktioniert wie das Thermometer \u2013 im Fr\u00fchjahr plus, im Winter minus.<\/p>\n<div id=\"attachment_122041\" style=\"width: 610px\" class=\"wp-caption alignleft\"><img aria-describedby=\"caption-attachment-122041\" loading=\"lazy\" src=\"https:\/\/www.n-news.de\/wp-content\/uploads\/2025\/03\/20250326_PM_WetterOnSommerzeit_bild.jpg\" alt=\"\" width=\"600\" height=\"300\" class=\"size-full wp-image-122041\" srcset=\"https:\/\/www.n-news.de\/wp-content\/uploads\/2025\/03\/20250326_PM_WetterOnSommerzeit_bild.jpg 600w, https:\/\/www.n-news.de\/wp-content\/uploads\/2025\/03\/20250326_PM_WetterOnSommerzeit_bild-300x150.jpg 300w\" sizes=\"(max-width: 600px) 100vw, 600px\" \/><p id=\"caption-attachment-122041\" class=\"wp-caption-text\">Eine Stunde Schlaf geraubt: Am fr\u00fchen Morgen des 30. M\u00e4rz 2025 werden die Uhren von 2 auf 3 Uhr vorgestellt \u2013 die Nacht wird k\u00fcrzer. Quelle: Shutterstock<\/p><\/div>\n<p>Tipps zur Zeitumstellung:<\/p>\n<p>Jetzt schon eher schlafen gehen: Wer bereits einige Tage vor der Zeitumstellung fr\u00fcher ins Bett geht, ist bereits gut auf die fehlende Stunde vorbereitet. Ein besseres Gef\u00fchl f\u00fcr die helle Jahreszeit bekommt, wer Jalousien und Vorh\u00e4nge nicht verschlie\u00dft. Die Morgensonne hemmt die Produktion des Schlafhormons Melatonin und wird so zum nat\u00fcrlichen Wecker.<\/p>\n<p>Nach der Zeitumstellung ist Bewegung an der frischen Luft f\u00fcr Erwachsene genauso hilfreich wie f\u00fcr Kinder, die mit der Zeitumstellung zu k\u00e4mpfen haben. Pr\u00fcfungen oder Projekte, die viel Konzentration ben\u00f6tigen, sollten m\u00f6glichst nicht auf die Tage nach der Zeitumstellung gelegt werden.<\/p>\n<p><strong>Wird die Zeitumstellung abgeschafft?<\/strong><br \/>\nDer halbj\u00e4hrliche Wechsel ist noch bis Ende 2026 verbindlich geregelt. Bei einer Online-Umfrage der EU-Kommission im Jahr 2018 votierten 84 Prozent der Abstimmungsteilnehmer f\u00fcr die Abschaffung. Im M\u00e4rz 2019 beschloss das EU-Parlament, die Zeitumstellung 2021 aufzugeben. Der Abstimmungsprozess der EU-Mitgliedsstaaten gestaltet sich jedoch schwierig: W\u00e4hrend einige L\u00e4nder eine dauerhafte Sommerzeit bef\u00fcrworten, machen sich andere f\u00fcr die Normalzeit stark.<\/p>\n<div class=\"twoclick_social_bookmarks_post_122040 social_share_privacy clearfix 1.6.4 locale-de_DE sprite-de_DE\"><\/div><div class=\"twoclick-js\"><script type=\"text\/javascript\">\/* <![CDATA[ *\/\njQuery(document).ready(function($){if($('.twoclick_social_bookmarks_post_122040')){$('.twoclick_social_bookmarks_post_122040').socialSharePrivacy({\"services\":{\"facebook\":{\"status\":\"on\",\"txt_info\":\"\",\"perma_option\":\"off\",\"action\":\"like\",\"language\":\"de_DE\"},\"twitter\":{\"reply_to\":\"nnews_de\",\"tweet_text\":\"%20Am%20Sonntag%20werden%20die%20Uhren%20vorgestellt%20%E2%80%93%20Zum%2045.%20Mal%20geht%20es%20...\",\"status\":\"on\",\"txt_info\":\"\",\"perma_option\":\"off\",\"language\":\"de\",\"referrer_track\":\"\"},\"gplus\":{\"status\":\"on\",\"txt_info\":\"\",\"perma_option\":\"off\",\"referrer_track\":\"\"},\"pinterest\":{\"status\":\"on\",\"the_excerpt\":\"Am Sonntag werden die Uhren vorgestellt &#8211; Zum 45. Mal geht es mit Mini-Jetlag in die Sommerzeit &raquo; #Sommerzeit\\r\\n\\r\\nAm Sonntagmorgen wird die Uhr um eine Stunde vorges ...\",\"txt_info\":\"\",\"perma_option\":\"off\",\"media\":\"https:\\\/\\\/www.n-news.de\\\/wp-content\\\/uploads\\\/2025\\\/03\\\/20250326_PM_WetterOnSommerzeit_bild.jpg\"},\"linkedin\":{\"status\":\"on\",\"txt_info\":\"2 Klicks f\\u00fcr mehr Datenschutz: Erst wenn Sie hier klicken, wird der Button aktiv und Sie k\\u00f6nnen Ihre Empfehlung an LinkedIn senden. Schon beim Aktivieren werden Daten an Dritte \\u00fcbertragen - siehe <em>i<\\\/em>.\",\"perma_option\":\"off\"}},\"txt_help\":\"\",\"settings_perma\":\"\",\"info_link\":\"\",\"uri\":\"https:\\\/\\\/www.n-news.de\\\/?p=122040\",\"post_id\":122040,\"post_title_referrer_track\":\"Am+Sonntag+werden+die+Uhren+vorgestellt+%26%238211%3B+Zum+45.+Mal+geht+es+mit+Mini-Jetlag+in+die+Sommerzeit\",\"display_infobox\":\"on\"});}});\n\/* ]]> *\/<\/script><\/div>","protected":false},"excerpt":{"rendered":"<p>#Sommerzeit Am Sonntagmorgen wird die Uhr um eine Stunde vorgestellt. F\u00fcr den K\u00f6rper ist die Umstellung, egal ob im M\u00e4rz oder im Oktober, etwas anstrengend &#8211; f\u00fcr den Geist aber auch. Seit 45 Jahren geht vielen die Umstellung so richtig auf den Zeiger. Und kaum jemand kann sich merken, in welche Richtung die Uhr gestellt [&hellip;]<\/p>\n","protected":false},"author":2,"featured_media":122041,"comment_status":"closed","ping_status":"closed","sticky":false,"template":"","format":"standard","meta":[],"categories":[1,43],"tags":[17],"_links":{"self":[{"href":"https:\/\/www.n-news.de\/index.php?rest_route=\/wp\/v2\/posts\/122040"}],"collection":[{"href":"https:\/\/www.n-news.de\/index.php?rest_route=\/wp\/v2\/posts"}],"about":[{"href":"https:\/\/www.n-news.de\/index.php?rest_route=\/wp\/v2\/types\/post"}],"author":[{"embeddable":true,"href":"https:\/\/www.n-news.de\/index.php?rest_route=\/wp\/v2\/users\/2"}],"replies":[{"embeddable":true,"href":"https:\/\/www.n-news.de\/index.php?rest_route=%2Fwp%2Fv2%2Fcomments&post=122040"}],"version-history":[{"count":1,"href":"https:\/\/www.n-news.de\/index.php?rest_route=\/wp\/v2\/posts\/122040\/revisions"}],"predecessor-version":[{"id":124872,"href":"https:\/\/www.n-news.de\/index.php?rest_route=\/wp\/v2\/posts\/122040\/revisions\/124872"}],"wp:featuredmedia":[{"embeddable":true,"href":"https:\/\/www.n-news.de\/index.php?rest_route=\/wp\/v2\/media\/122041"}],"wp:attachment":[{"href":"https:\/\/www.n-news.de\/index.php?rest_route=%2Fwp%2Fv2%2Fmedia&parent=122040"}],"wp:term":[{"taxonomy":"category","embeddable":true,"href":"https:\/\/www.n-news.de\/index.php?rest_route=%2Fwp%2Fv2%2Fcategories&post=122040"},{"taxonomy":"post_tag","embeddable":true,"href":"https:\/\/www.n-news.de\/index.php?rest_route=%2Fwp%2Fv2%2Ftags&post=122040"}],"curies":[{"name":"wp","href":"https:\/\/api.w.org\/{rel}","templated":true}]}}