{"id":121335,"date":"2026-01-23T15:23:42","date_gmt":"2026-01-23T14:23:42","guid":{"rendered":"https:\/\/www.n-news.de\/?p=121335"},"modified":"2025-12-27T11:42:55","modified_gmt":"2025-12-27T10:42:55","slug":"neue-impulse-fuer-die-erlebnisregion-stuttgart-entdeckungen-vor-der-eigenen-haustuer","status":"publish","type":"post","link":"https:\/\/www.n-news.de\/?p=121335","title":{"rendered":"Neue Impulse f\u00fcr die Erlebnisregion Stuttgart: Entdeckungen vor der eigenen Haust\u00fcr"},"content":{"rendered":"<p>#cmt2025 #stuttgart<\/p>\n<p><strong>Die Regio Stuttgart Marketing- und Tourismus GmbH setzt 2025 unter dem Motto \u201eDein n\u00e4chstes Erlebnis liegt vor deiner Haust\u00fcr\u201c frische Akzente und st\u00e4rkt damit die Attraktivit\u00e4t des Tagestourismus der Region Stuttgart. Die Angebote der Erlebnisregion finden auf der CMT, der weltweit gr\u00f6\u00dften Publikumsmesse f\u00fcr Tourismus und Freizeit, besondere Aufmerksamkeit und werden ab Fr\u00fchjahr 2025 im neuen Haus des Tourismus geb\u00fcndelt.<\/strong><\/p>\n<p>Mit einem Umsatz von 4,2 Milliarden Euro ist der Tagestourismus ein zentraler Wirtschaftsfaktor f\u00fcr die Region Stuttgart, wie der dwif-Tagesreisenmonitor 2023* best\u00e4tigt. Rund 34 Millionen Tagesreisende besuchen j\u00e4hrlich die Erlebnisregion Stuttgart und tragen mit ihren Ausgaben von durchschnittlich 34 Euro pro Besuch zur wirtschaftlichen und sozialen Bedeutung der Tourismusregion Stuttgart bei. W\u00e4hrend die Landkreise vor allem durch Natur- und Freizeitaktivit\u00e4ten punkten, \u00fcberzeugt die Landeshauptstadt mit kulturellen Veranstaltungen, Sehensw\u00fcrdigkeiten und Shopping. Warum Stuttgart und die Region so beliebte Ziele f\u00fcr Tagesausfl\u00fcge sind, wird auf der CMT erlebbar: Am Stand der Region Stuttgart pr\u00e4sentieren \u00fcber 30 Partner zusammen mit der Regio Stuttgart Marketing- und Tourismus GmbH die vielf\u00e4ltigen Facetten der Erlebnisregion.<\/p>\n<p>Ob Wanderungen, Museumsbesuche oder besondere Momente in den zahlreichen Burgen und Schl\u00f6ssern \u2013 unter dem Motto \u201eDein n\u00e4chstes Erlebnis liegt vor deiner Haust\u00fcr\u201c liefert die Regio Stuttgart zahlreiche Anregungen f\u00fcr Ausfl\u00fcge in der Region. Schauspieler J\u00f6rg Pauly, waschechter Schwabe und Gesicht der Aktion, teilt in Videos pers\u00f6nliche und authentische Tipps, die dazu inspirieren, Stuttgart und Umgebung aus neuen Blickwinkeln zu entdecken. Auch die Bewohner:innen der Region k\u00f6nnen aktiv mitwirken: Die Regio Stuttgart l\u00e4dt im Rahmen eines Gewinnspiels auf der CMT dazu ein, pers\u00f6nliche Lieblingsorte und besondere Erlebnisse zu teilen. Die Teilnahme ist sowohl direkt am Stand der Erlebnisregion Stuttgart als auch online m\u00f6glich. Als Anreiz warten attraktive Preise, darunter Abos der Stuttgarter Zeitung, \u00dcbernachtungen im Maritim Hotel Stuttgart und V8 Hotel B\u00f6blingen, Familientickets f\u00fcr das Kesselfestival 2025, eine FINE DINE Box Stuttgart 2025 sowie ErlebnisCards, f\u00fcr weitere spannende Erlebnisse im Jahr 2025. Die sch\u00f6nsten Einsendungen werden anschlie\u00dfend aufbereitet und online sowie auf Social Media pr\u00e4sentiert.<\/p>\n<div id=\"attachment_121336\" style=\"width: 610px\" class=\"wp-caption alignleft\"><img aria-describedby=\"caption-attachment-121336\" loading=\"lazy\" src=\"https:\/\/www.n-news.de\/wp-content\/uploads\/2025\/01\/2025-01-20-16.26.28.jpg\" alt=\"\" width=\"600\" height=\"338\" class=\"size-full wp-image-121336\" srcset=\"https:\/\/www.n-news.de\/wp-content\/uploads\/2025\/01\/2025-01-20-16.26.28.jpg 600w, https:\/\/www.n-news.de\/wp-content\/uploads\/2025\/01\/2025-01-20-16.26.28-300x169.jpg 300w\" sizes=\"(max-width: 600px) 100vw, 600px\" \/><p id=\"caption-attachment-121336\" class=\"wp-caption-text\">Erlebnisregion Stuttgart auf der CMT<\/p><\/div>\n<blockquote><p>\u201eZunehmend richten wir uns mit unseren Aktivit\u00e4ten an die Einheimischen. Wir m\u00f6chten dazu beitragen, dass die zahlreichen touristischen Angebote in der Region im Rahmen von Tagestrips noch h\u00e4ufiger genutzt werden. Auf diese Weise entsteht eine noch gr\u00f6\u00dfere Wertsch\u00e4tzung f\u00fcr das, was diese Region zu bieten hat. Au\u00dferdem verbessert sich damit die Auslastung der Kultur- und Freizeiteinrichtungen sowie unserer Gastronomiebetriebe,\u201c erkl\u00e4rt Armin Dellnitz, Gesch\u00e4ftsf\u00fchrer der Regio Stuttgart Marketing- und Tourismus GmbH.<\/p><\/blockquote>\n<p>Ein weiterer wichtiger Baustein zur St\u00e4rkung des Tagestourismus ist die ErlebnisCard Region Stuttgart, die 2025 bereits in die dritte Runde geht. Mit ihr erhalten Inhaber:innen ein Jahr lang einmalig kostenfreien Eintritt zu \u00fcber 70 Kultur- und Freizeiteinrichtungen, darunter Highlights wie die Wilhelma, die beiden Automobilmuseen, der SWR Fernsehturm und die Mineralb\u00e4der der Region. Die Karte l\u00e4dt ein, die Region das ganze Jahr \u00fcber zu erkunden und immer wieder Neues zu entdecken.<\/p>\n<p>Im August 2025 steht mit dem Erlebniswochenende ein weiteres Highlight bevor. Die B\u00fcrger:innen der Region k\u00f6nnen dabei an zahlreichen Programmen teilnehmen, die von den Kommunen organisiert werden. Von kulturellen Highlights \u00fcber Outdoor-Aktivit\u00e4ten bis hin zu kulinarischen Gen\u00fcssen bietet das Erlebniswochenende vielf\u00e4ltige M\u00f6glichkeiten, ohne lange Anfahrtszeiten einen Tagesurlaub in der Region zu genie\u00dfen.<\/p>\n<p>Ab Fr\u00fchjahr 2025 werden s\u00e4mtliche Angebote der Erlebnisregion dann im neuen Haus des Tourismus am Stuttgarter Marktplatz geb\u00fcndelt. Hier erwartet die Besucher:innen ein Erlebnisbereich mit Impulsen, Informationen und bei Bedarf auch pers\u00f6nlicher Beratung rund um alle Freizeitaktivit\u00e4ten in der Region Stuttgart und ganz Baden-W\u00fcrttemberg. Auch wer Stuttgart noch besser kennenlernen will, ist hier richtig: Der k\u00fcnftige i-Punkt ist Start und Ziel zahlreicher Stadtf\u00fchrungen, auf denen sowohl Besucher:innen als auch Einheimischen die Landeshauptstadt neu entdecken k\u00f6nnen. Eine neue Gastronomie bietet zudem ein au\u00dfergew\u00f6hnliches, regionales Speisen- und Getr\u00e4nkeangebot \u2013 sowohl im Erdgeschoss als auch auf der Dachterrasse mit Blick auf den Marktplatz. <\/p>\n<p>Weitere Informationen: <a href=\"http:\/\/www.erlebnisregion-stuttgart.de\" rel=\"noopener noreferrer\" target=\"_blank\">www.erlebnisregion-stuttgart.de<\/a><\/p>\n<p>*Der dwif-Tagesreisenmonitor erhebt Marktdaten zum Tagestourismus \u00fcber ein deutschlandweites<br \/>\nOnline-Panel.<\/p>\n<p>Quelle: Stuttgart-Marketing GmbH<\/p>\n<div class=\"twoclick_social_bookmarks_post_121335 social_share_privacy clearfix 1.6.4 locale-de_DE sprite-de_DE\"><\/div><div class=\"twoclick-js\"><script type=\"text\/javascript\">\/* <![CDATA[ *\/\njQuery(document).ready(function($){if($('.twoclick_social_bookmarks_post_121335')){$('.twoclick_social_bookmarks_post_121335').socialSharePrivacy({\"services\":{\"facebook\":{\"status\":\"on\",\"txt_info\":\"\",\"perma_option\":\"off\",\"action\":\"like\",\"language\":\"de_DE\"},\"twitter\":{\"reply_to\":\"nnews_de\",\"tweet_text\":\"%20Neue%20Impulse%20f%C3%BCr%20die%20Erlebnisregion%20Stuttgart%3A%20Entdeckungen%20vor%20der%20...\",\"status\":\"on\",\"txt_info\":\"\",\"perma_option\":\"off\",\"language\":\"de\",\"referrer_track\":\"\"},\"gplus\":{\"status\":\"on\",\"txt_info\":\"\",\"perma_option\":\"off\",\"referrer_track\":\"\"},\"pinterest\":{\"status\":\"on\",\"the_excerpt\":\"Neue Impulse f\\u00fcr die Erlebnisregion Stuttgart: Entdeckungen vor der eigenen Haust\\u00fcr &raquo; #cmt2025 #stuttgart\\r\\n\\r\\nDie Regio Stuttgart Marketing- und Tourismu ...\",\"txt_info\":\"\",\"perma_option\":\"off\",\"media\":\"https:\\\/\\\/www.n-news.de\\\/wp-content\\\/uploads\\\/2025\\\/01\\\/2025-01-20-16.26.28.jpg\"},\"linkedin\":{\"status\":\"on\",\"txt_info\":\"2 Klicks f\\u00fcr mehr Datenschutz: Erst wenn Sie hier klicken, wird der Button aktiv und Sie k\\u00f6nnen Ihre Empfehlung an LinkedIn senden. Schon beim Aktivieren werden Daten an Dritte \\u00fcbertragen - siehe <em>i<\\\/em>.\",\"perma_option\":\"off\"}},\"txt_help\":\"\",\"settings_perma\":\"\",\"info_link\":\"\",\"uri\":\"https:\\\/\\\/www.n-news.de\\\/?p=121335\",\"post_id\":121335,\"post_title_referrer_track\":\"Neue+Impulse+f%C3%BCr+die+Erlebnisregion+Stuttgart%3A+Entdeckungen+vor+der+eigenen+Haust%C3%BCr\",\"display_infobox\":\"on\"});}});\n\/* ]]> *\/<\/script><\/div>","protected":false},"excerpt":{"rendered":"<p>#cmt2025 #stuttgart Die Regio Stuttgart Marketing- und Tourismus GmbH setzt 2025 unter dem Motto \u201eDein n\u00e4chstes Erlebnis liegt vor deiner Haust\u00fcr\u201c frische Akzente und st\u00e4rkt damit die Attraktivit\u00e4t des Tagestourismus der Region Stuttgart. Die Angebote der Erlebnisregion finden auf der CMT, der weltweit gr\u00f6\u00dften Publikumsmesse f\u00fcr Tourismus und Freizeit, besondere Aufmerksamkeit und werden ab Fr\u00fchjahr [&hellip;]<\/p>\n","protected":false},"author":2,"featured_media":121336,"comment_status":"closed","ping_status":"closed","sticky":false,"template":"","format":"standard","meta":[],"categories":[1,66,65],"tags":[107],"_links":{"self":[{"href":"https:\/\/www.n-news.de\/index.php?rest_route=\/wp\/v2\/posts\/121335"}],"collection":[{"href":"https:\/\/www.n-news.de\/index.php?rest_route=\/wp\/v2\/posts"}],"about":[{"href":"https:\/\/www.n-news.de\/index.php?rest_route=\/wp\/v2\/types\/post"}],"author":[{"embeddable":true,"href":"https:\/\/www.n-news.de\/index.php?rest_route=\/wp\/v2\/users\/2"}],"replies":[{"embeddable":true,"href":"https:\/\/www.n-news.de\/index.php?rest_route=%2Fwp%2Fv2%2Fcomments&post=121335"}],"version-history":[{"count":1,"href":"https:\/\/www.n-news.de\/index.php?rest_route=\/wp\/v2\/posts\/121335\/revisions"}],"predecessor-version":[{"id":124401,"href":"https:\/\/www.n-news.de\/index.php?rest_route=\/wp\/v2\/posts\/121335\/revisions\/124401"}],"wp:featuredmedia":[{"embeddable":true,"href":"https:\/\/www.n-news.de\/index.php?rest_route=\/wp\/v2\/media\/121336"}],"wp:attachment":[{"href":"https:\/\/www.n-news.de\/index.php?rest_route=%2Fwp%2Fv2%2Fmedia&parent=121335"}],"wp:term":[{"taxonomy":"category","embeddable":true,"href":"https:\/\/www.n-news.de\/index.php?rest_route=%2Fwp%2Fv2%2Fcategories&post=121335"},{"taxonomy":"post_tag","embeddable":true,"href":"https:\/\/www.n-news.de\/index.php?rest_route=%2Fwp%2Fv2%2Ftags&post=121335"}],"curies":[{"name":"wp","href":"https:\/\/api.w.org\/{rel}","templated":true}]}}