{"id":120671,"date":"2025-12-03T11:24:20","date_gmt":"2025-12-03T10:24:20","guid":{"rendered":"https:\/\/www.n-news.de\/?p=120671"},"modified":"2025-12-02T15:07:16","modified_gmt":"2025-12-02T14:07:16","slug":"stimmungsvolle-adventmaerkte-traditionelles-brauchtum-im-gasteinertal","status":"publish","type":"post","link":"https:\/\/www.n-news.de\/?p=120671","title":{"rendered":"Stimmungsvolle Adventm\u00e4rkte &#038; traditionelles Brauchtum im Gasteinertal"},"content":{"rendered":"<p>#Gasteinertal #advent<\/p>\n<p><strong>Am 5. &#038; 6. Dezember ziehen ca. einhundert Passen durch das Tal. Die Tradition wird hier hochgehalten, nach wie vor gehen die Krampusse von Haus zu Haus. Organisierte L\u00e4ufe gibt es keine und die Masken werden traditionell geschnitzt, ohne moderne Einfl\u00fcsse wie LED-Lichter oder Horror-Elemente.<\/strong><\/p>\n<p>in der Adventszeit laden in allen drei Orten des Tals stimmungsvolle Adventm\u00e4rkte zum Verweilen ein, umgeben von weihnachtlichen D\u00fcften und zauberhafter Handwerkskunst. Am 5. und 6. Dezember ziehen \u00fcber 100 Krampus-Passen mit Glockenl\u00e4uten von Haus zu Haus. Beim Ankl\u00f6ckeln stellen kleine Gruppen die Herbergssuche von Maria und Josef nach und sorgen f\u00fcr eine besonders besinnliche Atmosph\u00e4re. Erg\u00e4nzt wird das Adventprogramm durch stimmungsvolle Events wie das Dorfgasteiner Ofenfest und musikalische Highlights.<\/p>\n<div id=\"attachment_120672\" style=\"width: 610px\" class=\"wp-caption alignleft\"><img aria-describedby=\"caption-attachment-120672\" loading=\"lazy\" src=\"https:\/\/www.n-news.de\/wp-content\/uploads\/2024\/11\/Gasteiner-Krampusmasken-c-Gasteinertal-Tourismus-GmbH-Marktl-Photography.jpg\" alt=\"\" width=\"600\" height=\"400\" class=\"size-full wp-image-120672\" srcset=\"https:\/\/www.n-news.de\/wp-content\/uploads\/2024\/11\/Gasteiner-Krampusmasken-c-Gasteinertal-Tourismus-GmbH-Marktl-Photography.jpg 600w, https:\/\/www.n-news.de\/wp-content\/uploads\/2024\/11\/Gasteiner-Krampusmasken-c-Gasteinertal-Tourismus-GmbH-Marktl-Photography-300x200.jpg 300w\" sizes=\"(max-width: 600px) 100vw, 600px\" \/><p id=\"caption-attachment-120672\" class=\"wp-caption-text\">Gasteiner Krampusmasken. Foto &copy; Gasteinertal Tourismus GmbH, Marktl Photography<\/p><\/div>\n<p>Adventmarkt Bad Hofgastein<br \/>\nDer Ortskern erstrahlt in weihnachtlicher Beleuchtung, w\u00e4hrend urige Holzh\u00e4uschen regionale K\u00f6stlichkeiten und Kunsthandwerk anbieten. F\u00fcr musikalische Untermalung sorgen Alphornbl\u00e4ser, Live-Auftritte regionaler K\u00fcnstler und festliche Blasmusikensembles. Pferdeschlittenfahrten durch den verschneiten Kurpark und musikalische Fackelwanderungen machen das Erlebnis im Advent besonders zauberhaft. Jeden Samstag bietet Heidi Huber R\u00e4ucher-Workshops an, bei denen sie ihr Wissen \u00fcber die Naturkr\u00e4fte der Pflanzenwelt weitergibt und das rituelle R\u00e4uchern als fest verwurzelte Tradition in der Weihnachtszeit erlebbar macht.<br \/>\nTermine: 29.11.-22.12. jeweils Fr bis So jeweils von 15:00 bis 20:00 Uhr, (zus\u00e4tzlich 5.12.)<\/p>\n<p>ARTvent Bad Gastein<br \/>\nDer ARTvent-Markt am Kongressplatz verbindet Kunst und Weihnachtstradition zu einem besonderen Adventmarkt. Besucher*innen erwartet kreatives Kunsthandwerk, handgefertigte Produkte und Live-Musik regionaler K\u00fcnstler*innen. F\u00fcr Kinder gibt es ein vielf\u00e4ltiges Kreativprogramm, inklusive der Zaubershow &#8222;Magic Max&#8220; (15.12.). Workshops zur Kr\u00e4uterverarbeitung und weihnachtliche Schmankerl runden das Angebot ab.<br \/>\nTermine: 14.12. &#038; 15.12., 21.12. &#038; 22.12., jeweils von 15:00 bis 20:00 Uhr (samstags) bzw. 14:00 bis 19:00 Uhr (sonntags)<\/p>\n<p>ARTvent-Kalender<br \/>\nDer ARTvent-Kalender in Bad Gastein enth\u00fcllt t\u00e4glich im Dezember ein neues, kunstvoll gestaltetes Fenster in lokalen Betrieben und l\u00e4dt zum gem\u00fctlichen Beisammensein, um die Adventszeit gemeinsam zu genie\u00dfen.<\/p>\n<p>Adventmarkt Dorfgastein<br \/>\nInmitten des malerischen Dorfs l\u00e4dt der Adventmarkt mit Handwerkskunst und regionalen Leckereien wie Speck, K\u00e4se und Pofesen ein. Die adventlichen Kl\u00e4nge der Weisenbl\u00e4ser und das Hirtenspiel der Volksschule sorgen f\u00fcr eine besinnliche Atmosph\u00e4re.<br \/>\nTermin: 14.12., ab 12:00 Uhr<\/p>\n<p>B\u00f6cksteiner Christkindlmarkt<br \/>\nDieser kleine, charmante Markt in Altb\u00f6ckstein bietet ein besonderes Erlebnis mit Kutschenfahrten und selbstgemachten K\u00f6stlichkeiten aus der Region. Der perfekte Ort, um die festliche Stimmung auf sich wirken zu lassen.<br \/>\nTermin: 8.12., ab 14:00 Uhr<\/p>\n<p><strong>Dorfgasteiner Ofenfest &#038; mystische Fackelwanderung<\/strong><br \/>\nZum Ofenfest am 27. Dezember ab 17:00 Uhr genie\u00dft man die weihnachtliche Stimmung und die vielen kulinarischen K\u00f6stlichkeiten, w\u00e4hrend man sich an den vielen gem\u00fctlichen Holz\u00f6fen im Ortszentrum von Dorfgastein w\u00e4rmt. Am 5. Januar 2025 f\u00fchrt eine mystische Fackelwanderung zur letzten Rauhnacht durch verschneite Winterlandschaften in Dorfgastein. Begleitet von Musik und Geschichten \u00fcber die Rauhn\u00e4chte, endet die Wanderung mit einem w\u00e4rmenden Getr\u00e4nk und einer Stallbesichtigung, die Einblicke in das b\u00e4uerliche Leben bietet.<\/p>\n<p><strong>Advent- und Weihnachtskonzerte<\/strong><br \/>\nDie festliche Adventzeit in Gastein wird von einer Vielzahl stimmungsvoller Konzerte begleitet. Dazu geh\u00f6ren das Gasteiner Adventsingen des Chor GastEinKlang  (8.12.) sowie das Benefiz Weihnachtskonzert \u201eJohanns Erben\u201c (20.12.), beide in der Pfarrkirche Bad Hofgastein. Weitere Programmpunkte sind die Weihnachtliche Konzertstunde des Musikum Gastein (22.12.) und die Weihnachtsbl\u00e4ser (24.12.).<\/p>\n<p><strong>Brauchtum im Advent<\/strong><br \/>\nLangj\u00e4hrige Traditionen wie der Krampusbrauch, das Ankl\u00f6ckeln oder das Hirtenspiel geh\u00f6ren in der Vorweihnachtszeit zur kulturellen Identit\u00e4t der Region. G\u00e4ste und Einheimische haben bei verschiedenen Gelegenheiten die M\u00f6glichkeit, dieses Brauchtum mitzuerleben.<\/p>\n<p>Am 5. und 6. Dezember ziehen \u00fcber 100 sogenannte \u201ePassen\u201c \u2013 welche sich aus Nikolaus, Korbtr\u00e4ger, drei bis sieben Krampussen und einem Engel formen \u2013 durch die Stra\u00dfen des Tales. Aus einer mystischen Vergangenheit erwachsen, ist der Gasteiner Brauch einer von wenigen, die besonders urspr\u00fcnglich erhalten geblieben sind. Die \u201eKramperl\u201c ziehen hier noch von Haus zu Haus genauso wie fr\u00fcher. Zum sogenannten Rempeln kommt es, wenn zwei Krampuspassen aufeinandertreffen. Nach der Begr\u00fc\u00dfung der Nikol\u00e4use prallen die Krampusse paarweise mit Wucht gegeneinander, um den anderen zu verdr\u00e4ngen. Anschlie\u00dfend nehmen die Klaubauf ihre Masken ab, begr\u00fc\u00dfen sich und w\u00fcnschen sich ein gutes Weitergehen.Weitere ausf\u00fchrliche Informationen zur historischen Bedeutung finden Sie hier. Weitere Presseinformationen zum Brauch finden Sie hier: https:\/\/presse.gastein.com\/news-der-gasteiner-klaubauf-eine-mystische-figur?id=96911&#038;menueid=18789&#038;l=deutsch<\/p>\n<p>Die Anklopfn\u00e4chte sind jene N\u00e4chte vor Weihnachten, welche die Herbergssuche von Josef und Maria vor der Geburt Jesu darstellen. Kleine Gruppen, verkleidet als Maria &#038; Josef, dem Wirt und zwei bis drei Hirten, ziehen von Haus zu Haus und stellen die Suche nach. In Bad Hofgastein wird die Tradition der Ankl\u00f6ckler am 8.12. um 17 Uhr 30 im Rahmen des Adventmarktes dargeboten. Das traditionelle Hirtenspiel k\u00f6nnen Interessierte im Rahmen des Dorfgasteiner Adventmarktes erleben.<\/p>\n<p>Weitere Informationen zum Advent-Programm finden Interessierte hier: <a href=\"https:\/\/www.gastein.com\/events\/winter\/advent\/\" rel=\"noopener noreferrer\" target=\"_blank\">https:\/\/www.gastein.com\/events\/winter\/advent\/<\/a><\/p>\n<div class=\"twoclick_social_bookmarks_post_120671 social_share_privacy clearfix 1.6.4 locale-de_DE sprite-de_DE\"><\/div><div class=\"twoclick-js\"><script type=\"text\/javascript\">\/* <![CDATA[ *\/\njQuery(document).ready(function($){if($('.twoclick_social_bookmarks_post_120671')){$('.twoclick_social_bookmarks_post_120671').socialSharePrivacy({\"services\":{\"facebook\":{\"status\":\"on\",\"txt_info\":\"\",\"perma_option\":\"off\",\"action\":\"like\",\"language\":\"de_DE\"},\"twitter\":{\"reply_to\":\"nnews_de\",\"tweet_text\":\"%20Stimmungsvolle%20Adventm%C3%A4rkte%20%26%20traditionelles%20Brauchtum%20im%20Gasteinertal%20...\",\"status\":\"on\",\"txt_info\":\"\",\"perma_option\":\"off\",\"language\":\"de\",\"referrer_track\":\"\"},\"gplus\":{\"status\":\"on\",\"txt_info\":\"\",\"perma_option\":\"off\",\"referrer_track\":\"\"},\"pinterest\":{\"status\":\"on\",\"the_excerpt\":\"Stimmungsvolle Adventm\\u00e4rkte &#038; traditionelles Brauchtum im Gasteinertal &raquo; #Gasteinertal #advent\\r\\n\\r\\nAm 5. & 6. Dezember ziehen ca. einhundert ...\",\"txt_info\":\"\",\"perma_option\":\"off\",\"media\":\"https:\\\/\\\/www.n-news.de\\\/wp-content\\\/uploads\\\/2024\\\/11\\\/Gasteiner-Krampusmasken-c-Gasteinertal-Tourismus-GmbH-Marktl-Photography.jpg\"},\"linkedin\":{\"status\":\"on\",\"txt_info\":\"2 Klicks f\\u00fcr mehr Datenschutz: Erst wenn Sie hier klicken, wird der Button aktiv und Sie k\\u00f6nnen Ihre Empfehlung an LinkedIn senden. Schon beim Aktivieren werden Daten an Dritte \\u00fcbertragen - siehe <em>i<\\\/em>.\",\"perma_option\":\"off\"}},\"txt_help\":\"\",\"settings_perma\":\"\",\"info_link\":\"\",\"uri\":\"https:\\\/\\\/www.n-news.de\\\/?p=120671\",\"post_id\":120671,\"post_title_referrer_track\":\"Stimmungsvolle+Adventm%C3%A4rkte+%26%23038%3B+traditionelles+Brauchtum+im+Gasteinertal\",\"display_infobox\":\"on\"});}});\n\/* ]]> *\/<\/script><\/div>","protected":false},"excerpt":{"rendered":"<p>#Gasteinertal #advent Am 5. &#038; 6. Dezember ziehen ca. einhundert Passen durch das Tal. Die Tradition wird hier hochgehalten, nach wie vor gehen die Krampusse von Haus zu Haus. Organisierte L\u00e4ufe gibt es keine und die Masken werden traditionell geschnitzt, ohne moderne Einfl\u00fcsse wie LED-Lichter oder Horror-Elemente. in der Adventszeit laden in allen drei Orten [&hellip;]<\/p>\n","protected":false},"author":2,"featured_media":120672,"comment_status":"closed","ping_status":"closed","sticky":false,"template":"","format":"standard","meta":[],"categories":[1,65],"tags":[175,156],"_links":{"self":[{"href":"https:\/\/www.n-news.de\/index.php?rest_route=\/wp\/v2\/posts\/120671"}],"collection":[{"href":"https:\/\/www.n-news.de\/index.php?rest_route=\/wp\/v2\/posts"}],"about":[{"href":"https:\/\/www.n-news.de\/index.php?rest_route=\/wp\/v2\/types\/post"}],"author":[{"embeddable":true,"href":"https:\/\/www.n-news.de\/index.php?rest_route=\/wp\/v2\/users\/2"}],"replies":[{"embeddable":true,"href":"https:\/\/www.n-news.de\/index.php?rest_route=%2Fwp%2Fv2%2Fcomments&post=120671"}],"version-history":[{"count":0,"href":"https:\/\/www.n-news.de\/index.php?rest_route=\/wp\/v2\/posts\/120671\/revisions"}],"wp:featuredmedia":[{"embeddable":true,"href":"https:\/\/www.n-news.de\/index.php?rest_route=\/wp\/v2\/media\/120672"}],"wp:attachment":[{"href":"https:\/\/www.n-news.de\/index.php?rest_route=%2Fwp%2Fv2%2Fmedia&parent=120671"}],"wp:term":[{"taxonomy":"category","embeddable":true,"href":"https:\/\/www.n-news.de\/index.php?rest_route=%2Fwp%2Fv2%2Fcategories&post=120671"},{"taxonomy":"post_tag","embeddable":true,"href":"https:\/\/www.n-news.de\/index.php?rest_route=%2Fwp%2Fv2%2Ftags&post=120671"}],"curies":[{"name":"wp","href":"https:\/\/api.w.org\/{rel}","templated":true}]}}