{"id":120109,"date":"2024-12-04T16:49:46","date_gmt":"2024-12-04T15:49:46","guid":{"rendered":"https:\/\/www.n-news.de\/?p=120109"},"modified":"2025-10-13T11:09:56","modified_gmt":"2025-10-13T09:09:56","slug":"stuttgart-bereitet-sich-auf-ein-unvergessliches-festival-vor-jazzopen-2025-das-jahr-der-premieren","status":"publish","type":"post","link":"https:\/\/www.n-news.de\/?p=120109","title":{"rendered":"Stuttgart bereitet sich auf ein unvergessliches Festival vor: jazzopen 2025 \u2013 das Jahr der Premieren"},"content":{"rendered":"<p>#jazzopenstuttgart #jazzopen<\/p>\n<p><strong>STUTTGART \u2013 Sommerabende auf dem Schlossplatz, Musiklegenden und Premieren: Die jazzopen Stuttgart 2025 versprechen vom 2. bis 13. Juli ein musikalisches Feuerwerk, das selbst die k\u00fchnsten Erwartungen \u00fcbertreffen d\u00fcrfte. Es ist ein Festivalprogramm, das in seiner Vielfalt und Strahlkraft neue Ma\u00dfst\u00e4be setzt und internationale Stars auf Stuttgarts gr\u00f6\u00dfte B\u00fchne bringt.<\/strong><\/p>\n<p>Mit einem der vielen H\u00f6hepunkte wird schon der Auftakt auf dem Schlossplatz gesetzt: Multitalent Jacob Collier und die britische S\u00e4ngerin RAYE teilen sich am 7. Juli die B\u00fchne. Die beiden bringen ihre ganz eigene Magie mit, und w\u00e4hrend Collier das Publikum mit seinen genre\u00fcbergreifenden Kompositionen und spektakul\u00e4ren Harmonien in Staunen versetzen wird, sorgt RAYE mit ihrer souligen Stimme und einer mitrei\u00dfenden B\u00fchnenpr\u00e4senz f\u00fcr emotionale Tiefe. Die beiden K\u00fcnstler stehen f\u00fcr die Zukunft des Jazz und R&#038;B und versprechen einen Auftakt voller Energie und k\u00fcnstlerischer Vielfalt.<\/p>\n<p><div id=\"attachment_120111\" style=\"width: 393px\" class=\"wp-caption alignleft\"><img aria-describedby=\"caption-attachment-120111\" loading=\"lazy\" src=\"https:\/\/www.n-news.de\/wp-content\/uploads\/2024\/11\/KM_LCA_Melvin_4250-v4-Lead-Press-Shot.jpg\" alt=\"\" width=\"383\" height=\"600\" class=\"size-full wp-image-120111\" srcset=\"https:\/\/www.n-news.de\/wp-content\/uploads\/2024\/11\/KM_LCA_Melvin_4250-v4-Lead-Press-Shot.jpg 383w, https:\/\/www.n-news.de\/wp-content\/uploads\/2024\/11\/KM_LCA_Melvin_4250-v4-Lead-Press-Shot-192x300.jpg 192w\" sizes=\"(max-width: 383px) 100vw, 383px\" \/><p id=\"caption-attachment-120111\" class=\"wp-caption-text\">Kylie Minogue. Foto LCA Melvin Lead Press Shot<\/p><\/div>Am 9. Juli folgt ein weiterer H\u00f6hepunkt mit Kylie Minogue, die sich nicht nur als Pop-Ikone, sondern auch als leidenschaftliche K\u00fcnstlerin neu definiert hat. Ihre Fans d\u00fcrfen sich auf neue Songs und unvergessliche Klassiker freuen. Wer sie live erlebt, sieht nicht nur die S\u00e4ngerin, sondern auch die starke Pers\u00f6nlichkeit, die sich nie hat beirren lassen und mit jedem Album eine neue Seite ihrer musikalischen Pers\u00f6nlichkeit zeigt.<\/p>\n<p>Ein besonderes Schmankerl f\u00fcr Blues-Fans folgt am 10. Juli, wenn Joe Bonamassa und Kenny Wayne Shepherd die B\u00fchne betreten. Sie sind mehr als nur Musiker \u2013 sie sind leidenschaftliche Gitarristen, die ihre Instrumente beherrschen wie kaum jemand sonst. Die beiden Freunde und Musiker verbindet eine langj\u00e4hrige Freundschaft und Liebe zur Musik, die sich im Zusammenspiel auf der B\u00fchne widerspiegelt. Hier d\u00fcrfen sich die Zuschauer auf ein Konzert voller \u00dcberraschungen freuen.<\/p>\n<p>Am 11. Juli betritt ein Vision\u00e4r die B\u00fchne: Jean-Michel Jarre, der Meister der elektronischen Musik. Bekannt f\u00fcr seine gigantischen Shows und elektrisierenden Kl\u00e4nge, schafft er es, die Grenze zwischen Musik und Magie aufzul\u00f6sen. Er gibt bei den jazzopen sein einziges Deutschland-Konzert 2025 und wird mit Synthesizern, visuellen Effekten und seiner unverwechselbaren Klangkunst eine unvergessliche Atmosph\u00e4re schaffen, die tief unter die Haut geht.<\/p>\n<p>Mit der italienischen Nacht am 12. Juli, gestaltet von Zucchero und Mario Biondi, bekommt Stuttgart einen Hauch von Dolce Vita. Die beiden italienischen Musikgr\u00f6\u00dfen bringen Blues und Soul in seiner feinsten italienischen Auspr\u00e4gung auf die B\u00fchne und lassen das Publikum f\u00fcr einen Abend ins Herz Italiens reisen.<\/p>\n<p>Zum kr\u00f6nenden Abschluss der jazzopen betritt am 13. Juli Lionel Richie die B\u00fchne und bringt das Beste seiner langen Karriere mit nach Stuttgart. Hits wie \u201eHello\u201c, \u201eAll Night Long\u201c und \u201eWe Are the World\u201c werden \u00fcber den Schlossplatz schallen und das Publikum in eine Zeit versetzen, in der Musik ein Sprachrohr f\u00fcr Frieden und Einheit war und immer noch ist.<\/p>\n<p>Die jazzopen 2025 \u2013 das ist mehr als nur ein Festival. Es ist eine Hommage an die Musik, die Menschen verbindet, inspiriert und bewegt. Ab dem 30. Oktober beginnt der Vorverkauf, und die Vorfreude w\u00e4chst. Stuttgart darf sich auf unvergessliche Sommerabende und eine musikalische Reise freuen, die Stadt und Menschen gleicherma\u00dfen in ihren Bann ziehen wird.<\/p>\n<p>Mehr Infos: <a href=\"https:\/\/www.jazzopen.com\/\" rel=\"noopener noreferrer\" target=\"_blank\">https:\/\/www.jazzopen.com\/<\/a><\/p>\n<div class=\"twoclick_social_bookmarks_post_120109 social_share_privacy clearfix 1.6.4 locale-de_DE sprite-de_DE\"><\/div><div class=\"twoclick-js\"><script type=\"text\/javascript\">\/* <![CDATA[ *\/\njQuery(document).ready(function($){if($('.twoclick_social_bookmarks_post_120109')){$('.twoclick_social_bookmarks_post_120109').socialSharePrivacy({\"services\":{\"facebook\":{\"status\":\"on\",\"txt_info\":\"\",\"perma_option\":\"off\",\"action\":\"like\",\"language\":\"de_DE\"},\"twitter\":{\"reply_to\":\"nnews_de\",\"tweet_text\":\"%20Stuttgart%20bereitet%20sich%20auf%20ein%20unvergessliches%20Festival%20vor%3A%20jazzopen%20...\",\"status\":\"on\",\"txt_info\":\"\",\"perma_option\":\"off\",\"language\":\"de\",\"referrer_track\":\"\"},\"gplus\":{\"status\":\"on\",\"txt_info\":\"\",\"perma_option\":\"off\",\"referrer_track\":\"\"},\"pinterest\":{\"status\":\"on\",\"the_excerpt\":\"Stuttgart bereitet sich auf ein unvergessliches Festival vor: jazzopen 2025 \\u2013 das Jahr der Premieren &raquo; #jazzopenstuttgart #jazzopen\\n\\nSTUTTGART \\u2013 Sommerabende auf dem Sch ...\",\"txt_info\":\"\",\"perma_option\":\"off\",\"media\":\"https:\\\/\\\/www.n-news.de\\\/wp-content\\\/uploads\\\/2021\\\/09\\\/DS708372cp.jpg\"},\"linkedin\":{\"status\":\"on\",\"txt_info\":\"2 Klicks f\\u00fcr mehr Datenschutz: Erst wenn Sie hier klicken, wird der Button aktiv und Sie k\\u00f6nnen Ihre Empfehlung an LinkedIn senden. Schon beim Aktivieren werden Daten an Dritte \\u00fcbertragen - siehe <em>i<\\\/em>.\",\"perma_option\":\"off\"}},\"txt_help\":\"\",\"settings_perma\":\"\",\"info_link\":\"\",\"uri\":\"https:\\\/\\\/www.n-news.de\\\/?p=120109\",\"post_id\":120109,\"post_title_referrer_track\":\"Stuttgart+bereitet+sich+auf+ein+unvergessliches+Festival+vor%3A+jazzopen+2025+%E2%80%93+das+Jahr+der+Premieren\",\"display_infobox\":\"on\"});}});\n\/* ]]> *\/<\/script><\/div>","protected":false},"excerpt":{"rendered":"<p>#jazzopenstuttgart #jazzopen STUTTGART \u2013 Sommerabende auf dem Schlossplatz, Musiklegenden und Premieren: Die jazzopen Stuttgart 2025 versprechen vom 2. bis 13. Juli ein musikalisches Feuerwerk, das selbst die k\u00fchnsten Erwartungen \u00fcbertreffen d\u00fcrfte. Es ist ein Festivalprogramm, das in seiner Vielfalt und Strahlkraft neue Ma\u00dfst\u00e4be setzt und internationale Stars auf Stuttgarts gr\u00f6\u00dfte B\u00fchne bringt. Mit einem der [&hellip;]<\/p>\n","protected":false},"author":2,"featured_media":104521,"comment_status":"closed","ping_status":"closed","sticky":false,"template":"","format":"standard","meta":[],"categories":[1,65],"tags":[75,76,350],"_links":{"self":[{"href":"https:\/\/www.n-news.de\/index.php?rest_route=\/wp\/v2\/posts\/120109"}],"collection":[{"href":"https:\/\/www.n-news.de\/index.php?rest_route=\/wp\/v2\/posts"}],"about":[{"href":"https:\/\/www.n-news.de\/index.php?rest_route=\/wp\/v2\/types\/post"}],"author":[{"embeddable":true,"href":"https:\/\/www.n-news.de\/index.php?rest_route=\/wp\/v2\/users\/2"}],"replies":[{"embeddable":true,"href":"https:\/\/www.n-news.de\/index.php?rest_route=%2Fwp%2Fv2%2Fcomments&post=120109"}],"version-history":[{"count":0,"href":"https:\/\/www.n-news.de\/index.php?rest_route=\/wp\/v2\/posts\/120109\/revisions"}],"wp:featuredmedia":[{"embeddable":true,"href":"https:\/\/www.n-news.de\/index.php?rest_route=\/wp\/v2\/media\/104521"}],"wp:attachment":[{"href":"https:\/\/www.n-news.de\/index.php?rest_route=%2Fwp%2Fv2%2Fmedia&parent=120109"}],"wp:term":[{"taxonomy":"category","embeddable":true,"href":"https:\/\/www.n-news.de\/index.php?rest_route=%2Fwp%2Fv2%2Fcategories&post=120109"},{"taxonomy":"post_tag","embeddable":true,"href":"https:\/\/www.n-news.de\/index.php?rest_route=%2Fwp%2Fv2%2Ftags&post=120109"}],"curies":[{"name":"wp","href":"https:\/\/api.w.org\/{rel}","templated":true}]}}