{"id":119990,"date":"2024-12-23T06:36:20","date_gmt":"2024-12-23T05:36:20","guid":{"rendered":"https:\/\/www.n-news.de\/?p=119990"},"modified":"2025-08-31T17:15:40","modified_gmt":"2025-08-31T15:15:40","slug":"die-bix-beiderbecke-stiftung-startet-mit-grossen-plaenen","status":"publish","type":"post","link":"https:\/\/www.n-news.de\/?p=119990","title":{"rendered":"Die Bix Beiderbecke Stiftung startet mit gro\u00dfen Pl\u00e4nen"},"content":{"rendered":"<p>#bixjazzclub #BixBeiderbeckeStiftung<\/p>\n<p><strong>Am gestrigen Dienstag wurde im BIX Jazzclub die neue Bix Beiderbecke Stiftung offiziell vorgestellt. Die Stiftung soll nicht nur als finanzielles Sicherheitsnetz f\u00fcr den beliebten Jazzclub dienen, sondern plant auch eigene Projekte zur F\u00f6rderung der Jazzmusik. Bereits im kommenden Monat startet das Projekt \u201eJazz f\u00fcr Kinder\u201c, das zuk\u00fcnftig monatlich Familien und insbesondere Kindern auf spielerische Weise Jazzmusik n\u00e4herbringen m\u00f6chte.<\/strong><\/p>\n<p>Bei der ersten Pressekonferenz im BIX Jazzclub informierten die Vorstandsmitglieder der Stiftung \u00fcber ihre Arbeit und stellten die geplanten Aktivit\u00e4ten vor. Ziel der Stiftung ist es, die Jazzmusik als wichtigen Bestandteil der Kultur auch f\u00fcr j\u00fcngere Generationen zug\u00e4nglich zu machen und das Bewusstsein f\u00fcr diese Musikrichtung zu f\u00f6rdern. Besonders \u201eJazz f\u00fcr Kinder\u201c soll Familien begeistern und ihnen den Zugang zur Welt des Jazz erleichtern. Der BIX Jazzclub freut sich bereits auf die ersten Veranstaltungen und hofft, dass die Stiftung einen wichtigen Beitrag zur F\u00f6rderung des Jazz in der Region leisten wird.<\/p>\n<div id=\"attachment_119994\" style=\"width: 610px\" class=\"wp-caption alignleft\"><img aria-describedby=\"caption-attachment-119994\" loading=\"lazy\" src=\"https:\/\/www.n-news.de\/wp-content\/uploads\/2024\/10\/DS303327_Radiant.jpg\" alt=\"\" width=\"600\" height=\"400\" class=\"size-full wp-image-119994\" srcset=\"https:\/\/www.n-news.de\/wp-content\/uploads\/2024\/10\/DS303327_Radiant.jpg 600w, https:\/\/www.n-news.de\/wp-content\/uploads\/2024\/10\/DS303327_Radiant-300x200.jpg 300w\" sizes=\"(max-width: 600px) 100vw, 600px\" \/><p id=\"caption-attachment-119994\" class=\"wp-caption-text\">Bei der Pressekonferenz der Bix Beiderbecke Stiftung im BIX-Jazzclub (v.l.n.r.): Helmut Lohrmann (Stiftungsvorstand), Dr.-Ing. E. h. Peter Leibinger (Vorsitzender) und J\u00fcrgen Schlensog (Stellvertretender Vorsitzender)<\/p><\/div>\n<p><strong>Die Bix Beiderbecke Stiftung<\/strong><br \/>\nDie im Mai 2022 w\u00e4hrend der Corona-Pandemie ins Leben gerufene Bix Beiderbecke Stiftung verfolgt das Ziel, den Jazz zu f\u00f6rdern und einem breiten Publikum zug\u00e4nglich zu machen. In enger Kooperation mit dem Stuttgarter BIX Jazzclub setzen sich die Stiftungsmitglieder daf\u00fcr ein, die Vielfalt und Ausdrucksst\u00e4rke des Jazz zu bewahren. Mit verschiedenen Initiativen unterst\u00fctzt die Stiftung nicht nur junge Talente, sondern schafft auch neue Plattformen f\u00fcr Jazz-Erlebnisse in der Region. Jazzbegeisterte sind eingeladen, sich der Stiftung anzuschlie\u00dfen und so aktiv zum Erhalt dieser Musikkultur beizutragen.<\/p>\n<p><img src=\"https:\/\/www.n-news.de\/wp-content\/uploads\/2024\/10\/BIX-Beiderbecke-Stiftung.jpg\" alt=\"Jazz f\u00fcr Kinder\" \/><br \/>\nSchlagzeugensemble zur Versteigerung | Plakat &#8222;Jazz f\u00fcr Kinder&#8220;<\/p>\n<p><strong>Jazz f\u00fcr Kinder<\/strong><br \/>\nAm Sonntag, den 17. November 2024, l\u00e4dt der BIX Jazzclub kleine und gro\u00dfe Musikfreunde zu einem besonderen Erlebnis ein: \u201eJazz f\u00fcr Kinder\u201c. Dieses mitrei\u00dfende Konzert richtet sich an Kinder ab drei Jahren und ihre Familien und wird von Prof. Mini Schulz und dem neu gegr\u00fcndeten Ensemble der Hochschule f\u00fcr Musik und Darstellende Kunst Stuttgart (HMDK) geleitet. Ohne Vorkenntnisse k\u00f6nnen die jungen G\u00e4ste in die faszinierende Welt des Jazz eintauchen. Mit schwungvollen Rhythmen, kindgerechten Jazz-Interpretationen und fantasievollen Darbietungen wird eine lebendige und fr\u00f6hliche Atmosph\u00e4re geschaffen, die sowohl die Kleinen als auch die Erwachsenen begeistert.<\/p>\n<p><strong>Versteigerungserl\u00f6s kommt dem BIX Jazzclub zu Gute<\/strong><br \/>\nEin aktuelles Schlagzeugset &#8222;Yamaha Absolute Hybrid Maple Set VN 20\/10\/12\/14&#8220; wurde dem BIX Jazzclub von der Stiftung bereitgestellt. Das bisher vorhandene Ensemble (siehe Foto mit unserem Redakteur) &#8211; auf dem auch einige in der Jazzwelt bekannte Namen spielten &#8211; wird versteigert. Den Erl\u00f6s erh\u00e4lt ebenfalls der BIX Jazzclub.<\/p>\n<p>Links:<br \/>\nBix Beiderbecke Stiftung <a href=\"https:\/\/bix-stiftung.de\/\" rel=\"noopener noreferrer\" target=\"_blank\">https:\/\/bix-stiftung.de\/<\/a><br \/>\nBIX Jazzclub <a href=\"https:\/\/www.bix-stuttgart.de\/\" rel=\"noopener noreferrer\" target=\"_blank\">https:\/\/www.bix-stuttgart.de\/<\/a><\/p>\n<p><img src=\"https:\/\/www.n-news.de\/wp-content\/uploads\/2024\/10\/BIX_Mikro_600.jpg\" alt=\"BIX Mikro\" \/><\/p>\n<div class=\"twoclick_social_bookmarks_post_119990 social_share_privacy clearfix 1.6.4 locale-de_DE sprite-de_DE\"><\/div><div class=\"twoclick-js\"><script type=\"text\/javascript\">\/* <![CDATA[ *\/\njQuery(document).ready(function($){if($('.twoclick_social_bookmarks_post_119990')){$('.twoclick_social_bookmarks_post_119990').socialSharePrivacy({\"services\":{\"facebook\":{\"status\":\"on\",\"txt_info\":\"\",\"perma_option\":\"off\",\"action\":\"like\",\"language\":\"de_DE\"},\"twitter\":{\"reply_to\":\"nnews_de\",\"tweet_text\":\"%20Die%20Bix%20Beiderbecke%20Stiftung%20startet%20mit%20gro%C3%9Fen%20Pl%C3%A4nen%20%C2%BB%20...\",\"status\":\"on\",\"txt_info\":\"\",\"perma_option\":\"off\",\"language\":\"de\",\"referrer_track\":\"\"},\"gplus\":{\"status\":\"on\",\"txt_info\":\"\",\"perma_option\":\"off\",\"referrer_track\":\"\"},\"pinterest\":{\"status\":\"on\",\"the_excerpt\":\"Die Bix Beiderbecke Stiftung startet mit gro\\u00dfen Pl\\u00e4nen &raquo; #bixjazzclub #BixBeiderbeckeStiftung\\r\\n\\r\\nAm gestrigen Dienstag wurd ...\",\"txt_info\":\"\",\"perma_option\":\"off\",\"media\":\"https:\\\/\\\/www.n-news.de\\\/wp-content\\\/uploads\\\/2024\\\/10\\\/DS303327_Radiant.jpg\"},\"linkedin\":{\"status\":\"on\",\"txt_info\":\"2 Klicks f\\u00fcr mehr Datenschutz: Erst wenn Sie hier klicken, wird der Button aktiv und Sie k\\u00f6nnen Ihre Empfehlung an LinkedIn senden. Schon beim Aktivieren werden Daten an Dritte \\u00fcbertragen - siehe <em>i<\\\/em>.\",\"perma_option\":\"off\"}},\"txt_help\":\"\",\"settings_perma\":\"\",\"info_link\":\"\",\"uri\":\"https:\\\/\\\/www.n-news.de\\\/?p=119990\",\"post_id\":119990,\"post_title_referrer_track\":\"Die+Bix+Beiderbecke+Stiftung+startet+mit+gro%C3%9Fen+Pl%C3%A4nen\",\"display_infobox\":\"on\"});}});\n\/* ]]> *\/<\/script><\/div>","protected":false},"excerpt":{"rendered":"<p>#bixjazzclub #BixBeiderbeckeStiftung Am gestrigen Dienstag wurde im BIX Jazzclub die neue Bix Beiderbecke Stiftung offiziell vorgestellt. Die Stiftung soll nicht nur als finanzielles Sicherheitsnetz f\u00fcr den beliebten Jazzclub dienen, sondern plant auch eigene Projekte zur F\u00f6rderung der Jazzmusik. Bereits im kommenden Monat startet das Projekt \u201eJazz f\u00fcr Kinder\u201c, das zuk\u00fcnftig monatlich Familien und insbesondere Kindern [&hellip;]<\/p>\n","protected":false},"author":2,"featured_media":119994,"comment_status":"closed","ping_status":"closed","sticky":false,"template":"","format":"standard","meta":[],"categories":[1,65],"tags":[363],"_links":{"self":[{"href":"https:\/\/www.n-news.de\/index.php?rest_route=\/wp\/v2\/posts\/119990"}],"collection":[{"href":"https:\/\/www.n-news.de\/index.php?rest_route=\/wp\/v2\/posts"}],"about":[{"href":"https:\/\/www.n-news.de\/index.php?rest_route=\/wp\/v2\/types\/post"}],"author":[{"embeddable":true,"href":"https:\/\/www.n-news.de\/index.php?rest_route=\/wp\/v2\/users\/2"}],"replies":[{"embeddable":true,"href":"https:\/\/www.n-news.de\/index.php?rest_route=%2Fwp%2Fv2%2Fcomments&post=119990"}],"version-history":[{"count":0,"href":"https:\/\/www.n-news.de\/index.php?rest_route=\/wp\/v2\/posts\/119990\/revisions"}],"wp:featuredmedia":[{"embeddable":true,"href":"https:\/\/www.n-news.de\/index.php?rest_route=\/wp\/v2\/media\/119994"}],"wp:attachment":[{"href":"https:\/\/www.n-news.de\/index.php?rest_route=%2Fwp%2Fv2%2Fmedia&parent=119990"}],"wp:term":[{"taxonomy":"category","embeddable":true,"href":"https:\/\/www.n-news.de\/index.php?rest_route=%2Fwp%2Fv2%2Fcategories&post=119990"},{"taxonomy":"post_tag","embeddable":true,"href":"https:\/\/www.n-news.de\/index.php?rest_route=%2Fwp%2Fv2%2Ftags&post=119990"}],"curies":[{"name":"wp","href":"https:\/\/api.w.org\/{rel}","templated":true}]}}