{"id":117624,"date":"2026-03-29T13:33:54","date_gmt":"2026-03-29T11:33:54","guid":{"rendered":"https:\/\/www.n-news.de\/?p=117624"},"modified":"2026-02-15T18:04:33","modified_gmt":"2026-02-15T17:04:33","slug":"vereinbarkeit-von-pflege-und-beruf-wie-arbeitnehmer-von-der-familienpflegezeit-profitieren-koennen","status":"publish","type":"post","link":"https:\/\/www.n-news.de\/?p=117624","title":{"rendered":"Vereinbarkeit von Pflege und Beruf: Wie Arbeitnehmer von der Familienpflegezeit profitieren k\u00f6nnen"},"content":{"rendered":"<p>#Familienpflegezeit  <\/p>\n<p><strong>Tritt innerhalb der Familie ein Pflegefall auf, stellt das Angeh\u00f6rige nicht nur emotional, sondern auch organisatorisch vor gro\u00dfe Herausforderungen. Um die Pflegebed\u00fcrftigen nicht aus dem gewohnten Umfeld zu rei\u00dfen, entscheiden sich viele, die Pflege zu Hause selbst zu \u00fcbernehmen. Vor allem f\u00fcr Berufst\u00e4tige ist es dann schwierig, Job, Pflege und Privatleben unter einen Hut zu kriegen. Hier kann die Familienpflegezeit helfen. Was das ist, wer einen Anspruch darauf hat und was es zu beachten gilt, wei\u00df Dirk G\u00f6rgen, Pflegeexperte der DKV.<\/strong> <\/p>\n<p><strong>Was ist die Familienpflegezeit?<\/strong><br \/>\nDie Zahl der Pflegebed\u00fcrftigen in Deutschland steigt und rund 80 Prozent von ihnen werden zu Hause versorgt \u2013 meist durch Angeh\u00f6rige. Vor allem f\u00fcr Berufst\u00e4tige ist das oft nicht einfach. Mit der sogenannten Familienpflegezeit bietet der Gesetzgeber eine Unterst\u00fctzungsm\u00f6glichkeit f\u00fcr pflegende Angeh\u00f6rige, mit der sie die M\u00f6glichkeit haben, ihre Arbeitszeit auf bis zu 15 Stunden pro Woche zu reduzieren. \u201eDie verk\u00fcrzte Arbeitszeit bezieht sich dabei auf den Jahresdurchschnitt\u201c, erl\u00e4utert Dirk G\u00f6rgen, Pflegeexperte der DKV. \u201eMit dem sogenannten Blockmodell k\u00f6nnen sich Berufst\u00e4tige die Zeit nach R\u00fccksprache mit dem Arbeitgeber so einteilen, dass sie zu den Bed\u00fcrfnissen des Pflegebed\u00fcrftigen passt. \u201eInsgesamt ist das maximal f\u00fcr zwei Jahre m\u00f6glich. Entsprechend der reduzierten Arbeitszeit sinkt auch das Gehalt des Besch\u00e4ftigten\u201c, so G\u00f6rgen. <\/p>\n<p><strong>Welche Voraussetzungen m\u00fcssen erf\u00fcllt sein?<\/strong><br \/>\nUm die Familienpflegezeit zu beantragen, ist das Vorliegen eines Pflegegrads Voraussetzung. Die pflegende Person muss au\u00dferdem ein naher Angeh\u00f6riger sein. Dazu geh\u00f6ren unter anderem Eltern, Gro\u00dfeltern, Stief- oder Schwiegereltern, Ehegatten, Lebenspartner, Partner in einer ehe\u00e4hnlichen oder lebenspartnerschafts\u00e4hnlichen Gemeinschaft, Geschwister, Kinder oder Enkelkinder. \u201eDar\u00fcber hinaus ist es entscheidend, dass die Pflege im h\u00e4uslichen Umfeld \u2013 Ausnahmen gelten bei minderj\u00e4hrigen pflegebed\u00fcrftigen nahen Angeh\u00f6rigen \u2013 und durch einen Arbeitnehmer, Auszubildenden oder einen Heimarbeiter erfolgt\u201c, erkl\u00e4rt der Pflegeexperte der DKV. \u00dcbrigens: Ein Anspruch auf Familienpflegezeit besteht grunds\u00e4tzlich nur, wenn im Unternehmen mindestens 26 Mitarbeiter besch\u00e4ftigt sind. \u201eEs ist aber in jedem Fall sinnvoll, beim Arbeitgeber nachzufragen und das Gespr\u00e4ch zu suchen\u201c, r\u00e4t G\u00f6rgen.<\/p>\n<div id=\"attachment_117625\" style=\"width: 610px\" class=\"wp-caption alignleft\"><img aria-describedby=\"caption-attachment-117625\" loading=\"lazy\" src=\"https:\/\/www.n-news.de\/wp-content\/uploads\/2024\/03\/2024-ERGO-Ratgeber-Familienpflegezeit-Print.jpg\" alt=\"\" width=\"600\" height=\"393\" class=\"size-full wp-image-117625\" srcset=\"https:\/\/www.n-news.de\/wp-content\/uploads\/2024\/03\/2024-ERGO-Ratgeber-Familienpflegezeit-Print.jpg 600w, https:\/\/www.n-news.de\/wp-content\/uploads\/2024\/03\/2024-ERGO-Ratgeber-Familienpflegezeit-Print-300x197.jpg 300w\" sizes=\"(max-width: 600px) 100vw, 600px\" \/><p id=\"caption-attachment-117625\" class=\"wp-caption-text\">Wie Arbeitnehmer von der Familienpflegezeit profitieren k\u00f6nnen. Quelle: ERGO Group<\/p><\/div>\n<p><strong>Familienpflegezeit beantragen \u2013 so geht\u2018s<\/strong><br \/>\nUm die Familienpflegezeit zu beantragen, m\u00fcssen Arbeitnehmer laut \u00a7 2a Abs. 1 des Familienpflegezeitgesetzes (FPfZG) ihren Arbeitgeber mindestens acht Wochen vorher schriftlich dar\u00fcber informieren und ihm die gew\u00fcnschte Dauer und Arbeitszeit mitteilen. Der Arbeitgeber hat den W\u00fcnschen des Arbeitnehmers zu entsprechen, es sei denn, dass dringende betriebliche Gr\u00fcnde entgegenstehen. Die Parteien sollten die getroffene Vereinbarung schriftlich festhalten. Es ist au\u00dferdem mit Zustimmung des Arbeitgebers jederzeit m\u00f6glich, auch w\u00e4hrend der laufenden Familienpflegezeit, die angegebene Dauer bis auf die maximalen zwei Jahre zu verl\u00e4ngern. Ein Musterformular f\u00fcr die Beantragung beim Arbeitgeber bietet beispielsweise die Website wege-zur-pflege.de des Bundesministeriums f\u00fcr Familie, Senioren, Frauen und Jugend. <\/p>\n<p><strong>Zinsloses Darlehen zur finanziellen Unterst\u00fctzung<\/strong><br \/>\nW\u00e4hrend der Familienpflegezeit verdienen Arbeitnehmer weniger, m\u00fcssen aber nat\u00fcrlich weiter ihre laufenden Kosten decken. Damit sie dann durch den geringeren Lohn nicht in finanzielle Schieflage geraten, haben sie Anspruch auf ein zinsloses Darlehen des Bundesamts f\u00fcr Familie und zivilgesellschaftliche Aufgaben (BAFzA). \u201eIm Rahmen der F\u00f6rderung erhalten sie jeden Monat eine Rate in H\u00f6he der halben Differenz zwischen dem alten und dem gek\u00fcrzten monatlichen Nettogehalt\u201c, so G\u00f6rgen. Mit dem sogenannten Familienpflegezeit-Rechner des BAFzA k\u00f6nnen Arbeitnehmer herausfinden, wie hoch ihr Darlehen voraussichtlich ausf\u00e4llt. Die R\u00fcckzahlung nach Beendigung der Freistellung erfolgt dann ebenfalls in monatlichen Raten. \u201eF\u00fcr die Beantragung beim BAFzA ben\u00f6tigen Arbeitnehmer ihre Entgeltbescheinigung, die Bescheinigung \u00fcber die Pflegebed\u00fcrftigkeit sowie die schriftliche Vereinbarung mit dem Arbeitgeber\u201c, erkl\u00e4rt der Pflegeexperte der DKV. Ein Musterformular f\u00fcr die Antragsstellung steht ebenfalls auf der Website des BAFzA zur Verf\u00fcgung.<\/p>\n<p>Quelle: ERGO Group<\/p>\n<div class=\"twoclick_social_bookmarks_post_117624 social_share_privacy clearfix 1.6.4 locale-de_DE sprite-de_DE\"><\/div><div class=\"twoclick-js\"><script type=\"text\/javascript\">\/* <![CDATA[ *\/\njQuery(document).ready(function($){if($('.twoclick_social_bookmarks_post_117624')){$('.twoclick_social_bookmarks_post_117624').socialSharePrivacy({\"services\":{\"facebook\":{\"status\":\"on\",\"txt_info\":\"\",\"perma_option\":\"off\",\"action\":\"like\",\"language\":\"de_DE\"},\"twitter\":{\"reply_to\":\"nnews_de\",\"tweet_text\":\"%20Vereinbarkeit%20von%20Pflege%20und%20Beruf%3A%20Wie%20Arbeitnehmer%20von%20der%20...\",\"status\":\"on\",\"txt_info\":\"\",\"perma_option\":\"off\",\"language\":\"de\",\"referrer_track\":\"\"},\"gplus\":{\"status\":\"on\",\"txt_info\":\"\",\"perma_option\":\"off\",\"referrer_track\":\"\"},\"pinterest\":{\"status\":\"on\",\"the_excerpt\":\"Vereinbarkeit von Pflege und Beruf: Wie Arbeitnehmer von der Familienpflegezeit profitieren k\\u00f6nnen &raquo; #Familienpflegezeit  \\r\\n\\r\\nTritt innerhalb der Familie ein Pflegefal ...\",\"txt_info\":\"\",\"perma_option\":\"off\",\"media\":\"https:\\\/\\\/www.n-news.de\\\/wp-content\\\/uploads\\\/2024\\\/03\\\/2024-ERGO-Ratgeber-Familienpflegezeit-Print.jpg\"},\"linkedin\":{\"status\":\"on\",\"txt_info\":\"2 Klicks f\\u00fcr mehr Datenschutz: Erst wenn Sie hier klicken, wird der Button aktiv und Sie k\\u00f6nnen Ihre Empfehlung an LinkedIn senden. Schon beim Aktivieren werden Daten an Dritte \\u00fcbertragen - siehe <em>i<\\\/em>.\",\"perma_option\":\"off\"}},\"txt_help\":\"\",\"settings_perma\":\"\",\"info_link\":\"\",\"uri\":\"https:\\\/\\\/www.n-news.de\\\/?p=117624\",\"post_id\":117624,\"post_title_referrer_track\":\"Vereinbarkeit+von+Pflege+und+Beruf%3A+Wie+Arbeitnehmer+von+der+Familienpflegezeit+profitieren+k%C3%B6nnen\",\"display_infobox\":\"on\"});}});\n\/* ]]> *\/<\/script><\/div>","protected":false},"excerpt":{"rendered":"<p>#Familienpflegezeit Tritt innerhalb der Familie ein Pflegefall auf, stellt das Angeh\u00f6rige nicht nur emotional, sondern auch organisatorisch vor gro\u00dfe Herausforderungen. Um die Pflegebed\u00fcrftigen nicht aus dem gewohnten Umfeld zu rei\u00dfen, entscheiden sich viele, die Pflege zu Hause selbst zu \u00fcbernehmen. Vor allem f\u00fcr Berufst\u00e4tige ist es dann schwierig, Job, Pflege und Privatleben unter einen Hut [&hellip;]<\/p>\n","protected":false},"author":2,"featured_media":117625,"comment_status":"closed","ping_status":"closed","sticky":false,"template":"","format":"standard","meta":[],"categories":[1,43],"tags":[326,25],"_links":{"self":[{"href":"https:\/\/www.n-news.de\/index.php?rest_route=\/wp\/v2\/posts\/117624"}],"collection":[{"href":"https:\/\/www.n-news.de\/index.php?rest_route=\/wp\/v2\/posts"}],"about":[{"href":"https:\/\/www.n-news.de\/index.php?rest_route=\/wp\/v2\/types\/post"}],"author":[{"embeddable":true,"href":"https:\/\/www.n-news.de\/index.php?rest_route=\/wp\/v2\/users\/2"}],"replies":[{"embeddable":true,"href":"https:\/\/www.n-news.de\/index.php?rest_route=%2Fwp%2Fv2%2Fcomments&post=117624"}],"version-history":[{"count":1,"href":"https:\/\/www.n-news.de\/index.php?rest_route=\/wp\/v2\/posts\/117624\/revisions"}],"predecessor-version":[{"id":124873,"href":"https:\/\/www.n-news.de\/index.php?rest_route=\/wp\/v2\/posts\/117624\/revisions\/124873"}],"wp:featuredmedia":[{"embeddable":true,"href":"https:\/\/www.n-news.de\/index.php?rest_route=\/wp\/v2\/media\/117625"}],"wp:attachment":[{"href":"https:\/\/www.n-news.de\/index.php?rest_route=%2Fwp%2Fv2%2Fmedia&parent=117624"}],"wp:term":[{"taxonomy":"category","embeddable":true,"href":"https:\/\/www.n-news.de\/index.php?rest_route=%2Fwp%2Fv2%2Fcategories&post=117624"},{"taxonomy":"post_tag","embeddable":true,"href":"https:\/\/www.n-news.de\/index.php?rest_route=%2Fwp%2Fv2%2Ftags&post=117624"}],"curies":[{"name":"wp","href":"https:\/\/api.w.org\/{rel}","templated":true}]}}