{"id":117482,"date":"2026-03-10T11:45:20","date_gmt":"2026-03-10T10:45:20","guid":{"rendered":"https:\/\/www.n-news.de\/?p=117482"},"modified":"2026-02-23T18:52:53","modified_gmt":"2026-02-23T17:52:53","slug":"vom-stochern-stechen-und-staken-wasserreiche-feste-und-traditionen-im-sueden","status":"publish","type":"post","link":"https:\/\/www.n-news.de\/?p=117482","title":{"rendered":"Vom Stochern, Stechen und Staken: Wasserreiche Feste und Traditionen im S\u00fcden"},"content":{"rendered":"<p>#tmbw<\/p>\n<p><strong>Wasser \u00fcbt seit jeher eine magische Anziehungskraft auf die Menschen aus und liefert Stoff f\u00fcr Sagen, Mythen und Rituale. Das S\u00e4ubern, Schm\u00fccken und Segnen von Brunnen und Quellen ist noch heute in vielen Gemeinden in Baden-W\u00fcrttemberg verbreitet. Doch es gibt noch viele andere Br\u00e4uche, Traditionen und Feste im S\u00fcden rund ums Wasser.<\/strong><\/p>\n<p><strong>Sieden und Schie\u00dfen: Schw\u00e4bisch Haller Kuchen- und Brunnenfest <\/strong><br \/>\nDie Geschichte der \u201eHaller Salzsieder\u201c reicht weit in die Vergangenheit zur\u00fcck. Schon die Kelten gewannen Salz aus der Salzquelle neben dem Kocher. Im Mittelalter brachte der Handel mit dem \u201ewei\u00dfen Gold\u201c Schw\u00e4bisch Hall gro\u00dfen Reichtum. Aus dieser Zeit ist auch das Salzsiederfest \u00fcberliefert, dessen Ursprung in der Reinigung der Salzquelle vermutet wird. Einer beschwerlichen Arbeit, die mit den Feierlichkeiten belohnt wurde. Ablauf, Kleidung und Tanzformation unterlagen allerdings strengen Vorgaben. Heute gilt das \u201eKuchen- und Brunnenfest\u201c zu Ehren des Siederwesens als eines der sch\u00f6nsten Heimatfeste im S\u00fcden, das traditionsgem\u00e4\u00df mit Salutsch\u00fcssen endet. <a href=\"http:\/\/schwaebischhall.de\" rel=\"noopener noreferrer\" target=\"_blank\">schwaebischhall.de<\/a><\/p>\n<p><strong>Drehen und Mahlen: Deutscher M\u00fchlentag<\/strong><br \/>\nJedes Jahr am Pfingstmontag drehen sich zum Deutschen M\u00fchlentag bundesweit die Wasserr\u00e4der. Damit soll die Bedeutung des M\u00fcllerhandwerks in Erinnerung gerufen werden. Auch in Baden-W\u00fcrttemberg nehmen zahlreiche alte M\u00fchlen an diesem Tag den Betrieb wieder auf und \u00f6ffnen ihre T\u00fcren f\u00fcr G\u00e4ste. Die Region Stuttgart bietet vielf\u00e4ltige M\u00f6glichkeiten f\u00fcr einen M\u00fchlen-Ausflug: Vom Siebenm\u00fchlental am Rande des Naturparks Sch\u00f6nbuch \u00fcber den abwechslungsreichen \u201eM\u00fchlenwanderweg\u201c im Schw\u00e4bischen Wald bis zu dem bei Radlern beliebten \u201eGlemsm\u00fchlenweg\u201c. In Oberschwaben lohnt der Besuch der \u00fcber 100 Stationen umfassenden \u201eM\u00fchlenstra\u00dfe\u201c.<br \/>\n<a href=\"http:\/\/erlebnisregion-stuttgart.de\" rel=\"noopener noreferrer\" target=\"_blank\">erlebnisregion-stuttgart.de<\/a>; <a href=\"http:\/\/muehlenstrasse-oberschwaben.de\" rel=\"noopener noreferrer\" target=\"_blank\">muehlenstrasse-oberschwaben.de<\/a><\/p>\n<p><strong>Hauen und Stechen: T\u00fcbinger Stocherkahnrennen <\/strong><br \/>\n\u201eDie Stange bleibt am Mann\u201c: Wer sich nicht an diesen Leitspruch h\u00e4lt, folgt dem Holzstocher in den Neckar. Das gilt sp\u00e4testens seitdem die Studentenverbindungen in den T\u00fcbinger Stocherk\u00e4hnen das Ruder \u00fcbernahmen. Zuvor waren vor allem Neckarfischer mit den flachbodigen Booten unterwegs. Bis heute sind die meisten der \u00fcber 100 Stocherk\u00e4hne im Besitz von studentischen Organisationen, doch es gibt auch eigens zertifizierte \u201eStocherer\u201c, die mit G\u00e4sten in den Neckar stechen. In die Quere kommen sich die K\u00e4hne dabei selten. Nur wenn an Fronleichnam das allj\u00e4hrliche Stocherkahnrennen um die Neckarinsel stattfindet, wird es eng auf dem Fluss. Bei dem kost\u00fcmierten Wettrennen geht es nicht gerade zimperlich zu. Wenig verwunderlich, denn auf das Siegerteam wartet Bier, auf die Verlierer ein halber Liter Lebertran. <a href=\"http:\/\/tuebingen-info.de\" rel=\"noopener noreferrer\" target=\"_blank\">tuebingen-info.de<\/a><\/p>\n<p><strong>Baden und Balancieren: Ulmer Schw\u00f6rwoche<\/strong><br \/>\nAm vorletzten Montag im Juli herrscht Ausnahmezustand in Ulm. Hintergrund ist ein Eid aus dem 14. Jahrhundert, mit dem der B\u00fcrgermeister jeden \u201eSchw\u00f6rmontag\u201c feierlich gelobt, f\u00fcr Arm und Reich gleicherma\u00dfen einzustehen. Anschlie\u00dfend folgt das \u201eNabada\u201c, bei dem sich B\u00fcrgerinnen und Honoratioren mit Schlauchbooten, Fl\u00f6\u00dfen und den als \u201eUlmer Schachteln\u201c bekannten Flachbooten die Donau hinuntertreiben lassen. Alle vier Jahre findet in der Schw\u00f6rwoche au\u00dferdem das historisch belegte Fischerstechen statt. Mit den ledergepolsterten Spitzen ihrer Speere zielen die auf dem Bootsheck stehenden Stecher dabei auf die Brust ihres Gegners. Wer stehen bleibt, gewinnt. Wer ins Wasser f\u00e4llt oder ins Boot tritt, gilt als \u201enass\u201c und scheidet aus. Seit 1967 ist auch die \u201eLichterserenade\u201c fester Bestandteil der Festwoche. Rund 12.000 Schwimmkerzen werden dabei aus den \u201eUlmer Schachteln\u201c aufs Wasser gesetzt und verwandeln die Donau in ein Lichtermeer. <a href=\"http:\/\/ulm.de\" rel=\"noopener noreferrer\" target=\"_blank\">ulm.de<\/a><\/p>\n<p><strong>Possen rei\u00dfen und Posieren: Schramberger Da-Bach-na-Fahrt <\/strong><br \/>\n\u201eKanal voll\u201c, \u201eBatsch nass\u201c und \u201eFurz trocken\u201c \u2013 das sind die Schlachtrufe, die man bei einem Besuch in Schramberg am Rosenmontag unbedingt beherrschen sollte. Sonst macht das Zuschauen bei der \u201eBach-na-Fahrt\u201c nur halb so viel Spa\u00df. Auf den Umzug der Teams mit ihren dekorierten Holzzubern durch die Innenstadt folgt auf der Schiltach das eigentliche Spektakel. Die rund 500 Meter lange Wasserstrecke birgt mit teils eingeschr\u00e4nkter Breite, H\u00f6he und t\u00fcckischen Stromschnellen einige Schwierigkeiten f\u00fcr Mensch und Material. Drei Wochen Zeit bleibt den Teilnehmenden im Vorfeld, den ihnen per Los zugewiesenen Zuber f\u00fcr die abenteuerliche Flussfahrt fahrtauglich zu machen und zu gestalten. Sp\u00e4testens am Ziel zeigt sich dann, wer sein Handwerk beherrscht oder wer f\u00fcr zwei linke H\u00e4nde bestraft wird. <a href=\"http:\/\/bach-na-fahrt.de\" rel=\"noopener noreferrer\" target=\"_blank\">bach-na-fahrt.de<\/a><\/p>\n<div id=\"attachment_117483\" style=\"width: 610px\" class=\"wp-caption alignleft\"><img aria-describedby=\"caption-attachment-117483\" loading=\"lazy\" src=\"https:\/\/www.n-news.de\/wp-content\/uploads\/2024\/03\/Schiltacher-Trachten-cTMBW-Weise.jpg\" alt=\"\" width=\"600\" height=\"401\" class=\"size-full wp-image-117483\" srcset=\"https:\/\/www.n-news.de\/wp-content\/uploads\/2024\/03\/Schiltacher-Trachten-cTMBW-Weise.jpg 600w, https:\/\/www.n-news.de\/wp-content\/uploads\/2024\/03\/Schiltacher-Trachten-cTMBW-Weise-300x201.jpg 300w\" sizes=\"(max-width: 600px) 100vw, 600px\" \/><p id=\"caption-attachment-117483\" class=\"wp-caption-text\">Schiltacher Trachten auf dem Fl\u00f6\u00dferfest; Bildnachweis: TMBW \/ Andreas Weise<\/p><\/div>\n<p><strong>Treideln und Staken: Schwarzw\u00e4lder Fl\u00f6\u00dferei<\/strong><br \/>\nDie Fl\u00f6\u00dferei blickt auf eine jahrhundertealte Tradition zur\u00fcck und z\u00e4hlt seit Dezember 2022 zum \u201eImmateriellen Kulturerbe der Menschheit\u201c. Auch im Schwarzwald wurden bis ins 19. Jahrhundert tausende Tannen \u00fcber B\u00e4che und Fl\u00fcsse transportiert und gelangten mit dem Rhein bis nach Holland. Im Kinzig- und Nagoldtal wird die Tradition gepflegt und kann in Museen, auf Themenwanderwegen und bei Festen erfahren werden. Das internationale Fl\u00f6\u00dferfest an der Monhardter Wasserstube in Altensteig gibt einen Einblick in historische Waldberufe und Handwerksk\u00fcnste wie das \u201eWiedendrehen\u201c. Bei der Fahrt durch die &#8222;Wassergasse&#8220; der Wasserstube demonstrieren die Mitglieder der Fl\u00f6\u00dferzunft Oberes Nagoldtal ihr K\u00f6nnen. <a href=\"http:\/\/schwarzwald-kinzigtal.info\" rel=\"noopener noreferrer\" target=\"_blank\">schwarzwald-kinzigtal.info<\/a>; <a href=\"http:\/\/altensteig.de\" rel=\"noopener noreferrer\" target=\"_blank\">altensteig.de<\/a><\/p>\n<p><strong>Rudern und Beten: Allensbacher Seeprozession<\/strong><br \/>\nDen Nikolaus kennt jedes Kind. Dass es sich bei dem Heiligen auch um den Patron der Seefahrer handelt, wissen heute aber nur noch wenige. In Allensbach am Bodensee wurde dem M\u00e4rtyrer um das Jahr 1300 eine kleine Kirche geweiht. Da die Gemeinde zum Kloster Reichenau geh\u00f6rte, mussten die Gl\u00e4ubigen zum Besuch der Heiligen Messe und an den hohen Feiertagen trotzdem weiter mit dem Boot \u00fcber den Gnadensee zur Inselkirche St. Peter und Paul in Niederzell \u00fcbersetzen. Heute f\u00fchrt die Seeprozession am ersten Sonntag im Juli zum Reichenauer M\u00fcnster St. Maria und Markus in Mittelzell, erinnert aber noch immer an die Zusammengeh\u00f6rigkeit von Allensbach und der Reichenau. Eine theologische Aufwertung erfuhr die Festzeremonie durch die Verkn\u00fcpfung mit dem religi\u00f6sen Brauch der Verehrung der Heiligblutreliquie. Seit den 1970er-Jahren wird sie am \u201eMonatssonntag\u201c im M\u00fcnster ausgestellt. <a href=\"http:\/\/allensbach.de\" rel=\"noopener noreferrer\" target=\"_blank\">allensbach.de<\/a><\/p>\n<p>Quelle:<br \/>\nWIR SIND S\u00dcDEN.<br \/>\nTourismus Marketing GmbH<\/p>\n<div class=\"twoclick_social_bookmarks_post_117482 social_share_privacy clearfix 1.6.4 locale-de_DE sprite-de_DE\"><\/div><div class=\"twoclick-js\"><script type=\"text\/javascript\">\/* <![CDATA[ *\/\njQuery(document).ready(function($){if($('.twoclick_social_bookmarks_post_117482')){$('.twoclick_social_bookmarks_post_117482').socialSharePrivacy({\"services\":{\"facebook\":{\"status\":\"on\",\"txt_info\":\"\",\"perma_option\":\"off\",\"action\":\"like\",\"language\":\"de_DE\"},\"twitter\":{\"reply_to\":\"nnews_de\",\"tweet_text\":\"%20Vom%20Stochern%2C%20Stechen%20und%20Staken%3A%20Wasserreiche%20Feste%20und%20Traditionen%20im%20...\",\"status\":\"on\",\"txt_info\":\"\",\"perma_option\":\"off\",\"language\":\"de\",\"referrer_track\":\"\"},\"gplus\":{\"status\":\"on\",\"txt_info\":\"\",\"perma_option\":\"off\",\"referrer_track\":\"\"},\"pinterest\":{\"status\":\"on\",\"the_excerpt\":\"Vom Stochern, Stechen und Staken: Wasserreiche Feste und Traditionen im S\\u00fcden &raquo; #tmbw\\r\\n\\r\\nWasser \\u00fcbt seit jeher eine magische Anziehungskraft auf d ...\",\"txt_info\":\"\",\"perma_option\":\"off\",\"media\":\"https:\\\/\\\/www.n-news.de\\\/wp-content\\\/uploads\\\/2024\\\/03\\\/Schiltacher-Trachten-cTMBW-Weise.jpg\"},\"linkedin\":{\"status\":\"on\",\"txt_info\":\"2 Klicks f\\u00fcr mehr Datenschutz: Erst wenn Sie hier klicken, wird der Button aktiv und Sie k\\u00f6nnen Ihre Empfehlung an LinkedIn senden. Schon beim Aktivieren werden Daten an Dritte \\u00fcbertragen - siehe <em>i<\\\/em>.\",\"perma_option\":\"off\"}},\"txt_help\":\"\",\"settings_perma\":\"\",\"info_link\":\"\",\"uri\":\"https:\\\/\\\/www.n-news.de\\\/?p=117482\",\"post_id\":117482,\"post_title_referrer_track\":\"Vom+Stochern%2C+Stechen+und+Staken%3A+Wasserreiche+Feste+und+Traditionen+im+S%C3%BCden\",\"display_infobox\":\"on\"});}});\n\/* ]]> *\/<\/script><\/div>","protected":false},"excerpt":{"rendered":"<p>#tmbw Wasser \u00fcbt seit jeher eine magische Anziehungskraft auf die Menschen aus und liefert Stoff f\u00fcr Sagen, Mythen und Rituale. Das S\u00e4ubern, Schm\u00fccken und Segnen von Brunnen und Quellen ist noch heute in vielen Gemeinden in Baden-W\u00fcrttemberg verbreitet. Doch es gibt noch viele andere Br\u00e4uche, Traditionen und Feste im S\u00fcden rund ums Wasser. Sieden und [&hellip;]<\/p>\n","protected":false},"author":2,"featured_media":117483,"comment_status":"closed","ping_status":"closed","sticky":false,"template":"","format":"standard","meta":[],"categories":[1,66],"tags":[53,140],"_links":{"self":[{"href":"https:\/\/www.n-news.de\/index.php?rest_route=\/wp\/v2\/posts\/117482"}],"collection":[{"href":"https:\/\/www.n-news.de\/index.php?rest_route=\/wp\/v2\/posts"}],"about":[{"href":"https:\/\/www.n-news.de\/index.php?rest_route=\/wp\/v2\/types\/post"}],"author":[{"embeddable":true,"href":"https:\/\/www.n-news.de\/index.php?rest_route=\/wp\/v2\/users\/2"}],"replies":[{"embeddable":true,"href":"https:\/\/www.n-news.de\/index.php?rest_route=%2Fwp%2Fv2%2Fcomments&post=117482"}],"version-history":[{"count":1,"href":"https:\/\/www.n-news.de\/index.php?rest_route=\/wp\/v2\/posts\/117482\/revisions"}],"predecessor-version":[{"id":124932,"href":"https:\/\/www.n-news.de\/index.php?rest_route=\/wp\/v2\/posts\/117482\/revisions\/124932"}],"wp:featuredmedia":[{"embeddable":true,"href":"https:\/\/www.n-news.de\/index.php?rest_route=\/wp\/v2\/media\/117483"}],"wp:attachment":[{"href":"https:\/\/www.n-news.de\/index.php?rest_route=%2Fwp%2Fv2%2Fmedia&parent=117482"}],"wp:term":[{"taxonomy":"category","embeddable":true,"href":"https:\/\/www.n-news.de\/index.php?rest_route=%2Fwp%2Fv2%2Fcategories&post=117482"},{"taxonomy":"post_tag","embeddable":true,"href":"https:\/\/www.n-news.de\/index.php?rest_route=%2Fwp%2Fv2%2Ftags&post=117482"}],"curies":[{"name":"wp","href":"https:\/\/api.w.org\/{rel}","templated":true}]}}