{"id":116885,"date":"2026-02-09T15:50:56","date_gmt":"2026-02-09T14:50:56","guid":{"rendered":"https:\/\/www.n-news.de\/?p=116885"},"modified":"2026-02-09T09:50:47","modified_gmt":"2026-02-09T08:50:47","slug":"kampfzone-strassenverkehr-welche-bussgelder-fuer-beleidigungen-gelten","status":"publish","type":"post","link":"https:\/\/www.n-news.de\/?p=116885","title":{"rendered":"Kampfzone Stra\u00dfenverkehr: Welche Bu\u00dfgelder f\u00fcr Beleidigungen gelten"},"content":{"rendered":"<p>#strassenverkehr<\/p>\n<p><strong>Wer im Stra\u00dfenverkehr unterwegs ist, kommt regelm\u00e4\u00dfig in Situationen, in denen er sich \u00fcber einen anderen Verkehrsteilnehmer \u00e4rgert. Laut einer aktuellen Studie der Unfallforschung der Versicherer geht es dabei immer r\u00fccksichtsloser und aggressiver zu. Doch eine Beschimpfung oder eine beleidigende Geste im Stra\u00dfenverkehr kann sogar eine Straftat sein. Sabine Brandl, Juristin der ERGO Rechtsschutz Leistungs-GmbH, kl\u00e4rt auf, ab wann Beleidigungen kein Kavaliersdelikt mehr sind und welche Bu\u00dfgelder und Strafen drohen.<\/strong> <\/p>\n<p><strong>Gesetzliche Grundlage<\/strong><br \/>\nVor allem unter Zeitdruck k\u00f6nnen gewisse Verkehrssituationen Autofahrer in Rage bringen. Heftige Beschimpfungen oder beleidigende Gesten gegen\u00fcber anderen sind dabei keine Seltenheit. \u00a7 1 der Stra\u00dfenverkehrsordnung (StVO) legt fest, dass die Teilnahme am Stra\u00dfenverkehr st\u00e4ndige Vorsicht und gegenseitige R\u00fccksichtnahme erfordert und schlie\u00dft Beleidigungen damit aus. Das gilt f\u00fcr alle Verkehrsteilnehmer \u2013 also auch Fahrradfahrer und Fu\u00dfg\u00e4nger. \u201eWer sich trotzdem zu einem Schimpfwort hinrei\u00dfen l\u00e4sst, begeht kein Kavaliersdelikt\u201c, so Sabine Brandl, Juristin der ERGO Rechtsschutz Leistungs-GmbH. \u201eBeleidigungen sowie abwertende Gesten sind laut \u00a7 185 des Strafgesetzbuchs (StGB) Straftaten und k\u00f6nnen eine Geld- und im schlimmsten Fall eine Freiheitsstrafe nach sich ziehen.\u201c Als Nebenstrafe ist zus\u00e4tzlich auch ein Fahrverbot m\u00f6glich. \u201eWie hoch die Geldstrafen ausfallen, ist allerdings nicht in einem einheitlichen Strafenkatalog festgelegt\u201c, erg\u00e4nzt Brandl. \u201eGerichte entscheiden hier je nach Einzelfall. Dabei spielen die Situation, die Schwere der Beleidigung und wom\u00f6glich sogar der Tonfall eine Rolle. Die Geldstrafe wird in Tagess\u00e4tzen berechnet \u2013 also dem t\u00e4glichen Einkommen des T\u00e4ters.\u201c <\/p>\n<div id=\"attachment_106620\" style=\"width: 610px\" class=\"wp-caption alignleft\"><img aria-describedby=\"caption-attachment-106620\" loading=\"lazy\" src=\"https:\/\/www.n-news.de\/wp-content\/uploads\/2022\/02\/pixabay_justitia_600.jpg\" alt=\"\" width=\"600\" height=\"466\" class=\"size-full wp-image-106620\" srcset=\"https:\/\/www.n-news.de\/wp-content\/uploads\/2022\/02\/pixabay_justitia_600.jpg 600w, https:\/\/www.n-news.de\/wp-content\/uploads\/2022\/02\/pixabay_justitia_600-300x233.jpg 300w\" sizes=\"(max-width: 600px) 100vw, 600px\" \/><p id=\"caption-attachment-106620\" class=\"wp-caption-text\">Rechtsthema. Quelle: pixabay.com\/justitia<\/p><\/div>\n<p><strong>Wie hoch sind die Strafen<\/strong><br \/>\nAuch wenn nicht konkret festgelegt ist, wie hoch die Strafen f\u00fcr bestimmte Schimpfw\u00f6rter sind, existieren einige Gerichtsurteile, die als Orientierung dienen k\u00f6nnen. Meist belaufen sich die verh\u00e4ngten Strafen auf zwanzig bis drei\u00dfig Tagess\u00e4tze. Das Zungerausstrecken schlug in einem Fall beispielsweise mit 150 Euro zu Buche. F\u00fcr \u201eDumme Kuh\u201c oder \u201eLeck mich doch\u201c wurden hingegen 300 Euro f\u00e4llig. Wer anderen einen Vogel zeigt, muss mit einem Bu\u00dfgeld von 750 Euro rechnen. Noch teurer waren beispielsweise die Scheibenwischer-Geste sowie \u201eArschl\u2026\u201c und \u201eIdiot\u201c mit Betr\u00e4gen von 1.000 bis 1.500 Euro. Das Zeigen des Mittelfingers kann sogar 4.000 Euro kosten. \u00dcbrigens: \u201eAuch die Androhung einer Beleidigung wie \u201aAm liebsten w\u00fcrde ich jetzt\u2026 sagen\u2018 sehen Gerichte als strafbare Aussage\u201c, erl\u00e4utert Brandl. Kommt es bei allen Beteiligten zu Ausf\u00e4lligkeiten, k\u00f6nnen die Gerichte laut \u00a7 199 StGB auf eine Strafe verzichten. Die beste L\u00f6sung ist allerdings, auf Beleidigungen zu verzichten, tief durchzuatmen und eine friedliche L\u00f6sung f\u00fcr den Konflikt zu finden. <\/p>\n<p><strong>Wie Betroffene vorgehen sollten<\/strong><br \/>\nDamit der jeweilige R\u00fcpel eine Geldstrafe auferlegt bekommt, m\u00fcssen Betroffene innerhalb von drei Monaten Strafantrag bei der Polizei stellen. Nur dann wird die Beleidigung auch verfolgt. Eine einfache Anzeige reicht nicht aus. \u201eUm die Beleidigung beweisen zu k\u00f6nnen, muss der T\u00e4ter zweifelsfrei zu identifizieren sein\u201c, so die ERGO Juristin. \u201eDas Kennzeichen ist daf\u00fcr allerdings nicht ausreichend.\u201c Denn der Fahrzeughalter muss nicht unbedingt auch der beleidigende Fahrer gewesen sein. Wichtig ist es daher, eine detaillierte Beschreibung des T\u00e4ters bei der Polizei abzugeben. Auch Zeugenaussagen k\u00f6nnen dabei hilfreich sein. Die Expertin r\u00e4t allerdings davon ab, f\u00fcr die Identifizierung Fotos oder Videos vom T\u00e4ter aufzunehmen. Denn je nach Situation kann dies ein eigener Versto\u00df gegen fremde Rechte sein.<\/p>\n<p>Weitere Ratgeberthemen finden Sie unter <a href=\"http:\/\/www.ergo.com\/ratgeber\" rel=\"noopener noreferrer\" target=\"_blank\">www.ergo.com\/ratgeber<\/a>.<\/p>\n<p>Quelle: ERGO Group<\/p>\n<div class=\"twoclick_social_bookmarks_post_116885 social_share_privacy clearfix 1.6.4 locale-de_DE sprite-de_DE\"><\/div><div class=\"twoclick-js\"><script type=\"text\/javascript\">\/* <![CDATA[ *\/\njQuery(document).ready(function($){if($('.twoclick_social_bookmarks_post_116885')){$('.twoclick_social_bookmarks_post_116885').socialSharePrivacy({\"services\":{\"facebook\":{\"status\":\"on\",\"txt_info\":\"\",\"perma_option\":\"off\",\"action\":\"like\",\"language\":\"de_DE\"},\"twitter\":{\"reply_to\":\"nnews_de\",\"tweet_text\":\"%20Kampfzone%20Stra%C3%9Fenverkehr%3A%20Welche%20Bu%C3%9Fgelder%20f%C3%BCr%20Beleidigungen%20...\",\"status\":\"on\",\"txt_info\":\"\",\"perma_option\":\"off\",\"language\":\"de\",\"referrer_track\":\"\"},\"gplus\":{\"status\":\"on\",\"txt_info\":\"\",\"perma_option\":\"off\",\"referrer_track\":\"\"},\"pinterest\":{\"status\":\"on\",\"the_excerpt\":\"Kampfzone Stra\\u00dfenverkehr: Welche Bu\\u00dfgelder f\\u00fcr Beleidigungen gelten &raquo; #strassenverkehr\\r\\n\\r\\nWer im Stra\\u00dfenverkehr unterwegs ist, kommt reg ...\",\"txt_info\":\"\",\"perma_option\":\"off\",\"media\":\"https:\\\/\\\/www.n-news.de\\\/wp-content\\\/uploads\\\/2022\\\/02\\\/pixabay_justitia_600.jpg\"},\"linkedin\":{\"status\":\"on\",\"txt_info\":\"2 Klicks f\\u00fcr mehr Datenschutz: Erst wenn Sie hier klicken, wird der Button aktiv und Sie k\\u00f6nnen Ihre Empfehlung an LinkedIn senden. Schon beim Aktivieren werden Daten an Dritte \\u00fcbertragen - siehe <em>i<\\\/em>.\",\"perma_option\":\"off\"}},\"txt_help\":\"\",\"settings_perma\":\"\",\"info_link\":\"\",\"uri\":\"https:\\\/\\\/www.n-news.de\\\/?p=116885\",\"post_id\":116885,\"post_title_referrer_track\":\"Kampfzone+Stra%C3%9Fenverkehr%3A+Welche+Bu%C3%9Fgelder+f%C3%BCr+Beleidigungen+gelten\",\"display_infobox\":\"on\"});}});\n\/* ]]> *\/<\/script><\/div>","protected":false},"excerpt":{"rendered":"<p>#strassenverkehr Wer im Stra\u00dfenverkehr unterwegs ist, kommt regelm\u00e4\u00dfig in Situationen, in denen er sich \u00fcber einen anderen Verkehrsteilnehmer \u00e4rgert. Laut einer aktuellen Studie der Unfallforschung der Versicherer geht es dabei immer r\u00fccksichtsloser und aggressiver zu. Doch eine Beschimpfung oder eine beleidigende Geste im Stra\u00dfenverkehr kann sogar eine Straftat sein. Sabine Brandl, Juristin der ERGO Rechtsschutz [&hellip;]<\/p>\n","protected":false},"author":2,"featured_media":106620,"comment_status":"closed","ping_status":"closed","sticky":false,"template":"","format":"standard","meta":[],"categories":[1,43],"tags":[],"_links":{"self":[{"href":"https:\/\/www.n-news.de\/index.php?rest_route=\/wp\/v2\/posts\/116885"}],"collection":[{"href":"https:\/\/www.n-news.de\/index.php?rest_route=\/wp\/v2\/posts"}],"about":[{"href":"https:\/\/www.n-news.de\/index.php?rest_route=\/wp\/v2\/types\/post"}],"author":[{"embeddable":true,"href":"https:\/\/www.n-news.de\/index.php?rest_route=\/wp\/v2\/users\/2"}],"replies":[{"embeddable":true,"href":"https:\/\/www.n-news.de\/index.php?rest_route=%2Fwp%2Fv2%2Fcomments&post=116885"}],"version-history":[{"count":1,"href":"https:\/\/www.n-news.de\/index.php?rest_route=\/wp\/v2\/posts\/116885\/revisions"}],"predecessor-version":[{"id":124673,"href":"https:\/\/www.n-news.de\/index.php?rest_route=\/wp\/v2\/posts\/116885\/revisions\/124673"}],"wp:featuredmedia":[{"embeddable":true,"href":"https:\/\/www.n-news.de\/index.php?rest_route=\/wp\/v2\/media\/106620"}],"wp:attachment":[{"href":"https:\/\/www.n-news.de\/index.php?rest_route=%2Fwp%2Fv2%2Fmedia&parent=116885"}],"wp:term":[{"taxonomy":"category","embeddable":true,"href":"https:\/\/www.n-news.de\/index.php?rest_route=%2Fwp%2Fv2%2Fcategories&post=116885"},{"taxonomy":"post_tag","embeddable":true,"href":"https:\/\/www.n-news.de\/index.php?rest_route=%2Fwp%2Fv2%2Ftags&post=116885"}],"curies":[{"name":"wp","href":"https:\/\/api.w.org\/{rel}","templated":true}]}}