{"id":116137,"date":"2023-12-23T10:32:00","date_gmt":"2023-12-23T09:32:00","guid":{"rendered":"https:\/\/www.n-news.de\/?p=116137"},"modified":"2023-12-23T10:32:44","modified_gmt":"2023-12-23T09:32:44","slug":"fanta-fanta","status":"publish","type":"post","link":"https:\/\/www.n-news.de\/?p=116137","title":{"rendered":"Fanta! Fanta!"},"content":{"rendered":"<p>#DieFantastischenVier #allejahredieda<\/p>\n<h3>Fanta! Fanta!<\/h3>\n<p><strong>Was geht, was geht? Bereits eine Tradition ist der Konzertauftritt der \u201cFantastischen Vier\u201d um die Weihnachtszeit in Stuttgart. Oft ist das Heimspiel auch Auftakt f\u00fcr die kommende Tour. Alle Jahre \u201cDie da!\u201d<\/strong><\/p>\n<p>Dieses mal kam der Auftritt etwas weihnachtlicher daher. Schon der Support Tom Gaebel stimmte die Fans mit Weihnachtslieder aus vielen Sprachen und Genres in seiner eigenen Art ein. Es folgte ein wilder Ritt der Fanta4 \u00fcber die Hits der vergangenen Jahrzehnte garniert mit ihrem lange indizierten Titel \u201cFrohes Fest\u201d. Eine sch\u00f6ne Bescherung der wilden Art: Die Formation fegte wie Derwische \u00fcber die B\u00fchne. Ho, ho, ho!<\/p>\n<p><strong>Gro\u00dfe Foto-Galerie bei uns: <a href=\"http:\/\/www.schechler.com\/mk\/2023\/12\/22\/fanta4-2\/\" rel=\"noopener noreferrer\" target=\"_blank\">Hier klicken!<\/a><\/strong><\/p>\n<div id=\"attachment_116139\" style=\"width: 610px\" class=\"wp-caption alignleft\"><img aria-describedby=\"caption-attachment-116139\" loading=\"lazy\" src=\"https:\/\/www.n-news.de\/wp-content\/uploads\/2023\/12\/DS705773_Radiant-001.jpg\" alt=\"\" width=\"600\" height=\"404\" class=\"size-full wp-image-116139\" srcset=\"https:\/\/www.n-news.de\/wp-content\/uploads\/2023\/12\/DS705773_Radiant-001.jpg 600w, https:\/\/www.n-news.de\/wp-content\/uploads\/2023\/12\/DS705773_Radiant-001-300x202.jpg 300w\" sizes=\"(max-width: 600px) 100vw, 600px\" \/><p id=\"caption-attachment-116139\" class=\"wp-caption-text\">Thomas D, Smudo, Michi Beck und And.Ypsilon \u2013 bekannt als Die Fantastischen Vier<\/p><\/div>\n<p>Die Fantastischen Vier<br \/>\nSchleyerhalle Stuttgart<br \/>\n22. Dezember 2023<\/p>\n<p>K\u00fcnstlerhomepage: <a href=\"http:\/\/www.diefantastischenvier.de\" rel=\"noopener noreferrer\" target=\"_blank\">www.diefantastischenvier.de<\/a><\/p>\n<p><img src=\"https:\/\/www.n-news.de\/wp-content\/uploads\/2023\/12\/InCollage_20231223_092521711.jpg\" alt=\"Fanta4\" \/><br \/>\nThomas D, Smudo, Michi Beck und And.Ypsilon \u2013 bekannt als Die Fantastischen Vier<\/p>\n<div class=\"twoclick_social_bookmarks_post_116137 social_share_privacy clearfix 1.6.4 locale-de_DE sprite-de_DE\"><\/div><div class=\"twoclick-js\"><script type=\"text\/javascript\">\/* <![CDATA[ *\/\njQuery(document).ready(function($){if($('.twoclick_social_bookmarks_post_116137')){$('.twoclick_social_bookmarks_post_116137').socialSharePrivacy({\"services\":{\"facebook\":{\"status\":\"on\",\"txt_info\":\"\",\"perma_option\":\"off\",\"action\":\"like\",\"language\":\"de_DE\"},\"twitter\":{\"reply_to\":\"nnews_de\",\"tweet_text\":\"Fanta%21%20Fanta%21%20%C2%BB%20N-News.de\",\"status\":\"on\",\"txt_info\":\"\",\"perma_option\":\"off\",\"language\":\"de\",\"referrer_track\":\"\"},\"gplus\":{\"status\":\"on\",\"txt_info\":\"\",\"perma_option\":\"off\",\"referrer_track\":\"\"},\"pinterest\":{\"status\":\"on\",\"the_excerpt\":\"Fanta! Fanta! &raquo; #DieFantastischenVier #allejahredieda\\r\\n\\r\\nFanta! Fanta!\\r\\n\\r\\nWas geht ...\",\"txt_info\":\"\",\"perma_option\":\"off\",\"media\":\"https:\\\/\\\/www.n-news.de\\\/wp-content\\\/uploads\\\/2023\\\/12\\\/DS705773_Radiant-001.jpg\"},\"linkedin\":{\"status\":\"on\",\"txt_info\":\"2 Klicks f\\u00fcr mehr Datenschutz: Erst wenn Sie hier klicken, wird der Button aktiv und Sie k\\u00f6nnen Ihre Empfehlung an LinkedIn senden. Schon beim Aktivieren werden Daten an Dritte \\u00fcbertragen - siehe <em>i<\\\/em>.\",\"perma_option\":\"off\"}},\"txt_help\":\"\",\"settings_perma\":\"\",\"info_link\":\"\",\"uri\":\"https:\\\/\\\/www.n-news.de\\\/?p=116137\",\"post_id\":116137,\"post_title_referrer_track\":\"Fanta%21+Fanta%21\",\"display_infobox\":\"on\"});}});\n\/* ]]> *\/<\/script><\/div>","protected":false},"excerpt":{"rendered":"<p>#DieFantastischenVier #allejahredieda Fanta! Fanta! Was geht, was geht? Bereits eine Tradition ist der Konzertauftritt der \u201cFantastischen Vier\u201d um die Weihnachtszeit in Stuttgart. Oft ist das Heimspiel auch Auftakt f\u00fcr die kommende Tour. Alle Jahre \u201cDie da!\u201d Dieses mal kam der Auftritt etwas weihnachtlicher daher. Schon der Support Tom Gaebel stimmte die Fans mit Weihnachtslieder aus [&hellip;]<\/p>\n","protected":false},"author":2,"featured_media":116139,"comment_status":"closed","ping_status":"closed","sticky":false,"template":"","format":"standard","meta":[],"categories":[1,65],"tags":[42],"_links":{"self":[{"href":"https:\/\/www.n-news.de\/index.php?rest_route=\/wp\/v2\/posts\/116137"}],"collection":[{"href":"https:\/\/www.n-news.de\/index.php?rest_route=\/wp\/v2\/posts"}],"about":[{"href":"https:\/\/www.n-news.de\/index.php?rest_route=\/wp\/v2\/types\/post"}],"author":[{"embeddable":true,"href":"https:\/\/www.n-news.de\/index.php?rest_route=\/wp\/v2\/users\/2"}],"replies":[{"embeddable":true,"href":"https:\/\/www.n-news.de\/index.php?rest_route=%2Fwp%2Fv2%2Fcomments&post=116137"}],"version-history":[{"count":0,"href":"https:\/\/www.n-news.de\/index.php?rest_route=\/wp\/v2\/posts\/116137\/revisions"}],"wp:featuredmedia":[{"embeddable":true,"href":"https:\/\/www.n-news.de\/index.php?rest_route=\/wp\/v2\/media\/116139"}],"wp:attachment":[{"href":"https:\/\/www.n-news.de\/index.php?rest_route=%2Fwp%2Fv2%2Fmedia&parent=116137"}],"wp:term":[{"taxonomy":"category","embeddable":true,"href":"https:\/\/www.n-news.de\/index.php?rest_route=%2Fwp%2Fv2%2Fcategories&post=116137"},{"taxonomy":"post_tag","embeddable":true,"href":"https:\/\/www.n-news.de\/index.php?rest_route=%2Fwp%2Fv2%2Ftags&post=116137"}],"curies":[{"name":"wp","href":"https:\/\/api.w.org\/{rel}","templated":true}]}}