{"id":115797,"date":"2025-11-30T15:04:27","date_gmt":"2025-11-30T14:04:27","guid":{"rendered":"https:\/\/www.n-news.de\/?p=115797"},"modified":"2025-11-30T09:54:19","modified_gmt":"2025-11-30T08:54:19","slug":"vive-la-france-das-ganze-jahr-ueber-mit-frankreich-zu-jeder-jahreszeit","status":"publish","type":"post","link":"https:\/\/www.n-news.de\/?p=115797","title":{"rendered":"Vive la France das ganze Jahr \u00fcber mit &#8222;Frankreich zu jeder Jahreszeit&#8220;"},"content":{"rendered":"<p>#buchtipp #frankreich<\/p>\n<h3>Vive la France das ganze Jahr \u00fcber mit &#8222;Frankreich zu jeder Jahreszeit&#8220;<\/h3>\n<p><strong>Die ultimativen Reiseideen f\u00fcr Fr\u00fchling, Sommer, Herbst und Winter aus dem Bruckmann Verlag<\/strong><br \/>\n\u00dcberwintern im milden Klima der C\u00f4te d&#8217;Azur. Im sp\u00e4ten Fr\u00fchjahr zur Kirschbl\u00fcte in die Provence. Im Sommer dann zum Insel-Hopping, K\u00fcstenwandern und Strandsegeln in die Bretagne. Und im Herbst schlie\u00dflich zu den leuchtenden Kastanienw\u00e4ldern der Ard\u00e8che oder zur Weinlese ins Elsass. Frankreich hat immer Saison. Man muss nur wissen, wo. Folgen Sie einfach den Inspirationen dieses Reisef\u00fchrers und finden Sie f\u00fcr jede Jahreszeit das richtige Ziel im Lieblingsreiseland Frankreich.<\/p>\n<p><strong>Fr\u00fchling<\/strong><br \/>\nDas Zitronenfest, auf Franz\u00f6sisch &#8222;F\u00eate du Citron&#8220; genannt, ist eine farbenfrohe und beeindruckende Veranstaltung, bei der die Stra\u00dfen von Menton mit Zitronen- und Orangenb\u00e4umen geschm\u00fcckt sind. Der Karneval von Limoux ist ein traditionelles Volksfest, das jedes Jahr in der Stadt Limoux im S\u00fcden Frankreichs stattfindet. Es ist einer der \u00e4ltesten Karnevale in Europa und hat eine \u00fcber 400 Jahre alte Geschichte.<\/p>\n<p><strong>Sommer<\/strong><br \/>\nDie C\u00f4te d&#8217;Opale ist eine wundersch\u00f6ne K\u00fcstenregion in Nordfrankreich, die sich entlang des \u00c4rmelkanals erstreckt. Entlang der K\u00fcste finden sich lange Sandstr\u00e4nde, charmante Fischerd\u00f6rfer, majest\u00e4tische Klippen und sanfte D\u00fcnen. Ein beliebtes Ziel an der C\u00f4te d&#8217;Opale ist das Nausica\u00e1, eines der gr\u00f6\u00dften Meeresaquarien Europas, das Besuchern die faszinierende Unterwasserwelt n\u00e4her bringt. Die Purpurk\u00fcste, auch bekannt als C\u00f4te de Granit Rose, ist eine beeindruckende K\u00fcstenregion in der Bretagne. Der Name \u0084Purpurk\u00fcste\u0094 bezieht sich auf die einzigartigen rosa Granitfelsen, die charakteristisch f\u00fcr diese Region sind.<\/p>\n<div id=\"attachment_115798\" style=\"width: 516px\" class=\"wp-caption aligncenter\"><img aria-describedby=\"caption-attachment-115798\" loading=\"lazy\" src=\"https:\/\/www.n-news.de\/wp-content\/uploads\/2023\/11\/9783734328954_01.jpg\" alt=\"\" width=\"506\" height=\"600\" class=\"size-full wp-image-115798\" srcset=\"https:\/\/www.n-news.de\/wp-content\/uploads\/2023\/11\/9783734328954_01.jpg 506w, https:\/\/www.n-news.de\/wp-content\/uploads\/2023\/11\/9783734328954_01-253x300.jpg 253w\" sizes=\"(max-width: 506px) 100vw, 506px\" \/><p id=\"caption-attachment-115798\" class=\"wp-caption-text\">Frankreich zu jeder Jahreszeit<br \/>Die ultimative Reiseideen f\u00fcr Fr\u00fchling, Sommer, Herbst und Winter<br \/>192 Seiten, ca. 200 Abb., Format 22,5 x 27,1 cm<br \/>Hardcover<br \/>\u20ac [D] 29,99 \/ \u20ac [A] 30,90 \/ sFr. 40,50<br \/>ISBN: 978-3-7343-2895-4<\/p><\/div>\n<p><strong>Herbst<\/strong><br \/>\nEspelette ist ein malerisches Dorf im S\u00fcdwesten Frankreichs. Bekannt ist Espelette vor allem f\u00fcr seinen Piment d&#8217;Espelette, eine scharfe Paprika-Sorte, die nach dem Dorf benannt ist. Der Piment d&#8217;Espelette ist ein integraler Bestandteil der baskischen K\u00fcche und wird sowohl frisch als auch getrocknet und gemahlen verwendet. Die Kastanienfeste in der Ard\u00e8che sind H\u00f6hepunkte des Herbstes und ziehen viele Besucher an. Es gibt oft M\u00e4rkte, auf denen frische Kastanien, Kastanienprodukte und lokale Spezialit\u00e4ten angeboten werden. Die Besucher k\u00f6nnen auch traditionelle T\u00e4nze und Musik genie\u00dfen, handwerkliche Produkte kaufen und an Aktivit\u00e4ten wie Kastanienr\u00f6sten oder Kastanienwettbewerben teilnehmen.<\/p>\n<p><strong>Winter<\/strong><br \/>\nDie F\u00eate des Lumi\u00e8res, auch bekannt als Festival of Lights, ist eines der bekanntesten und spektakul\u00e4rsten Lichtfestivals der Welt. Es findet jedes Jahr Anfang Dezember in der franz\u00f6sischen Stadt Lyon statt und lockt Millionen von Besuchern aus der ganzen Welt an. Geb\u00e4ude, Br\u00fccken, Pl\u00e4tze und Denkm\u00e4ler werden mit aufw\u00e4ndigen Lichtinstallationen und Projektionen geschm\u00fcckt. Kreative Lichtdesigner, K\u00fcnstler und Architekten aus aller Welt pr\u00e4sentieren ihre Werke und schaffen faszinierende visuelle Effekte.<\/p>\n<p><strong>Autor_in<\/strong><br \/>\nMaunder Hilke<br \/>\nDie Journalistin Hilke Maunder ist seit Mitte der 1990er-Jahre als Korrespondentin in Frankreich t\u00e4tig \u2013 unter anderem f\u00fcr Buchverlage, \u00bbSpiegel Online\u00ab und Printmedien wie \u00bbDie Welt\u00ab, \u00bbDie Welt am Sonntag\u00ab, \u00bbFood and Travel\u00ab und das \u00bbHandelsblatt\u00ab. Bei arte und dem SWR ist sie als Expertin im Studio gefragt. 2014 zeichnete Frankreich die Hamburgerin, die ihr Herz an Saint-Paul-de-Fenouillet verloren hat, mit der Verdienstmedaille im Tourismus aus. Auf ihrem Blog \u00bbMein Frankreich\u00ab, 2023 auf Platz 4 unter den Top Ten Deutschlands, stellt sie jede Woche Reise- und Gastrotipps, Nettes und Neues aus ihrer zweiten Heimat vor.<\/p>\n<p>Simon Klaus<br \/>\nKlaus Simon studierte Geschichte und Romanistik und ist als Autor und Journalist mit dem Schwerpunkt Frankreich t\u00e4tig. Nach etlichen Jahren als Chefredakteur eines franz\u00f6sischen Magazins verbringt er f\u00fcr seine Recherchen mehr als 100 Tage pro Jahr in Frankreich und wurde mehrfach ausgezeichnet.<\/p>\n<div class=\"twoclick_social_bookmarks_post_115797 social_share_privacy clearfix 1.6.4 locale-de_DE sprite-de_DE\"><\/div><div class=\"twoclick-js\"><script type=\"text\/javascript\">\/* <![CDATA[ *\/\njQuery(document).ready(function($){if($('.twoclick_social_bookmarks_post_115797')){$('.twoclick_social_bookmarks_post_115797').socialSharePrivacy({\"services\":{\"facebook\":{\"status\":\"on\",\"txt_info\":\"\",\"perma_option\":\"off\",\"action\":\"like\",\"language\":\"de_DE\"},\"twitter\":{\"reply_to\":\"nnews_de\",\"tweet_text\":\"%20Vive%20la%20France%20das%20ganze%20Jahr%20%C3%BCber%20mit%20%E2%80%9EFrankreich%20zu%20jeder%20...\",\"status\":\"on\",\"txt_info\":\"\",\"perma_option\":\"off\",\"language\":\"de\",\"referrer_track\":\"\"},\"gplus\":{\"status\":\"on\",\"txt_info\":\"\",\"perma_option\":\"off\",\"referrer_track\":\"\"},\"pinterest\":{\"status\":\"on\",\"the_excerpt\":\"Vive la France das ganze Jahr \\u00fcber mit &#8222;Frankreich zu jeder Jahreszeit&#8220; &raquo; #buchtipp #frankreich\\r\\n\\r\\nVive la France das ganze Jahr \\u00fcber mit \\\"F ...\",\"txt_info\":\"\",\"perma_option\":\"off\",\"media\":\"https:\\\/\\\/www.n-news.de\\\/wp-content\\\/uploads\\\/2023\\\/11\\\/9783734328954_01.jpg\"},\"linkedin\":{\"status\":\"on\",\"txt_info\":\"2 Klicks f\\u00fcr mehr Datenschutz: Erst wenn Sie hier klicken, wird der Button aktiv und Sie k\\u00f6nnen Ihre Empfehlung an LinkedIn senden. Schon beim Aktivieren werden Daten an Dritte \\u00fcbertragen - siehe <em>i<\\\/em>.\",\"perma_option\":\"off\"}},\"txt_help\":\"\",\"settings_perma\":\"\",\"info_link\":\"\",\"uri\":\"https:\\\/\\\/www.n-news.de\\\/?p=115797\",\"post_id\":115797,\"post_title_referrer_track\":\"Vive+la+France+das+ganze+Jahr+%C3%BCber+mit+%26%238222%3BFrankreich+zu+jeder+Jahreszeit%26%238220%3B\",\"display_infobox\":\"on\"});}});\n\/* ]]> *\/<\/script><\/div>","protected":false},"excerpt":{"rendered":"<p>#buchtipp #frankreich Vive la France das ganze Jahr \u00fcber mit &#8222;Frankreich zu jeder Jahreszeit&#8220; Die ultimativen Reiseideen f\u00fcr Fr\u00fchling, Sommer, Herbst und Winter aus dem Bruckmann Verlag \u00dcberwintern im milden Klima der C\u00f4te d&#8217;Azur. Im sp\u00e4ten Fr\u00fchjahr zur Kirschbl\u00fcte in die Provence. Im Sommer dann zum Insel-Hopping, K\u00fcstenwandern und Strandsegeln in die Bretagne. Und im [&hellip;]<\/p>\n","protected":false},"author":2,"featured_media":115798,"comment_status":"closed","ping_status":"closed","sticky":false,"template":"","format":"standard","meta":[],"categories":[1,68],"tags":[266,174,16],"_links":{"self":[{"href":"https:\/\/www.n-news.de\/index.php?rest_route=\/wp\/v2\/posts\/115797"}],"collection":[{"href":"https:\/\/www.n-news.de\/index.php?rest_route=\/wp\/v2\/posts"}],"about":[{"href":"https:\/\/www.n-news.de\/index.php?rest_route=\/wp\/v2\/types\/post"}],"author":[{"embeddable":true,"href":"https:\/\/www.n-news.de\/index.php?rest_route=\/wp\/v2\/users\/2"}],"replies":[{"embeddable":true,"href":"https:\/\/www.n-news.de\/index.php?rest_route=%2Fwp%2Fv2%2Fcomments&post=115797"}],"version-history":[{"count":0,"href":"https:\/\/www.n-news.de\/index.php?rest_route=\/wp\/v2\/posts\/115797\/revisions"}],"wp:featuredmedia":[{"embeddable":true,"href":"https:\/\/www.n-news.de\/index.php?rest_route=\/wp\/v2\/media\/115798"}],"wp:attachment":[{"href":"https:\/\/www.n-news.de\/index.php?rest_route=%2Fwp%2Fv2%2Fmedia&parent=115797"}],"wp:term":[{"taxonomy":"category","embeddable":true,"href":"https:\/\/www.n-news.de\/index.php?rest_route=%2Fwp%2Fv2%2Fcategories&post=115797"},{"taxonomy":"post_tag","embeddable":true,"href":"https:\/\/www.n-news.de\/index.php?rest_route=%2Fwp%2Fv2%2Ftags&post=115797"}],"curies":[{"name":"wp","href":"https:\/\/api.w.org\/{rel}","templated":true}]}}