{"id":115596,"date":"2025-10-27T07:37:57","date_gmt":"2025-10-27T06:37:57","guid":{"rendered":"https:\/\/www.n-news.de\/?p=115596"},"modified":"2025-10-13T10:03:16","modified_gmt":"2025-10-13T08:03:16","slug":"dia-de-muertos-das-mexikanische-totenfest-erobert-deutschland","status":"publish","type":"post","link":"https:\/\/www.n-news.de\/?p=115596","title":{"rendered":"Dia de Muertos: Das Mexikanische Totenfest erobert Deutschland"},"content":{"rendered":"<p>#DiadeMuertos<\/p>\n<h3>Dia de Muertos: Das Mexikanische Totenfest erobert Deutschland<\/h3>\n<p><strong>In den letzten Jahren hat Dia de Muertos, das Mexikanische Totenfest, nicht nur in Mexiko, sondern auch weltweit an Popularit\u00e4t gewonnen. Deutschland bildet dabei keine Ausnahme. Doch wie kam es dazu, dass dieses farbenfrohe und symboltr\u00e4chtige Fest seinen Weg in die Herzen der Deutschen fand? In diesem Artikel werfen wir einen Blick auf die Urspr\u00fcnge von Dia de Muertos und die Gr\u00fcnde f\u00fcr seine wachsende Beliebtheit in Deutschland.<\/strong><\/p>\n<p><strong>Die Geschichte von Dia de Muertos<\/strong><br \/>\nDia de Muertos, auch bekannt als der Tag der Toten, ist ein alter mexikanischer Brauch, der bis zu den Azteken zur\u00fcckreicht. Das Fest findet am 1. und 2. November statt und ehrt die Verstorbenen, indem es ihre Seelen willkommen hei\u00dft, ihnen Opfergaben darbringt und sie auf liebevolle Weise gedenkt. Die Tradition ist von symbolischen Elementen gepr\u00e4gt, darunter bunte Alt\u00e4re, Blumen, Sch\u00e4delmasken (calaveras) und die ber\u00fchmten Zuckersch\u00e4del (calaveritas).<\/p>\n<div id=\"attachment_115597\" style=\"width: 610px\" class=\"wp-caption alignleft\"><img aria-describedby=\"caption-attachment-115597\" loading=\"lazy\" src=\"https:\/\/www.n-news.de\/wp-content\/uploads\/2023\/10\/Dia-de-Muertos2_600.jpg\" alt=\"\" width=\"600\" height=\"401\" class=\"size-full wp-image-115597\" srcset=\"https:\/\/www.n-news.de\/wp-content\/uploads\/2023\/10\/Dia-de-Muertos2_600.jpg 600w, https:\/\/www.n-news.de\/wp-content\/uploads\/2023\/10\/Dia-de-Muertos2_600-300x201.jpg 300w\" sizes=\"(max-width: 600px) 100vw, 600px\" \/><p id=\"caption-attachment-115597\" class=\"wp-caption-text\">Dia de Muertos<\/p><\/div>\n<p><strong>Dia de Muertos in Deutschland: Ein Ph\u00e4nomen der Globalisierung<\/strong><br \/>\nWarum hat sich Dia de Muertos in Deutschland etabliert? Hier sind einige Gr\u00fcnde, die zur Popularit\u00e4t beigetragen haben:<\/p>\n<p>1. Kulturelle Vielfalt: Deutschland ist ein Land mit einer reichen kulturellen Vielfalt, das offen f\u00fcr verschiedene Traditionen ist. Die steigende Anzahl von Menschen mit lateinamerikanischen Wurzeln in Deutschland hat dazu beigetragen, die Feierlichkeiten von Dia de Muertos bekannter zu machen.<\/p>\n<p>2. Medien und Popkultur: Die Darstellung von Dia de Muertos in Filmen wie &#8222;Coco&#8220; von Disney-Pixar hat dazu gef\u00fchrt, dass das Fest in Deutschland einem breiten Publikum bekannt wurde. Die farbenfrohen Bilder und die emotionale Tiefe der Feierlichkeiten haben viele Menschen angesprochen.<\/p>\n<p>3. Kultureller Austausch: Kulturelle Veranstaltungen, Workshops und Ausstellungen zum Thema Dia de Muertos haben in Deutschland zugenommen. Diese Veranstaltungen bieten den Menschen die M\u00f6glichkeit, die Traditionen und Bedeutungen des Festes n\u00e4her kennenzulernen.<\/p>\n<p>4. Faszination f\u00fcr das \u00dcbernat\u00fcrliche: Die deutsche Kultur hat eine lange Geschichte der Faszination f\u00fcr das \u00dcbernat\u00fcrliche und das Mystische. Dia de Muertos passt gut zu dieser Neigung, da es die Verbindung zwischen Leben und Tod auf eine respektvolle und farbenfrohe Weise feiert.<\/p>\n<p><strong>Ein Fest der Verbundenheit und des Gedenkens<\/strong><br \/>\nDia de Muertos in Deutschland ist nicht nur eine Gelegenheit, sich bunt zu verkleiden und k\u00f6stliche mexikanische Speisen zu genie\u00dfen, sondern auch eine Zeit des Gedenkens und der Verbundenheit. Es erlaubt den Menschen, \u00fcber den Tod nachzudenken und die Erinnerung an geliebte Menschen zu bewahren.<\/p>\n<p>W\u00e4hrend Dia de Muertos in Deutschland noch nicht so tief verwurzelt ist wie in Mexiko, gewinnt es Jahr f\u00fcr Jahr an Bedeutung. Es dient als Br\u00fccke zwischen Kulturen und als M\u00f6glichkeit, die Werte des Gedenkens und der Verbundenheit zu teilen. In einer Welt, in der kultureller Austausch und Offenheit immer wichtiger werden, zeigt die wachsende Beliebtheit von Dia de Muertos in Deutschland, wie Menschen aus verschiedenen Teilen der Welt zusammenkommen, um gemeinsame Traditionen und Feierlichkeiten zu sch\u00e4tzen.<\/p>\n<p><img src=\"https:\/\/www.n-news.de\/wp-content\/uploads\/2023\/10\/Kamera-Uploads1.jpg\" alt=\"Dia de Muertos\" \/><\/p>\n<p><img loading=\"lazy\" src=\"https:\/\/www.n-news.de\/wp-content\/uploads\/2023\/10\/GPT_included_Robot-Icon.png\" alt=\"GPT unterst\u00fctzt\" title=\"GPT unterst\u00fctzt\" width=\"30\" height=\"30\"\/><\/p>\n<div class=\"twoclick_social_bookmarks_post_115596 social_share_privacy clearfix 1.6.4 locale-de_DE sprite-de_DE\"><\/div><div class=\"twoclick-js\"><script type=\"text\/javascript\">\/* <![CDATA[ *\/\njQuery(document).ready(function($){if($('.twoclick_social_bookmarks_post_115596')){$('.twoclick_social_bookmarks_post_115596').socialSharePrivacy({\"services\":{\"facebook\":{\"status\":\"on\",\"txt_info\":\"\",\"perma_option\":\"off\",\"action\":\"like\",\"language\":\"de_DE\"},\"twitter\":{\"reply_to\":\"nnews_de\",\"tweet_text\":\"%20Dia%20de%20Muertos%3A%20Das%20Mexikanische%20Totenfest%20erobert%20Deutschland%20%C2%BB%20...\",\"status\":\"on\",\"txt_info\":\"\",\"perma_option\":\"off\",\"language\":\"de\",\"referrer_track\":\"\"},\"gplus\":{\"status\":\"on\",\"txt_info\":\"\",\"perma_option\":\"off\",\"referrer_track\":\"\"},\"pinterest\":{\"status\":\"on\",\"the_excerpt\":\"Dia de Muertos: Das Mexikanische Totenfest erobert Deutschland &raquo; #DiadeMuertos\\r\\n\\r\\nDia de Muertos: Das Mexikanische Totenfest erober ...\",\"txt_info\":\"\",\"perma_option\":\"off\",\"media\":\"https:\\\/\\\/www.n-news.de\\\/wp-content\\\/uploads\\\/2023\\\/10\\\/Dia-de-Muertos2_600.jpg\"},\"linkedin\":{\"status\":\"on\",\"txt_info\":\"2 Klicks f\\u00fcr mehr Datenschutz: Erst wenn Sie hier klicken, wird der Button aktiv und Sie k\\u00f6nnen Ihre Empfehlung an LinkedIn senden. Schon beim Aktivieren werden Daten an Dritte \\u00fcbertragen - siehe <em>i<\\\/em>.\",\"perma_option\":\"off\"}},\"txt_help\":\"\",\"settings_perma\":\"\",\"info_link\":\"\",\"uri\":\"https:\\\/\\\/www.n-news.de\\\/?p=115596\",\"post_id\":115596,\"post_title_referrer_track\":\"Dia+de+Muertos%3A+Das+Mexikanische+Totenfest+erobert+Deutschland\",\"display_infobox\":\"on\"});}});\n\/* ]]> *\/<\/script><\/div>","protected":false},"excerpt":{"rendered":"<p>#DiadeMuertos Dia de Muertos: Das Mexikanische Totenfest erobert Deutschland In den letzten Jahren hat Dia de Muertos, das Mexikanische Totenfest, nicht nur in Mexiko, sondern auch weltweit an Popularit\u00e4t gewonnen. Deutschland bildet dabei keine Ausnahme. Doch wie kam es dazu, dass dieses farbenfrohe und symboltr\u00e4chtige Fest seinen Weg in die Herzen der Deutschen fand? In [&hellip;]<\/p>\n","protected":false},"author":2,"featured_media":115597,"comment_status":"closed","ping_status":"closed","sticky":false,"template":"","format":"standard","meta":[],"categories":[1],"tags":[140],"_links":{"self":[{"href":"https:\/\/www.n-news.de\/index.php?rest_route=\/wp\/v2\/posts\/115596"}],"collection":[{"href":"https:\/\/www.n-news.de\/index.php?rest_route=\/wp\/v2\/posts"}],"about":[{"href":"https:\/\/www.n-news.de\/index.php?rest_route=\/wp\/v2\/types\/post"}],"author":[{"embeddable":true,"href":"https:\/\/www.n-news.de\/index.php?rest_route=\/wp\/v2\/users\/2"}],"replies":[{"embeddable":true,"href":"https:\/\/www.n-news.de\/index.php?rest_route=%2Fwp%2Fv2%2Fcomments&post=115596"}],"version-history":[{"count":0,"href":"https:\/\/www.n-news.de\/index.php?rest_route=\/wp\/v2\/posts\/115596\/revisions"}],"wp:featuredmedia":[{"embeddable":true,"href":"https:\/\/www.n-news.de\/index.php?rest_route=\/wp\/v2\/media\/115597"}],"wp:attachment":[{"href":"https:\/\/www.n-news.de\/index.php?rest_route=%2Fwp%2Fv2%2Fmedia&parent=115596"}],"wp:term":[{"taxonomy":"category","embeddable":true,"href":"https:\/\/www.n-news.de\/index.php?rest_route=%2Fwp%2Fv2%2Fcategories&post=115596"},{"taxonomy":"post_tag","embeddable":true,"href":"https:\/\/www.n-news.de\/index.php?rest_route=%2Fwp%2Fv2%2Ftags&post=115596"}],"curies":[{"name":"wp","href":"https:\/\/api.w.org\/{rel}","templated":true}]}}