{"id":114081,"date":"2023-12-23T15:06:48","date_gmt":"2023-12-23T14:06:48","guid":{"rendered":"https:\/\/www.n-news.de\/?p=114081"},"modified":"2024-11-28T17:50:28","modified_gmt":"2024-11-28T16:50:28","slug":"ludwigsburger-schlossfestspiele-saison-2023-rueckblick-und-bilanz","status":"publish","type":"post","link":"https:\/\/www.n-news.de\/?p=114081","title":{"rendered":"Ludwigsburger Schlossfestspiele: Saison 2023 \u2013 R\u00fcckblick und Bilanz"},"content":{"rendered":"<p>#ludwigsburgerschlossfestspiele<\/p>\n<h3>Ludwigsburger Schlossfestspiele: Saison 2023 \u2013 R\u00fcckblick und Bilanz<\/h3>\n<p><strong>Nach elf begeisternden Festivalwochen ist f\u00fcr die Ludwigsburger Schlossfestspiele am Samstag, 22. Juli eine sehr erfolgreiche Saison 2023 zu Ende gegangen. Die Resonanz auf das hochkar\u00e4tige und vielf\u00e4ltige Programm war \u00fcberw\u00e4ltigend, was sich auch deutlich in den Besuchszahlen und Einnahmen widerspiegelt: Das Publikum der Ludwigsburger Schlossfestspiele ist nach den schwierigen Corona-Jahren zur\u00fcck und wei\u00df die herausragende k\u00fcnstlerische Qualit\u00e4t des \u00bbFests der K\u00fcnste, Demokratie und Nachhaltigkeit\u00ab, zu dem Intendant Jochen Sandig und sein Team eingeladen haben, sehr zu sch\u00e4tzen.<\/strong><\/p>\n<p>7365 G\u00e4ste feierten am 22. Juli bei bestem Wetter das Saisonfinale mit dem gro\u00dfen \u00bbMonrepos Open Air\u00ab und seinem fantastisch choreografierten Feuerwerk am Seeschloss Monrepos, wo der amerikanische Dirigent Ryan McAdams in seinem Deutschlanddeb\u00fct am Pult des Festspielorchesters ein t\u00e4nzerisch gepr\u00e4gtes Programm von Bernstein \u00fcber Gershwin und Bizet bis hin zu Piazzolla, de Falla und Ginastera furios dirigierte. Die Auslastung betrug an diesem Abend 95 Prozent.<\/p>\n<p>Rund 22.500 Besuche z\u00e4hlten die Ludwigsburger Schlossfestspiele \u00fcber den Festivalzeitraum hinweg bis zum 22. Juli bei 54 Veranstaltungen (44 verschiedenen Produktionen), darunter auch rund 3.650 Besucherinnen und Besucher der zw\u00f6lf Ausgaben der kostenlosen \u00bbFrei Luft Musik\u00ab auf dem Marktplatz: Das niederschwellige Angebot mit seinem breitgef\u00e4cherten Programm, gef\u00f6rdert vom Freundeskreis der Schlossfestspiele, hat sich in seinem dritten Jahr bestens etabliert.<\/p>\n<p>15 Veranstaltungen waren ausverkauft, darunter beide Vorstellungen und die Generalprobe von Pina Bauschs \u00bbVollmond\u00ab, die Doppelvorstellung mit Lars Eidinger im Schlosstheater, die Partizipationsprojekte \u00bbGeneration Zukunft Musik\u00ab und \u00bbMini Mal Mut\u00ab sowie zahlreiche Kammerkonzerte im Ordenssaal und Schlosstheater. Die Gesamtauslastung betrug rund 82 Prozent. Bereits nach zwei Dritteln der Festspielzeit konnte das geplante Einnahmesoll erf\u00fcllt werden. Die Verj\u00fcngung des Publikums befindet sich in einer positiven Entwicklung. Sehr gut angenommen wurden 2023 mit einer Gesamtzahl von \u00fcber 800 Tickets auch wieder das Angebot f\u00fcr Festspielg\u00e4ste in Ausbildung zu 15 Euro, das von der Ruprecht-Stiftung gef\u00f6rdert wird, sowie das neue Vermittlungsformat \u00bbKlassik leicht gemacht\u00ab, das jeweils einen Workshop und den gemeinsamen Besuch bei drei Veranstaltungen erm\u00f6glichte.<\/p>\n<div id=\"attachment_111361\" style=\"width: 610px\" class=\"wp-caption alignleft\"><img aria-describedby=\"caption-attachment-111361\" loading=\"lazy\" src=\"https:\/\/www.n-news.de\/wp-content\/uploads\/2022\/12\/Forum_LB_HDR_600.jpg\" alt=\"\" width=\"600\" height=\"433\" class=\"size-full wp-image-111361\" srcset=\"https:\/\/www.n-news.de\/wp-content\/uploads\/2022\/12\/Forum_LB_HDR_600.jpg 600w, https:\/\/www.n-news.de\/wp-content\/uploads\/2022\/12\/Forum_LB_HDR_600-300x217.jpg 300w\" sizes=\"(max-width: 600px) 100vw, 600px\" \/><p id=\"caption-attachment-111361\" class=\"wp-caption-text\">Forum am Schlosspark  Ludwigsburg<\/p><\/div>\n<p>Ausverkauft war bereits die \u00bbFest Spiel Ouvert\u00fcre\u00ab am 11. Mai, mit der der junge, aufsteigende Dirigent Vitali Alekseenok, die Geigerin Diana Tishchenko und das Festspielorchester die Saison er\u00f6ffneten. Der Bogen k\u00fcnstlerischer H\u00f6hepunkte spannte sich von Brechts \u00bbHauspostille\u00ab mit Lars Eidinger und dem Musiker Hans-J\u00f6rn Brandenburg im Schlosstheater (14. Mai) \u00fcber Midoris fulminante Geigen-Solo-Matin\u00e9e an Pfingsten (28. Mai), die von David Fray aufgef\u00fchrten \u00bbGoldberg-Variationen\u00ab (2. Juni), den ber\u00fchrenden Liederabend von Marlis Petersen (16. Juni) hin zu Barbara Hannigans unvergleichlicher und bejubelter Interpretation von Poulencs \u00bbLa Voix Humaine\u00ab, w\u00e4hrend sie das Festspielorchester dirigierte und zugleich die Sopranpartie der Mono-Oper sang (24. Juni).<\/p>\n<p>Momente gro\u00dfer Intensit\u00e4t und Intimit\u00e4t bescherten das SWR Vokalensemble mit seinem Ligeti-Jubil\u00e4ums-Abend und einer Urauff\u00fchrung von Mart\u00f3n Ill\u00e9s (25. Mai), der Countertenor Filippo Mineccia, der kurzfristig f\u00fcr den erkrankten Carlo Vistoli einsprang (29. Juni), Elina Albach mit Bachs auf die Gegenwart bezogener h-Moll-Messe (6. Juli) und Philippe Herreweghe und das Collegium Vocale Gent  mit spanischen Sakralwerken, aber auch die Geigenvirtuosin Lisa Batiashvili mit ihrer sehr pers\u00f6nlich gehaltenen musikalischen Reise an ihre Lebensstationen gleich zu Beginn der Festspiele (16. Mai). Besondere Ovationen des Publikums durften au\u00dferdem Alexandre Kantorow mit seinem herausragenden romantischen Klavier-Abend (8. Juli) und der Bariton Benjamin Appl entgegennehmen, der bei seiner K\u00fcnstlerresidenz gleich zwei Liedprogramme hinrei\u00dfend interpretierte und au\u00dferdem bei seiner \u00f6ffentlich abgehaltenen Meisterklasse noch zus\u00e4tzlich das Haus mit interessierten Zuh\u00f6renden f\u00fcllte.<\/p>\n<p>Beim Tanz reichte die Bandbreite von Pina Bauschs gro\u00dfem ikonischem Werk \u00bbVollmond\u00ab mit zwei ausverkauften Vorstellungen (9.\/10. Juni) und einer zus\u00e4tzlich f\u00fcr Publikum ge\u00f6ffneten ausverkauften Generalprobe \u00fcber die beeindruckende Interpretation des Tanz-Klassikers \u00bbLe Sacre du printemps\u00ab durch den Flamenco-Innovator Israel Galv\u00e1n (20.\/21. Mai) bis hin zur filigranen Ligeti-Hommage der Choreografin Elisabeth Schilling und ihres Ensembles (26. Mai).<\/p>\n<p>Eine inhaltliche \u00d6ffnung und zugleich gro\u00dfen Zuspruch erfuhr das Programm etwa durch Abende wie \u00bbBabylon Orchestra Echoes\u00ab (13. Mai), den Klarinettisten Kinan Azmeh mit dem New Yorker Quartett Brooklyn Rider (10. Juni) oder das vison string quartet mit dem Jazz-Gitarristen Mahan Mirarab (16. Juli). Eigens f\u00fcr die Ludwigsburger Schlossfestspiele und das barocke Schlosstheater entstand die gesellschaftskritische und musikalisch experimentelle, halbszenische Produktion \u00bbBingen H\u00e4ndel Wolfe\u00ab (17. Juni) in Kooperation mit dem PODIUM Festival Esslingen.<br \/>\nZu den ungew\u00f6hnlichen und innovativen Programmformaten z\u00e4hlte auch das an drei Tagen komplett ausgebuchte Virtual-Reality-Projekt des Mahler Chamber Orchestra im urbanharbor-Komplex mit seiner futuristischen Mendelssohn-Ann\u00e4herung und einem zus\u00e4tzlich gespielten Live-Konzert (29. Juni bis 1. Juli). Und nicht zuletzt sorgten die Diskurs- und Workshopformate des \u00bb17 Ziele Camp\u00ab (18. bis 21. Mai) im Kunstzentrum Karlskaserne daf\u00fcr, dass das Festival seinem Anspruch als \u00bbFest der K\u00fcnste, Demokratie und Nachhaltigkeit\u00ab gerecht wurde und sich mit einem engagierten Teilnehmenden-Kreis wichtigen Zukunftskonzepten widmen konnte. F\u00fcr das KharkivMusikFest unter der K\u00fcnstlerischen Leitung des Dirigenten Vitali Alekseenok konnten im gesamten Festivalzeitraum \u00fcber 10.000 Euro an Spenden eingesammelt werden. <\/p>\n<p><strong>Au\u00dfenspielorte<\/strong><br \/>\nAuch in Wertheim (Main-Tauber-Kreis), Haigerloch und Bad Imnau (Zollernalbkreis) sowie in Bietigheim-Bissingen waren die Schlossfestspiele 2023 zu Gast und werden wie \u00fcblich im September im oberschw\u00e4bischen Wolfegg drei weitere Konzerte spielen.<\/p>\n<p><strong>Ausblick \u2013 Konzerte in Wolfegg im September<\/strong><br \/>\nIn sch\u00f6ner sp\u00e4tsommerlicher Tradition sind die Ludwigsburger Schlossfestspiele nach ihrer Saison auch wieder f\u00fcr zwei Tage im malerischen Wolfegg zu Gast: Am Samstag, 16. September geben das dogma chamber orchestra und der Klarinettist Kinan Azmeh im beeindruckenden Rittersaal des Schlosses die \u00bbTschaikowsky Streicher Serenade\u00ab und Kompositionen von Azmeh selbst. Beim \u00bbGamben Duo Perl\u00ab am Sonntag, 17. September in der Alten Pfarr spielen Hille Perl und ihre Mutter Marthe eigene Werke sowie unter anderen von Poulenc und Dowland. Mit der \u00bbCalmus Lautten Compagney\u00ab und den musikalischen \u00bbBach-Arkaden\u00ab endet am Sonntagabend ab 17 Uhr in der Pfarrkirche St. Katharina dieses nachklingende Festspielwochenende. Karten sowie das Wolfegg-Abo sind im Kartenb\u00fcro der Ludwigsburger Schlossfestspiele, bei Easy Ticket und in der Wolfegg Information erh\u00e4ltlich.<\/p>\n<p>Quelle \/ Mehr Infos:<br \/>\nLudwigsburger Schlossfestspiele gGmbH<br \/>\nInternationale Festspiele Baden-W\u00fcrttemberg<br \/>\n<a href=\"http:\/\/www.schlossfestspiele.de\" rel=\"noopener noreferrer\" target=\"_blank\">www.schlossfestspiele.de<\/a><\/p>\n<div class=\"twoclick_social_bookmarks_post_114081 social_share_privacy clearfix 1.6.4 locale-de_DE sprite-de_DE\"><\/div><div class=\"twoclick-js\"><script type=\"text\/javascript\">\/* <![CDATA[ *\/\njQuery(document).ready(function($){if($('.twoclick_social_bookmarks_post_114081')){$('.twoclick_social_bookmarks_post_114081').socialSharePrivacy({\"services\":{\"facebook\":{\"status\":\"on\",\"txt_info\":\"\",\"perma_option\":\"off\",\"action\":\"like\",\"language\":\"de_DE\"},\"twitter\":{\"reply_to\":\"nnews_de\",\"tweet_text\":\"%20Ludwigsburger%20Schlossfestspiele%3A%20Saison%202023%20%E2%80%93%20R%C3%BCckblick%20und%20...\",\"status\":\"on\",\"txt_info\":\"\",\"perma_option\":\"off\",\"language\":\"de\",\"referrer_track\":\"\"},\"gplus\":{\"status\":\"on\",\"txt_info\":\"\",\"perma_option\":\"off\",\"referrer_track\":\"\"},\"pinterest\":{\"status\":\"on\",\"the_excerpt\":\"Ludwigsburger Schlossfestspiele: Saison 2023 \\u2013 R\\u00fcckblick und Bilanz &raquo; #ludwigsburgerschlossfestspiele\\r\\n\\r\\nLudwigsburger Schlossfestspiele ...\",\"txt_info\":\"\",\"perma_option\":\"off\",\"media\":\"https:\\\/\\\/www.n-news.de\\\/wp-content\\\/uploads\\\/2022\\\/12\\\/Forum_LB_HDR_600.jpg\"},\"linkedin\":{\"status\":\"on\",\"txt_info\":\"2 Klicks f\\u00fcr mehr Datenschutz: Erst wenn Sie hier klicken, wird der Button aktiv und Sie k\\u00f6nnen Ihre Empfehlung an LinkedIn senden. Schon beim Aktivieren werden Daten an Dritte \\u00fcbertragen - siehe <em>i<\\\/em>.\",\"perma_option\":\"off\"}},\"txt_help\":\"\",\"settings_perma\":\"\",\"info_link\":\"\",\"uri\":\"https:\\\/\\\/www.n-news.de\\\/?p=114081\",\"post_id\":114081,\"post_title_referrer_track\":\"Ludwigsburger+Schlossfestspiele%3A+Saison+2023+%E2%80%93+R%C3%BCckblick+und+Bilanz\",\"display_infobox\":\"on\"});}});\n\/* ]]> *\/<\/script><\/div>","protected":false},"excerpt":{"rendered":"<p>#ludwigsburgerschlossfestspiele Ludwigsburger Schlossfestspiele: Saison 2023 \u2013 R\u00fcckblick und Bilanz Nach elf begeisternden Festivalwochen ist f\u00fcr die Ludwigsburger Schlossfestspiele am Samstag, 22. Juli eine sehr erfolgreiche Saison 2023 zu Ende gegangen. Die Resonanz auf das hochkar\u00e4tige und vielf\u00e4ltige Programm war \u00fcberw\u00e4ltigend, was sich auch deutlich in den Besuchszahlen und Einnahmen widerspiegelt: Das Publikum der Ludwigsburger Schlossfestspiele [&hellip;]<\/p>\n","protected":false},"author":2,"featured_media":111361,"comment_status":"closed","ping_status":"closed","sticky":false,"template":"","format":"standard","meta":[],"categories":[1,66],"tags":[160,90],"_links":{"self":[{"href":"https:\/\/www.n-news.de\/index.php?rest_route=\/wp\/v2\/posts\/114081"}],"collection":[{"href":"https:\/\/www.n-news.de\/index.php?rest_route=\/wp\/v2\/posts"}],"about":[{"href":"https:\/\/www.n-news.de\/index.php?rest_route=\/wp\/v2\/types\/post"}],"author":[{"embeddable":true,"href":"https:\/\/www.n-news.de\/index.php?rest_route=\/wp\/v2\/users\/2"}],"replies":[{"embeddable":true,"href":"https:\/\/www.n-news.de\/index.php?rest_route=%2Fwp%2Fv2%2Fcomments&post=114081"}],"version-history":[{"count":0,"href":"https:\/\/www.n-news.de\/index.php?rest_route=\/wp\/v2\/posts\/114081\/revisions"}],"wp:featuredmedia":[{"embeddable":true,"href":"https:\/\/www.n-news.de\/index.php?rest_route=\/wp\/v2\/media\/111361"}],"wp:attachment":[{"href":"https:\/\/www.n-news.de\/index.php?rest_route=%2Fwp%2Fv2%2Fmedia&parent=114081"}],"wp:term":[{"taxonomy":"category","embeddable":true,"href":"https:\/\/www.n-news.de\/index.php?rest_route=%2Fwp%2Fv2%2Fcategories&post=114081"},{"taxonomy":"post_tag","embeddable":true,"href":"https:\/\/www.n-news.de\/index.php?rest_route=%2Fwp%2Fv2%2Ftags&post=114081"}],"curies":[{"name":"wp","href":"https:\/\/api.w.org\/{rel}","templated":true}]}}