{"id":112898,"date":"2026-04-26T07:16:43","date_gmt":"2026-04-26T05:16:43","guid":{"rendered":"https:\/\/www.n-news.de\/\/?p=112898"},"modified":"2026-03-14T10:19:50","modified_gmt":"2026-03-14T09:19:50","slug":"buchtipp-die-beste-zeit-in-bella-italia","status":"publish","type":"post","link":"https:\/\/www.n-news.de\/?p=112898","title":{"rendered":"Buchtipp &#8222;Die beste Zeit in Bella Italia&#8220;"},"content":{"rendered":"<p>#buchtipp<\/p>\n<blockquote><p>&#8222;Reisetipps nach Jahreszeit &#8211; klasse Idee, gut umgesetzt!&#8220;<br \/>\nMK Schechler<\/p><\/blockquote>\n<h3>Buchtipp &#8222;Die beste Zeit in Bella Italia&#8220;<\/h3>\n<p><strong>Italien ist ein Reiseland. Und was f\u00fcr eines: Mit kilometerlangen Sandstr\u00e4nden und versteckten Badebuchten. Mit hohen Bergen nicht nur in Norditalien, sondern auch in der Mitte, nur eine Autostunde von Rom entfernt. Mit St\u00e4dten voller Kunst und mit vielen unterschiedlichen Inseln, die f\u00fcr jeden Geschmack etwas zu bieten haben. Mit Vulkanen und antiken Ruinen, mit W\u00e4ldern, in denen einsam gelegene Kl\u00f6ster locken, und mit mond\u00e4nen Ferienorten.<\/strong><\/p>\n<p><div id=\"attachment_112899\" style=\"width: 425px\" class=\"wp-caption alignleft\"><img aria-describedby=\"caption-attachment-112899\" loading=\"lazy\" src=\"https:\/\/www.n-news.de\/wp-content\/uploads\/2023\/04\/Die-beste-Zeit-in-Bella-Italia.jpg\" alt=\"\" width=\"415\" height=\"500\" class=\"size-full wp-image-112899\" \/><p id=\"caption-attachment-112899\" class=\"wp-caption-text\">Thomas Migge<br \/>Italien zu jeder Jahreszeit<br \/>Die ultimativen Reiseideen f\u00fcr Fr\u00fchling, Sommer, Herbst und Winter<br \/>192 Seiten, ca. 200 Abb., 22,5 x 27,1 cm, Hardcover<br \/>\u20ac [D] 29,99<br \/>ISBN: 978-3-7343-2846-6<\/p><\/div><br \/>\nMit dem neuen Bildband &#8222;Italien zu jeder Jahreszeit&#8220; (Bruckmann Verlag) reist man zw\u00f6lf Monate durch Italien und bekommen ganz besondere Ein- und Anblicke:<\/p>\n<p>So ist Rom am allersch\u00f6nsten im Winter, zwischen den Festen. An Ostern wird man in Sizilien und dem restlichen S\u00fcditalien Zeuge eindrucksvoller und uralter religi\u00f6ser Prozessionen. Und im Sommer erlebt man beim Palio in der Toskana eines der h\u00e4rtesten Pferderennen der Welt, das dort tagelang gefeiert wird.<\/p>\n<p>Mit den Tipps und traumhaften Fotos in diesem Reiseband findet man Inspiration f\u00fcr weitere Ziele in Bella Italia zur passenden Jahreszeit. 60 Natur-, Kultur-, Kulinarik-, Aktiv- und Geheimtipp-Highlights warten darauf  entdeckt zu werden \u2013 und zwar im Fr\u00fchling, Sommer, Herbst und Winter.<\/p>\n<p>Thomas Migge ist Politologe und Historiker. Er arbeitet u.a. f\u00fcr den Deutschlandfunk und schreibt f\u00fcr Zeitschriften und Magazine wie \u00bbBrigitte\u00ab und \u00bbDer Feinschmecker\u00ab. Er ist Autor zahlreicher Bildb\u00e4nde im Bruckmann Verlag. Italien u.v.a. Venetien, die Toskana, das Friaul und Rom kennt er wie seine Westentasche. Er lebt seit \u00fcber f\u00fcnfzehn Jahren als Auslandskorrespondent in Rom.<\/p>\n<p>Quelle:<br \/>\nGeraNova Bruckmann Verlagshaus GmbH<br \/>\n<a href=\"http:\/\/www.verlagshaus.de\" rel=\"noopener noreferrer\" target=\"_blank\">www.verlagshaus.de<\/a><\/p>\n<div class=\"twoclick_social_bookmarks_post_112898 social_share_privacy clearfix 1.6.4 locale-de_DE sprite-de_DE\"><\/div><div class=\"twoclick-js\"><script type=\"text\/javascript\">\/* <![CDATA[ *\/\njQuery(document).ready(function($){if($('.twoclick_social_bookmarks_post_112898')){$('.twoclick_social_bookmarks_post_112898').socialSharePrivacy({\"services\":{\"facebook\":{\"status\":\"on\",\"txt_info\":\"\",\"perma_option\":\"off\",\"action\":\"like\",\"language\":\"de_DE\"},\"twitter\":{\"reply_to\":\"nnews_de\",\"tweet_text\":\"Buchtipp%20%E2%80%9EDie%20beste%20Zeit%20in%20Bella%20Italia%E2%80%9C%20%C2%BB%20N-News.de\",\"status\":\"on\",\"txt_info\":\"\",\"perma_option\":\"off\",\"language\":\"de\",\"referrer_track\":\"\"},\"gplus\":{\"status\":\"on\",\"txt_info\":\"\",\"perma_option\":\"off\",\"referrer_track\":\"\"},\"pinterest\":{\"status\":\"on\",\"the_excerpt\":\"Buchtipp &#8222;Die beste Zeit in Bella Italia&#8220; &raquo; #buchtipp\\r\\n\\r\\n\\\"Reisetipps nach Jahreszeit - klasse Idee, gut umgese ...\",\"txt_info\":\"\",\"perma_option\":\"off\",\"media\":\"https:\\\/\\\/www.n-news.de\\\/wp-content\\\/uploads\\\/2021\\\/11\\\/n-news_base.jpg\"},\"linkedin\":{\"status\":\"on\",\"txt_info\":\"2 Klicks f\\u00fcr mehr Datenschutz: Erst wenn Sie hier klicken, wird der Button aktiv und Sie k\\u00f6nnen Ihre Empfehlung an LinkedIn senden. Schon beim Aktivieren werden Daten an Dritte \\u00fcbertragen - siehe <em>i<\\\/em>.\",\"perma_option\":\"off\"}},\"txt_help\":\"\",\"settings_perma\":\"\",\"info_link\":\"\",\"uri\":\"https:\\\/\\\/www.n-news.de\\\/?p=112898\",\"post_id\":112898,\"post_title_referrer_track\":\"Buchtipp+%26%238222%3BDie+beste+Zeit+in+Bella+Italia%26%238220%3B\",\"display_infobox\":\"on\"});}});\n\/* ]]> *\/<\/script><\/div>","protected":false},"excerpt":{"rendered":"<p>#buchtipp &#8222;Reisetipps nach Jahreszeit &#8211; klasse Idee, gut umgesetzt!&#8220; MK Schechler Buchtipp &#8222;Die beste Zeit in Bella Italia&#8220; Italien ist ein Reiseland. Und was f\u00fcr eines: Mit kilometerlangen Sandstr\u00e4nden und versteckten Badebuchten. Mit hohen Bergen nicht nur in Norditalien, sondern auch in der Mitte, nur eine Autostunde von Rom entfernt. Mit St\u00e4dten voller Kunst und [&hellip;]<\/p>\n","protected":false},"author":2,"featured_media":105398,"comment_status":"closed","ping_status":"closed","sticky":false,"template":"","format":"standard","meta":[],"categories":[1],"tags":[266],"_links":{"self":[{"href":"https:\/\/www.n-news.de\/index.php?rest_route=\/wp\/v2\/posts\/112898"}],"collection":[{"href":"https:\/\/www.n-news.de\/index.php?rest_route=\/wp\/v2\/posts"}],"about":[{"href":"https:\/\/www.n-news.de\/index.php?rest_route=\/wp\/v2\/types\/post"}],"author":[{"embeddable":true,"href":"https:\/\/www.n-news.de\/index.php?rest_route=\/wp\/v2\/users\/2"}],"replies":[{"embeddable":true,"href":"https:\/\/www.n-news.de\/index.php?rest_route=%2Fwp%2Fv2%2Fcomments&post=112898"}],"version-history":[{"count":1,"href":"https:\/\/www.n-news.de\/index.php?rest_route=\/wp\/v2\/posts\/112898\/revisions"}],"predecessor-version":[{"id":125141,"href":"https:\/\/www.n-news.de\/index.php?rest_route=\/wp\/v2\/posts\/112898\/revisions\/125141"}],"wp:featuredmedia":[{"embeddable":true,"href":"https:\/\/www.n-news.de\/index.php?rest_route=\/wp\/v2\/media\/105398"}],"wp:attachment":[{"href":"https:\/\/www.n-news.de\/index.php?rest_route=%2Fwp%2Fv2%2Fmedia&parent=112898"}],"wp:term":[{"taxonomy":"category","embeddable":true,"href":"https:\/\/www.n-news.de\/index.php?rest_route=%2Fwp%2Fv2%2Fcategories&post=112898"},{"taxonomy":"post_tag","embeddable":true,"href":"https:\/\/www.n-news.de\/index.php?rest_route=%2Fwp%2Fv2%2Ftags&post=112898"}],"curies":[{"name":"wp","href":"https:\/\/api.w.org\/{rel}","templated":true}]}}