{"id":112133,"date":"2023-12-25T17:09:46","date_gmt":"2023-12-25T16:09:46","guid":{"rendered":"https:\/\/www.n-news.de\/\/?p=112133"},"modified":"2024-11-14T17:02:02","modified_gmt":"2024-11-14T16:02:02","slug":"christoph-sonntag-das-juengste-geriuecht-2023","status":"publish","type":"post","link":"https:\/\/www.n-news.de\/?p=112133","title":{"rendered":"Christoph Sonntag: Das j\u00fcngste Ger(i)\u00fccht 2023"},"content":{"rendered":"<p>#sonntagTV #christophsonntag #swr<\/p>\n<p><strong>###Update &#8211; Gro\u00dfe Foto-Galerie des Events bei uns: <a href=\"http:\/\/www.schechler.com\/mk\/2024\/02\/17\/das-juengste-geriuecht-2\/\" rel=\"noopener noreferrer\" target=\"_blank\">Hier klicken!<\/a>###<\/strong><\/p>\n<h3>Christoph Sonntag: Das j\u00fcngste Ger(i)\u00fccht 2023<\/h3>\n<blockquote><p>Vieles bleibt gleich, einiges hat sich ge\u00e4ndert in gegen\u00fcber den Vorjahren. Zu trinken gibt es jetzt anstatt Schwaben Br\u00e4u das Kellerbier vom Goldenen Ochsen aus Ulm, statt Gaisburger Marsch gibt es Wurstsalat. Mit der Alten Kelter in Fellbach blieb die Location gleich, Sonja Faber-Schrecklein moderiert f\u00fcr den SWR, die Schauspieler sind die gewohnten wie auch die Musik von ErpfenBrass. Und gewohnt verteilt Bruder Christophorus der Landes- und Bundespolitik ausreichend Backpfeifen links wie rechts. Gut so!<br \/>\nMK Schechler, N-News.de<\/p><\/blockquote>\n<p><strong>Gro\u00dfe Foto-Galerie bei uns: <a href=\"https:\/\/www.n-news.de\/mk\/2023\/02\/25\/christoph-sonntag-das-juengste-geriuecht-2023\/\" rel=\"noopener noreferrer\" target=\"_blank\">Hier klicken!<\/a><\/strong><\/p>\n<p>Sendung morgen Abend im SWR Fernsehen<br \/>\nSonntag, 26.02.2023 20:15 Uhr<\/p>\n<div id=\"attachment_112137\" style=\"width: 610px\" class=\"wp-caption alignleft\"><img aria-describedby=\"caption-attachment-112137\" loading=\"lazy\" src=\"https:\/\/www.n-news.de\/wp-content\/uploads\/2023\/02\/DS304463_Radiant.jpg\" alt=\"\" width=\"600\" height=\"400\" class=\"size-full wp-image-112137\" srcset=\"https:\/\/www.n-news.de\/wp-content\/uploads\/2023\/02\/DS304463_Radiant.jpg 600w, https:\/\/www.n-news.de\/wp-content\/uploads\/2023\/02\/DS304463_Radiant-300x200.jpg 300w, https:\/\/www.n-news.de\/wp-content\/uploads\/2023\/02\/DS304463_Radiant-120x80.jpg 120w\" sizes=\"(max-width: 600px) 100vw, 600px\" \/><p id=\"caption-attachment-112137\" class=\"wp-caption-text\">Christoph Sonntag: Das j\u00fcngste Ger(i)\u00fccht 2023<\/p><\/div>\n<p><strong>Christoph Sonntag: Das j\u00fcngste Ger(i)\u00fccht 2023<\/strong><br \/>\nDer himmlische Herold und Fastenprediger Bruder Christophorus alias Starkabarettist Christoph Sonntag hat sich erneut auf Erden angek\u00fcndigt und liest den M\u00e4chtigen aus Politik, Wirtschaft und Gesellschaft bereits zum 11. Mal die Leviten. <\/p>\n<p>Dabei helfen ihm seine kabarettistischen und schauspielerischen Mitstreiter*innen Doris Reichenauer, Thomas Schreckenberger, Boris Rosenberger, Angela Neis und Christian Buse! Das Wanke Ensemble wirft mit den \u201etierischen Politiker-Puppen\u201c einen satirischen Blick auf die ganze Republik. Musik: ErpfenBrass.<\/p>\n<p>Christoph Sonntag: Das j\u00fcngste Ger(i)\u00fccht 2023<br \/>\nAlte Kelter Fellbach<br \/>\n25. Februar 2023 | 11:00 Uhr<\/p>\n<div class=\"twoclick_social_bookmarks_post_112133 social_share_privacy clearfix 1.6.4 locale-de_DE sprite-de_DE\"><\/div><div class=\"twoclick-js\"><script type=\"text\/javascript\">\/* <![CDATA[ *\/\njQuery(document).ready(function($){if($('.twoclick_social_bookmarks_post_112133')){$('.twoclick_social_bookmarks_post_112133').socialSharePrivacy({\"services\":{\"facebook\":{\"status\":\"on\",\"txt_info\":\"\",\"perma_option\":\"off\",\"action\":\"like\",\"language\":\"de_DE\"},\"twitter\":{\"reply_to\":\"nnews_de\",\"tweet_text\":\"Christoph%20Sonntag%3A%20Das%20j%C3%BCngste%20Ger%28i%29%C3%BCcht%202023%20%C2%BB%20N-News.de\",\"status\":\"on\",\"txt_info\":\"\",\"perma_option\":\"off\",\"language\":\"de\",\"referrer_track\":\"\"},\"gplus\":{\"status\":\"on\",\"txt_info\":\"\",\"perma_option\":\"off\",\"referrer_track\":\"\"},\"pinterest\":{\"status\":\"on\",\"the_excerpt\":\"Christoph Sonntag: Das j\\u00fcngste Ger(i)\\u00fccht 2023 &raquo; #sonntagTV #christophsonntag #swr\\r\\n\\r\\n###Update - Gro\\u00dfe Foto-Galeri ...\",\"txt_info\":\"\",\"perma_option\":\"off\",\"media\":\"https:\\\/\\\/www.n-news.de\\\/wp-content\\\/uploads\\\/2023\\\/02\\\/DS304463_Radiant.jpg\"},\"linkedin\":{\"status\":\"on\",\"txt_info\":\"2 Klicks f\\u00fcr mehr Datenschutz: Erst wenn Sie hier klicken, wird der Button aktiv und Sie k\\u00f6nnen Ihre Empfehlung an LinkedIn senden. Schon beim Aktivieren werden Daten an Dritte \\u00fcbertragen - siehe <em>i<\\\/em>.\",\"perma_option\":\"off\"}},\"txt_help\":\"\",\"settings_perma\":\"\",\"info_link\":\"\",\"uri\":\"https:\\\/\\\/www.n-news.de\\\/?p=112133\",\"post_id\":112133,\"post_title_referrer_track\":\"Christoph+Sonntag%3A+Das+j%C3%BCngste+Ger%28i%29%C3%BCcht+2023\",\"display_infobox\":\"on\"});}});\n\/* ]]> *\/<\/script><\/div>","protected":false},"excerpt":{"rendered":"<p>#sonntagTV #christophsonntag #swr ###Update &#8211; Gro\u00dfe Foto-Galerie des Events bei uns: Hier klicken!### Christoph Sonntag: Das j\u00fcngste Ger(i)\u00fccht 2023 Vieles bleibt gleich, einiges hat sich ge\u00e4ndert in gegen\u00fcber den Vorjahren. Zu trinken gibt es jetzt anstatt Schwaben Br\u00e4u das Kellerbier vom Goldenen Ochsen aus Ulm, statt Gaisburger Marsch gibt es Wurstsalat. Mit der Alten Kelter [&hellip;]<\/p>\n","protected":false},"author":2,"featured_media":112137,"comment_status":"closed","ping_status":"closed","sticky":false,"template":"","format":"standard","meta":[],"categories":[1],"tags":[105,120],"_links":{"self":[{"href":"https:\/\/www.n-news.de\/index.php?rest_route=\/wp\/v2\/posts\/112133"}],"collection":[{"href":"https:\/\/www.n-news.de\/index.php?rest_route=\/wp\/v2\/posts"}],"about":[{"href":"https:\/\/www.n-news.de\/index.php?rest_route=\/wp\/v2\/types\/post"}],"author":[{"embeddable":true,"href":"https:\/\/www.n-news.de\/index.php?rest_route=\/wp\/v2\/users\/2"}],"replies":[{"embeddable":true,"href":"https:\/\/www.n-news.de\/index.php?rest_route=%2Fwp%2Fv2%2Fcomments&post=112133"}],"version-history":[{"count":0,"href":"https:\/\/www.n-news.de\/index.php?rest_route=\/wp\/v2\/posts\/112133\/revisions"}],"wp:featuredmedia":[{"embeddable":true,"href":"https:\/\/www.n-news.de\/index.php?rest_route=\/wp\/v2\/media\/112137"}],"wp:attachment":[{"href":"https:\/\/www.n-news.de\/index.php?rest_route=%2Fwp%2Fv2%2Fmedia&parent=112133"}],"wp:term":[{"taxonomy":"category","embeddable":true,"href":"https:\/\/www.n-news.de\/index.php?rest_route=%2Fwp%2Fv2%2Fcategories&post=112133"},{"taxonomy":"post_tag","embeddable":true,"href":"https:\/\/www.n-news.de\/index.php?rest_route=%2Fwp%2Fv2%2Ftags&post=112133"}],"curies":[{"name":"wp","href":"https:\/\/api.w.org\/{rel}","templated":true}]}}