{"id":111771,"date":"2026-03-08T11:26:51","date_gmt":"2026-03-08T10:26:51","guid":{"rendered":"https:\/\/www.n-news.de\/\/?p=111771"},"modified":"2026-02-15T18:20:30","modified_gmt":"2026-02-15T17:20:30","slug":"gruen-statt-grau-gartentrends-dachbegruenung-und-vertical-gardening","status":"publish","type":"post","link":"https:\/\/www.n-news.de\/?p=111771","title":{"rendered":"Gr\u00fcn statt grau: Gartentrends Dachbegr\u00fcnung und Vertical Gardening"},"content":{"rendered":"<p>#dachbegruenung<\/p>\n<p>Worauf m\u00fcssen Mieter, Wohnungs- und Hauseigent\u00fcmer achten?<\/p>\n<h3>Gr\u00fcn statt grau: Gartentrends Dachbegr\u00fcnung und Vertical Gardening<\/h3>\n<p><strong>Viele Stadtmenschen m\u00fcssen auf einen eigenen Garten verzichten. Doch auch in verdichteten Regionen lassen sich gr\u00fcne Oasen schaffen \u2013 etwa durch das Bepflanzen von Terrassen und Balkonen, das sogenannte Vertical Gardening oder die Begr\u00fcnung von D\u00e4chern. Wer zur Miete wohnt, sollte sich jedoch \u00fcber rechtliche Rahmenbedingungen informieren, bevor er zum Baummarkt f\u00e4hrt. Michaela Rassat, Juristin der ERGO Rechtsschutz Leistungs-GmbH, erkl\u00e4rt, welche Regelungen f\u00fcr Mieter, Wohnungs- und Hauseigent\u00fcmer bei Begr\u00fcnungsprojekten gelten. Au\u00dferdem wei\u00df sie, welche F\u00f6rderm\u00f6glichkeiten es gibt.<\/strong><\/p>\n<p><strong>St\u00e4dtischer Trend Vertical Gardening<\/strong><br \/>\nVertical Gardening, also die Begr\u00fcnung senkrechter Fl\u00e4chen, ist eine zunehmend beliebte Form des st\u00e4dtischen G\u00e4rtnerns. \u201eHierbei kommen meist Aufh\u00e4ngevorrichtungen zum Einsatz, die an W\u00e4nden oder an einem Balkon angebracht werden k\u00f6nnen\u201c, erl\u00e4utert Michaela Rassat, Juristin der ERGO Rechtsschutz Leistungs-GmbH. Eine so begr\u00fcnte Wand sieht nicht nur sch\u00f6n aus: Im Hochsommer k\u00fchlen die Pflanzen das Geb\u00e4ude durch Verdunstung, im Winter d\u00e4mmen sie die W\u00e4nde. Inzwischen sind immer \u00f6fter ganze Geb\u00e4udefassaden begr\u00fcnt, so k\u00f6nnen Mieter oder Wohnungseigent\u00fcmer von einem angenehmen Mikroklima im st\u00e4dtischen Umfeld profitieren. Beim Vertical Gardening ist es wichtig, geeignete Pflanzen f\u00fcr den jeweiligen Standort auszusuchen und sicherzustellen, dass die genutzten W\u00e4nde trocken bleiben, um Schimmelbildung zu vermeiden.<\/p>\n<p><strong>Vertikale Gartentr\u00e4ume auf Balkon und Terrasse<\/strong><br \/>\n\u201eUnter bestimmten Voraussetzungen d\u00fcrfen Mieter ihren Balkon oder ihre Terrasse zum horizontalen G\u00e4rtnern nutzen\u201c, wei\u00df Rassat. Zu beachten ist, dass Pflanzbeh\u00e4ltnisse sicher befestigt sind, Mauern und Gel\u00e4nder unbesch\u00e4digt bleiben und die Bepflanzung das Erscheinungsbild des Geb\u00e4udes nicht ver\u00e4ndert. Wer als Mieter L\u00f6cher in Au\u00dfenw\u00e4nde bohren will, um Gestelle zu befestigen, ist mit einer Erlaubnis des Vermieters auf der sicheren Seite. Vorsicht: Beim Anbohren der Au\u00dfenw\u00e4nde k\u00f6nnen Mieter unter Umst\u00e4nden eine W\u00e4rmed\u00e4mmung besch\u00e4digen. Pflanzregale gibt es auch zum Hinstellen, diese sollten jedoch sturmsicher sein. Auch sollte die Begr\u00fcnung Nachbarn nicht beeintr\u00e4chtigen, etwa durch Wasser, das von oben auf ihren Balkon tropft. Manche Gerichte haben sogar schon Blumenk\u00e4sten au\u00dfen an der Balkonbr\u00fcstung untersagt, wenn Gefahren f\u00fcr Dritte nicht ausgeschlossen sind (LG Berlin, Az. 65 S 40\/12). Daher sind die M\u00f6glichkeiten von Mietern leider eingeschr\u00e4nkt. \u201eEine umfassendere Begr\u00fcnung des Hauses ist dem Eigent\u00fcmer vorbehalten\u201c, betont die Rechtsexpertin.<\/p>\n<p><strong>Achtung bei der Pflanzenwahl<\/strong><br \/>\nAuch die Art der Pflanzen sollte sorgf\u00e4ltig \u00fcberlegt sein: Das Landgericht M\u00fcnchen hat vor einigen Jahren entschieden, dass gr\u00f6\u00dfer werdende B\u00e4ume \u2013 in diesem Fall ein Ahornbaum \u2013 auf dem Balkon einer Mietwohnung fehl am Platz sind (Az. 31 S 12371\/16). Auf den Anbau von Kletterpflanzen wie Efeu sollten Mieter ebenfalls besser verzichten, da sie die Fassade besch\u00e4digen k\u00f6nnen und zudem schwer zu entfernen sind. \u201eEntstehen in diesem Zusammenhang Kosten, kann der Vermieter den Mieter daf\u00fcr in Haftung nehmen\u201c, so Rassat. Au\u00dferdem wichtig: Alles, was \u00fcber den eigenen Wohnbereich hinausgeht oder die Nachbarn st\u00f6ren k\u00f6nnte, sollten Mieter mit dem Vermieter und den Nachbarn abkl\u00e4ren. Auch Wohnungseigent\u00fcmer m\u00fcssen sich dann mit der Eigent\u00fcmergemeinschaft abstimmen.<\/p>\n<div id=\"attachment_111772\" style=\"width: 610px\" class=\"wp-caption alignleft\"><img aria-describedby=\"caption-attachment-111772\" loading=\"lazy\" src=\"https:\/\/www.n-news.de\/wp-content\/uploads\/2023\/02\/2023-ERGO-Ratgeber-Vertical-Gardening-Print.jpg\" alt=\"\" width=\"600\" height=\"409\" class=\"size-full wp-image-111772\" srcset=\"https:\/\/www.n-news.de\/wp-content\/uploads\/2023\/02\/2023-ERGO-Ratgeber-Vertical-Gardening-Print.jpg 600w, https:\/\/www.n-news.de\/wp-content\/uploads\/2023\/02\/2023-ERGO-Ratgeber-Vertical-Gardening-Print-300x205.jpg 300w\" sizes=\"(max-width: 600px) 100vw, 600px\" \/><p id=\"caption-attachment-111772\" class=\"wp-caption-text\">Vertikale Gartentr\u00e4ume auf Balkon und Terrasse. Quelle: ERGO Group<\/p><\/div>\n<p><strong>Regelungen f\u00fcrs Eigenheim<\/strong><br \/>\nWichtig: Sogar f\u00fcr Eigenheimbesitzer kann es bei der Fassadenbegr\u00fcnung bestimmte Vorgaben vom Bauamt geben. So d\u00fcrfen die Pflanzen nicht zu sehr in den \u00f6ffentlichen Raum ragen. \u201eVielleicht macht der Bebauungsplan Vorgaben zur Fassadengestaltung. Ist das Geb\u00e4ude denkmalgesch\u00fctzt, kann die Denkmalschutzbeh\u00f6rde \u00e4u\u00dferliche Ver\u00e4nderungen untersagen und wom\u00f6glich F\u00f6rdergelder zur\u00fcckverlangen\u201c, informiert Rassat. \u201eHier hei\u00dft es also: erst nachfragen.\u201c War ein Baudenkmal auch fr\u00fcher schon von au\u00dfen begr\u00fcnt, hat die Beh\u00f6rde in der Regel keine Einw\u00e4nde.<\/p>\n<p><strong>Es gr\u00fcnt auf deutschen D\u00e4chern<\/strong><br \/>\nDie Dachbegr\u00fcnung erfreut sich hierzulande ebenfalls gro\u00dfer Beliebtheit. Da Dachfl\u00e4chen nur selten zu den vermieteten Fl\u00e4chen geh\u00f6ren, haben Mieter in den meisten F\u00e4llen keine Mitgestaltungsm\u00f6glichkeiten. \u201eDie Dachbegr\u00fcnung ist dann allein Sache des Hauseigent\u00fcmers\u201c, erl\u00e4utert die Rechtsexpertin. Zu unterscheiden ist zwischen der extensiven Dachbegr\u00fcnung, also klassischen Gr\u00fcnd\u00e4chern mit einer d\u00fcnnen Substratschicht und robusten Pflanzen wie Flechten, Wildkr\u00e4utern oder Moosen, und der intensiven Dachbegr\u00fcnung, bei der auf dem Dach ein richtiger Garten mit gr\u00f6\u00dferen Pflanzen entsteht. Hierf\u00fcr ist eine dickere Substratschicht erforderlich. Aufgrund des Gewichts von Substrat und Pflanzen und der erh\u00f6hten Wasserspeicherkapazit\u00e4t ist es bei Dachg\u00e4rten notwendig, die Tragf\u00e4higkeit des Daches vorab zu pr\u00fcfen und die geltenden Richtlinien zu beachten. \u201eZudem m\u00fcssen Eigent\u00fcmer je nach Landesrecht insbesondere f\u00fcr die intensive Variante unter Umst\u00e4nden eine Baugenehmigung einholen\u201c, erg\u00e4nzt Rassat.<\/p>\n<p><strong>F\u00f6rderprogramme f\u00fcr Dach- und Fassadenbegr\u00fcnung<\/strong><br \/>\nViele Kommunen bieten privaten Immobilienbesitzern F\u00f6rderprogramme f\u00fcr die bodengebundene Begr\u00fcnung von Fassaden sowie f\u00fcr die Bepflanzung von Haus-, Garagen- oder Carportd\u00e4chern. Bei neu ausgewiesenen Baugebieten schreiben sie eine Dachbegr\u00fcnung h\u00e4ufig sogar im Bebauungsplan vor. Wer an einer Bepflanzung interessiert ist, sollte sich beim zust\u00e4ndigen Bauamt \u00fcber m\u00f6gliche Zusch\u00fcsse informieren. Auch bei der KfW oder dem BAFA (Bundesamt f\u00fcr Wirtschaft und Ausfuhrkontrolle) gibt es immer wieder F\u00f6rderm\u00f6glichkeiten, vor allem, wenn die Dachbegr\u00fcnung mit einer W\u00e4rmed\u00e4mmung einhergeht. Denn: \u201e\u00dcber ihre dekorativen Eigenschaften hinaus kommt eine Dachbegr\u00fcnung in manchen F\u00e4llen auch zur W\u00e4rmed\u00e4mmung von Geb\u00e4uden infrage\u201c, wei\u00df Rassat. \u201eInteressierte sollten F\u00f6rderantr\u00e4ge immer vor dem Beginn der Arbeiten stellen.\u201c Ohne F\u00f6rderung k\u00f6nnen Eigent\u00fcmer die Kosten von der Steuer absetzen.<\/p>\n<p>Quelle: ERGO Group<\/p>\n<div class=\"twoclick_social_bookmarks_post_111771 social_share_privacy clearfix 1.6.4 locale-de_DE sprite-de_DE\"><\/div><div class=\"twoclick-js\"><script type=\"text\/javascript\">\/* <![CDATA[ *\/\njQuery(document).ready(function($){if($('.twoclick_social_bookmarks_post_111771')){$('.twoclick_social_bookmarks_post_111771').socialSharePrivacy({\"services\":{\"facebook\":{\"status\":\"on\",\"txt_info\":\"\",\"perma_option\":\"off\",\"action\":\"like\",\"language\":\"de_DE\"},\"twitter\":{\"reply_to\":\"nnews_de\",\"tweet_text\":\"%20Gr%C3%BCn%20statt%20grau%3A%20Gartentrends%20Dachbegr%C3%BCnung%20und%20Vertical%20Gardening%20...\",\"status\":\"on\",\"txt_info\":\"\",\"perma_option\":\"off\",\"language\":\"de\",\"referrer_track\":\"\"},\"gplus\":{\"status\":\"on\",\"txt_info\":\"\",\"perma_option\":\"off\",\"referrer_track\":\"\"},\"pinterest\":{\"status\":\"on\",\"the_excerpt\":\"Gr\\u00fcn statt grau: Gartentrends Dachbegr\\u00fcnung und Vertical Gardening &raquo; #dachbegruenung\\r\\n\\r\\nWorauf m\\u00fcssen Mieter, Wohnungs- und Hauseigent\\u00fc ...\",\"txt_info\":\"\",\"perma_option\":\"off\",\"media\":\"https:\\\/\\\/www.n-news.de\\\/wp-content\\\/uploads\\\/2023\\\/02\\\/2023-ERGO-Ratgeber-Vertical-Gardening-Print.jpg\"},\"linkedin\":{\"status\":\"on\",\"txt_info\":\"2 Klicks f\\u00fcr mehr Datenschutz: Erst wenn Sie hier klicken, wird der Button aktiv und Sie k\\u00f6nnen Ihre Empfehlung an LinkedIn senden. Schon beim Aktivieren werden Daten an Dritte \\u00fcbertragen - siehe <em>i<\\\/em>.\",\"perma_option\":\"off\"}},\"txt_help\":\"\",\"settings_perma\":\"\",\"info_link\":\"\",\"uri\":\"https:\\\/\\\/www.n-news.de\\\/?p=111771\",\"post_id\":111771,\"post_title_referrer_track\":\"Gr%C3%BCn+statt+grau%3A+Gartentrends+Dachbegr%C3%BCnung+und+Vertical+Gardening\",\"display_infobox\":\"on\"});}});\n\/* ]]> *\/<\/script><\/div>","protected":false},"excerpt":{"rendered":"<p>#dachbegruenung Worauf m\u00fcssen Mieter, Wohnungs- und Hauseigent\u00fcmer achten? Gr\u00fcn statt grau: Gartentrends Dachbegr\u00fcnung und Vertical Gardening Viele Stadtmenschen m\u00fcssen auf einen eigenen Garten verzichten. Doch auch in verdichteten Regionen lassen sich gr\u00fcne Oasen schaffen \u2013 etwa durch das Bepflanzen von Terrassen und Balkonen, das sogenannte Vertical Gardening oder die Begr\u00fcnung von D\u00e4chern. Wer zur Miete [&hellip;]<\/p>\n","protected":false},"author":2,"featured_media":111772,"comment_status":"closed","ping_status":"closed","sticky":false,"template":"","format":"standard","meta":[],"categories":[1],"tags":[6,218,330,7],"_links":{"self":[{"href":"https:\/\/www.n-news.de\/index.php?rest_route=\/wp\/v2\/posts\/111771"}],"collection":[{"href":"https:\/\/www.n-news.de\/index.php?rest_route=\/wp\/v2\/posts"}],"about":[{"href":"https:\/\/www.n-news.de\/index.php?rest_route=\/wp\/v2\/types\/post"}],"author":[{"embeddable":true,"href":"https:\/\/www.n-news.de\/index.php?rest_route=\/wp\/v2\/users\/2"}],"replies":[{"embeddable":true,"href":"https:\/\/www.n-news.de\/index.php?rest_route=%2Fwp%2Fv2%2Fcomments&post=111771"}],"version-history":[{"count":1,"href":"https:\/\/www.n-news.de\/index.php?rest_route=\/wp\/v2\/posts\/111771\/revisions"}],"predecessor-version":[{"id":124938,"href":"https:\/\/www.n-news.de\/index.php?rest_route=\/wp\/v2\/posts\/111771\/revisions\/124938"}],"wp:featuredmedia":[{"embeddable":true,"href":"https:\/\/www.n-news.de\/index.php?rest_route=\/wp\/v2\/media\/111772"}],"wp:attachment":[{"href":"https:\/\/www.n-news.de\/index.php?rest_route=%2Fwp%2Fv2%2Fmedia&parent=111771"}],"wp:term":[{"taxonomy":"category","embeddable":true,"href":"https:\/\/www.n-news.de\/index.php?rest_route=%2Fwp%2Fv2%2Fcategories&post=111771"},{"taxonomy":"post_tag","embeddable":true,"href":"https:\/\/www.n-news.de\/index.php?rest_route=%2Fwp%2Fv2%2Ftags&post=111771"}],"curies":[{"name":"wp","href":"https:\/\/api.w.org\/{rel}","templated":true}]}}