{"id":111592,"date":"2026-01-29T07:32:24","date_gmt":"2026-01-29T06:32:24","guid":{"rendered":"https:\/\/www.n-news.de\/\/?p=111592"},"modified":"2025-12-27T11:40:05","modified_gmt":"2025-12-27T10:40:05","slug":"mit-daten-gegen-staus-und-volle-bahnen","status":"publish","type":"post","link":"https:\/\/www.n-news.de\/?p=111592","title":{"rendered":"Mit Daten gegen Staus und volle Bahnen"},"content":{"rendered":"<p>#stau #bitkom<\/p>\n<h3>Mit Daten gegen Staus und volle Bahnen<\/h3>\n<p><strong>Die gro\u00dfe Mehrheit der Deutschen ist bereit, anonymisierte Daten \u00fcber ihr Mobilit\u00e4tsverhalten zur Verf\u00fcgung zu stellen. 89 Prozent w\u00fcrden solche Informationen etwa \u00fcber Wege zum Arbeitsplatz, die Nutzung des eigenen Autos und die aktuelle Verkehrslage oder Fahrten mit Bus und Bahn zumindest unter bestimmten Voraussetzungen teilen. <\/strong><\/p>\n<p>Nur 8 Prozent w\u00e4ren dazu auf keinen Fall bereit, 3 Prozent haben sich dazu noch keine Meinung gebildet oder wollen keine Angaben machen. Das sind Ergebnisse einer repr\u00e4sentativen Befragung im Auftrag des Digitalverbands Bitkom unter 1.005 Personen ab 16 Jahren in Deutschland. Solche Mobilit\u00e4tsdaten sind wichtig f\u00fcr die Verkehrsplanung oder f\u00fcr Forschungseinrichtungen, liegen bislang aber in der Regel nur bei einzelnen Unternehmen vor. Sie k\u00f6nnen aber auch \u00d6PNV-Unternehmen oder anderen Mobilit\u00e4tsanbietern helfen, dort Angebote zu machen, wo sie ben\u00f6tigt werden oder die vorhandenen L\u00f6sungen zu verbessern. \u201eWir m\u00fcssen Daten gezielter einsetzen. Mit Daten k\u00f6nnen wir den Verkehr klimaschonender, sicherer, komfortabler und zuverl\u00e4ssiger machen\u201c, sagt Bitkom-Pr\u00e4sident Achim Berg. \u201eDie Menschen sind bereit, ihre Daten bereitzustellen. Das zeigt deutlich: Digitale Mobilit\u00e4t kommt bei der Bev\u00f6lkerung an. Wir m\u00fcssen jetzt auch die Rahmenbedingungen daf\u00fcr schaffen, um Deutschlands Mobilit\u00e4t auf Basis eines souver\u00e4nen und fairen Datenaustausches auf die n\u00e4chste Stufe zu heben.\u201c<\/p>\n<p><img loading=\"lazy\" src=\"https:\/\/www.n-news.de\/wp-content\/uploads\/2023\/01\/230123-PI-Teilen-von-Mobilitatsdaten-Print.jpg\" alt=\"\" width=\"600\" height=\"338\" class=\"alignleft size-full wp-image-111593\" srcset=\"https:\/\/www.n-news.de\/wp-content\/uploads\/2023\/01\/230123-PI-Teilen-von-Mobilitatsdaten-Print.jpg 600w, https:\/\/www.n-news.de\/wp-content\/uploads\/2023\/01\/230123-PI-Teilen-von-Mobilitatsdaten-Print-300x169.jpg 300w\" sizes=\"(max-width: 600px) 100vw, 600px\" \/><\/p>\n<p>Zwei Drittel (63 Prozent) w\u00fcrden ihre pers\u00f6nlichen Mobilit\u00e4tsdaten zur Verf\u00fcgung stellen, wenn damit bestehende Mobilit\u00e4tsangebote verbessert werden, 56 Prozent wenn sich der Verkehrsfluss auf ihrer eigenen Route dadurch verbessert und 44 Prozent wenn sie im Gegenzug Zugriff auf Daten und Statistiken erhalten. Rund ein Drittel (32 Prozent) w\u00e4re zum Daten-Teilen bereit, wenn damit die \u00f6ffentliche Forschung unterst\u00fctzt wird. Und 16 Prozent k\u00f6nnen sich das vorstellen, falls sie selbst dadurch finanzielle Vorteile h\u00e4tten. Jede und jeder Neunte (11 Prozent) kn\u00fcpft dagegen seine Bereitschaft zur Datenbereitstellung an keine weiteren Bedingungen. <\/p>\n<p>Hinweis zur Methodik: Grundlage der Angaben ist eine Umfrage, die Bitkom Research im Auftrag des Digitalverband Bitkom durchgef\u00fchrt hat. Dabei wurden 1.005 Personen ab 16 Jahren in Deutschland telefonisch befragt. Die Umfrage ist repr\u00e4sentativ. Die Fragestellung lautete \u201eVorausgesetzt, Ihre Daten sind optimal gesch\u00fctzt: Unter welchen Bedingungen w\u00e4ren Sie bereit, Ihre pers\u00f6nlichen Mobilit\u00e4tsdaten, also etwa Daten zu Staus oder zu Ihren genutzten Verkehrsmitteln, in anonymisierter Form automatisch zur Verf\u00fcgung zu stellen?\u201c<\/p>\n<div class=\"twoclick_social_bookmarks_post_111592 social_share_privacy clearfix 1.6.4 locale-de_DE sprite-de_DE\"><\/div><div class=\"twoclick-js\"><script type=\"text\/javascript\">\/* <![CDATA[ *\/\njQuery(document).ready(function($){if($('.twoclick_social_bookmarks_post_111592')){$('.twoclick_social_bookmarks_post_111592').socialSharePrivacy({\"services\":{\"facebook\":{\"status\":\"on\",\"txt_info\":\"\",\"perma_option\":\"off\",\"action\":\"like\",\"language\":\"de_DE\"},\"twitter\":{\"reply_to\":\"nnews_de\",\"tweet_text\":\"Mit%20Daten%20gegen%20Staus%20und%20volle%20Bahnen%20%C2%BB%20N-News.de\",\"status\":\"on\",\"txt_info\":\"\",\"perma_option\":\"off\",\"language\":\"de\",\"referrer_track\":\"\"},\"gplus\":{\"status\":\"on\",\"txt_info\":\"\",\"perma_option\":\"off\",\"referrer_track\":\"\"},\"pinterest\":{\"status\":\"on\",\"the_excerpt\":\"Mit Daten gegen Staus und volle Bahnen &raquo; #stau #bitkom\\r\\n\\r\\nMit Daten gegen Staus und volle Bahnen\\r\\n\\r\\nDie gro ...\",\"txt_info\":\"\",\"perma_option\":\"off\",\"media\":\"https:\\\/\\\/www.n-news.de\\\/wp-content\\\/uploads\\\/2023\\\/01\\\/230123-PI-Teilen-von-Mobilitatsdaten-Print.jpg\"},\"linkedin\":{\"status\":\"on\",\"txt_info\":\"2 Klicks f\\u00fcr mehr Datenschutz: Erst wenn Sie hier klicken, wird der Button aktiv und Sie k\\u00f6nnen Ihre Empfehlung an LinkedIn senden. Schon beim Aktivieren werden Daten an Dritte \\u00fcbertragen - siehe <em>i<\\\/em>.\",\"perma_option\":\"off\"}},\"txt_help\":\"\",\"settings_perma\":\"\",\"info_link\":\"\",\"uri\":\"https:\\\/\\\/www.n-news.de\\\/?p=111592\",\"post_id\":111592,\"post_title_referrer_track\":\"Mit+Daten+gegen+Staus+und+volle+Bahnen\",\"display_infobox\":\"on\"});}});\n\/* ]]> *\/<\/script><\/div>","protected":false},"excerpt":{"rendered":"<p>#stau #bitkom Mit Daten gegen Staus und volle Bahnen Die gro\u00dfe Mehrheit der Deutschen ist bereit, anonymisierte Daten \u00fcber ihr Mobilit\u00e4tsverhalten zur Verf\u00fcgung zu stellen. 89 Prozent w\u00fcrden solche Informationen etwa \u00fcber Wege zum Arbeitsplatz, die Nutzung des eigenen Autos und die aktuelle Verkehrslage oder Fahrten mit Bus und Bahn zumindest unter bestimmten Voraussetzungen teilen. [&hellip;]<\/p>\n","protected":false},"author":2,"featured_media":111593,"comment_status":"closed","ping_status":"closed","sticky":false,"template":"","format":"standard","meta":[],"categories":[1],"tags":[8,61],"_links":{"self":[{"href":"https:\/\/www.n-news.de\/index.php?rest_route=\/wp\/v2\/posts\/111592"}],"collection":[{"href":"https:\/\/www.n-news.de\/index.php?rest_route=\/wp\/v2\/posts"}],"about":[{"href":"https:\/\/www.n-news.de\/index.php?rest_route=\/wp\/v2\/types\/post"}],"author":[{"embeddable":true,"href":"https:\/\/www.n-news.de\/index.php?rest_route=\/wp\/v2\/users\/2"}],"replies":[{"embeddable":true,"href":"https:\/\/www.n-news.de\/index.php?rest_route=%2Fwp%2Fv2%2Fcomments&post=111592"}],"version-history":[{"count":1,"href":"https:\/\/www.n-news.de\/index.php?rest_route=\/wp\/v2\/posts\/111592\/revisions"}],"predecessor-version":[{"id":124384,"href":"https:\/\/www.n-news.de\/index.php?rest_route=\/wp\/v2\/posts\/111592\/revisions\/124384"}],"wp:featuredmedia":[{"embeddable":true,"href":"https:\/\/www.n-news.de\/index.php?rest_route=\/wp\/v2\/media\/111593"}],"wp:attachment":[{"href":"https:\/\/www.n-news.de\/index.php?rest_route=%2Fwp%2Fv2%2Fmedia&parent=111592"}],"wp:term":[{"taxonomy":"category","embeddable":true,"href":"https:\/\/www.n-news.de\/index.php?rest_route=%2Fwp%2Fv2%2Fcategories&post=111592"},{"taxonomy":"post_tag","embeddable":true,"href":"https:\/\/www.n-news.de\/index.php?rest_route=%2Fwp%2Fv2%2Ftags&post=111592"}],"curies":[{"name":"wp","href":"https:\/\/api.w.org\/{rel}","templated":true}]}}